{"id":48625,"date":"2024-03-19T10:54:13","date_gmt":"2024-03-19T13:54:13","guid":{"rendered":"https:\/\/temucotelevision.cl\/web\/?p=48625"},"modified":"2024-03-19T10:54:13","modified_gmt":"2024-03-19T13:54:13","slug":"pucon-inician-travesia-tierra-indomita-vulcana-2024","status":"publish","type":"post","link":"https:\/\/temucotelevision.cl\/web\/2024\/03\/19\/pucon-inician-travesia-tierra-indomita-vulcana-2024\/","title":{"rendered":"Puc\u00f3n: Inician traves\u00eda Tierra Ind\u00f3mita Vulcana 2024"},"content":{"rendered":"<div class=\"pvc_clear\"><\/div><p id=\"pvc_stats_48625\" class=\"pvc_stats total_only  \" data-element-id=\"48625\" style=\"\"><i class=\"pvc-stats-icon large\" aria-hidden=\"true\"><svg aria-hidden=\"true\" focusable=\"false\" data-prefix=\"far\" data-icon=\"chart-bar\" role=\"img\" xmlns=\"http:\/\/www.w3.org\/2000\/svg\" viewBox=\"0 0 512 512\" class=\"svg-inline--fa fa-chart-bar fa-w-16 fa-2x\"><path fill=\"currentColor\" d=\"M396.8 352h22.4c6.4 0 12.8-6.4 12.8-12.8V108.8c0-6.4-6.4-12.8-12.8-12.8h-22.4c-6.4 0-12.8 6.4-12.8 12.8v230.4c0 6.4 6.4 12.8 12.8 12.8zm-192 0h22.4c6.4 0 12.8-6.4 12.8-12.8V140.8c0-6.4-6.4-12.8-12.8-12.8h-22.4c-6.4 0-12.8 6.4-12.8 12.8v198.4c0 6.4 6.4 12.8 12.8 12.8zm96 0h22.4c6.4 0 12.8-6.4 12.8-12.8V204.8c0-6.4-6.4-12.8-12.8-12.8h-22.4c-6.4 0-12.8 6.4-12.8 12.8v134.4c0 6.4 6.4 12.8 12.8 12.8zM496 400H48V80c0-8.84-7.16-16-16-16H16C7.16 64 0 71.16 0 80v336c0 17.67 14.33 32 32 32h464c8.84 0 16-7.16 16-16v-16c0-8.84-7.16-16-16-16zm-387.2-48h22.4c6.4 0 12.8-6.4 12.8-12.8v-70.4c0-6.4-6.4-12.8-12.8-12.8h-22.4c-6.4 0-12.8 6.4-12.8 12.8v70.4c0 6.4 6.4 12.8 12.8 12.8z\" class=\"\"><\/path><\/svg><\/i> <img loading=\"lazy\" decoding=\"async\" width=\"16\" height=\"16\" alt=\"Loading\" src=\"https:\/\/temucotelevision.cl\/web\/wp-content\/plugins\/page-views-count\/ajax-loader-2x.gif\" border=0 \/><\/p><div class=\"pvc_clear\"><\/div>\n<p>Desde la ma\u00f1ana de este domingo se est\u00e1 desarrollando en Puc\u00f3n la fecha mundial de carreras de aventura, \u201cTierra Ind\u00f3mita \u2013 Vulcania 2024\u201d, importante competencia donde deportistas de equipos locales y extranjeros recorren 500 km de la zona lacustre realizando kayak, bicicleta y trekking; encontrando distintos hitos que suman puntaje y que coronar\u00e1n a los m\u00e1s h\u00e1biles y veloces cuando el desaf\u00edo concluya el pr\u00f3ximo&nbsp;viernes.<\/p>\n\n\n\n<p>En tanto, Nelson Y\u00e1\u00f1ez, director de prueba de la traves\u00eda \u2018Tierra Ind\u00f3mita\u2019, detall\u00f3 cu\u00e1les son los principales desaf\u00edos que tienen que sortear los deportistas. \u201cEsta es una carrera de aventura con tres disciplinas, trekking, mountain bike, y kayak; no hay ninguna ruta definida, solamente son puestos de control que tienen que encontrar con la ayuda de una br\u00fajula y un mapa; es como la b\u00fasqueda del tesoro, pero para adultos y con una distancia enorme de 500 kil\u00f3metros\u201d.<\/p>\n\n\n\n<p>\u201cHay cuatro equipos chilenos, tres equipos argentinos, uruguayos, canadienses, franceses y espa\u00f1oles. Siempre les encanta volver a Puc\u00f3n y ver este paisaje salvaje entre volcanes, lagos, monta\u00f1as y r\u00edos\u201d, agreg\u00f3.<\/p>\n\n\n\n<p>Por otro lado, Aldo Garrido, coordinador de Deportes de la Municipalidad de Puc\u00f3n, se mostr\u00f3 contento por el desarrollo de eventos deportivos de convocatoria mundial. \u201cLe agradecemos a Nelson Y\u00e1\u00f1ez que nos trae esta competencia a Puc\u00f3n, pr\u00e1cticamente un hito de seis d\u00edas de carrera con un entorno natural incre\u00edble, donde como municipio se ha prestado todo el apoyo a la organizaci\u00f3n con un evento que impulsa a\u00fan m\u00e1s el turismo deportivo\u201d, concluy\u00f3.<\/p>\n\n\n\n<p>Finalmente, esta es una fecha del circuito mundial de carreras de aventura y es la primera en el continente americano este a\u00f1o. Todo se sigue a trav\u00e9s de las p\u00e1ginas de la \u201cAR World Series\u201d y \u201cTierraInd\u00f3mitaAR\u201d en Facebook e Instagram, donde se puede ver en qu\u00e9 parte van los corredores y participar de esta experiencia \u00fanica en el pa\u00eds.<\/p>\n","protected":false},"excerpt":{"rendered":"<div class=\"pvc_clear\"><\/div>\n<p id=\"pvc_stats_48625\" class=\"pvc_stats total_only  \" data-element-id=\"48625\" style=\"\"><i class=\"pvc-stats-icon large\" aria-hidden=\"true\"><svg aria-hidden=\"true\" focusable=\"false\" data-prefix=\"far\" data-icon=\"chart-bar\" role=\"img\" xmlns=\"http:\/\/www.w3.org\/2000\/svg\" viewBox=\"0 0 512 512\" class=\"svg-inline--fa fa-chart-bar fa-w-16 fa-2x\"><path fill=\"currentColor\" d=\"M396.8 352h22.4c6.4 0 12.8-6.4 12.8-12.8V108.8c0-6.4-6.4-12.8-12.8-12.8h-22.4c-6.4 0-12.8 6.4-12.8 12.8v230.4c0 6.4 6.4 12.8 12.8 12.8zm-192 0h22.4c6.4 0 12.8-6.4 12.8-12.8V140.8c0-6.4-6.4-12.8-12.8-12.8h-22.4c-6.4 0-12.8 6.4-12.8 12.8v198.4c0 6.4 6.4 12.8 12.8 12.8zm96 0h22.4c6.4 0 12.8-6.4 12.8-12.8V204.8c0-6.4-6.4-12.8-12.8-12.8h-22.4c-6.4 0-12.8 6.4-12.8 12.8v134.4c0 6.4 6.4 12.8 12.8 12.8zM496 400H48V80c0-8.84-7.16-16-16-16H16C7.16 64 0 71.16 0 80v336c0 17.67 14.33 32 32 32h464c8.84 0 16-7.16 16-16v-16c0-8.84-7.16-16-16-16zm-387.2-48h22.4c6.4 0 12.8-6.4 12.8-12.8v-70.4c0-6.4-6.4-12.8-12.8-12.8h-22.4c-6.4 0-12.8 6.4-12.8 12.8v70.4c0 6.4 6.4 12.8 12.8 12.8z\" class=\"\"><\/path><\/svg><\/i> <img loading=\"lazy\" decoding=\"async\" width=\"16\" height=\"16\" alt=\"Loading\" src=\"https:\/\/temucotelevision.cl\/web\/wp-content\/plugins\/page-views-count\/ajax-loader-2x.gif\" border=0 \/><\/p>\n<div class=\"pvc_clear\"><\/div>\n<p>Desde la ma\u00f1ana de este domingo se est\u00e1 desarrollando en Puc\u00f3n la fecha mundial de carreras de aventura, \u201cTierra Ind\u00f3mita<\/p>\n","protected":false},"author":1,"featured_media":48626,"comment_status":"open","ping_status":"open","sticky":false,"template":"","format":"standard","meta":{"colormag_page_container_layout":"default_layout","colormag_page_sidebar_layout":"default_layout","footnotes":""},"categories":[86],"tags":[161],"class_list":["post-48625","post","type-post","status-publish","format-standard","has-post-thumbnail","hentry","category-panoramas","tag-pucon"],"a3_pvc":{"activated":true,"total_views":1070,"today_views":0},"_links":{"self":[{"href":"https:\/\/temucotelevision.cl\/web\/wp-json\/wp\/v2\/posts\/48625","targetHints":{"allow":["GET"]}}],"collection":[{"href":"https:\/\/temucotelevision.cl\/web\/wp-json\/wp\/v2\/posts"}],"about":[{"href":"https:\/\/temucotelevision.cl\/web\/wp-json\/wp\/v2\/types\/post"}],"author":[{"embeddable":true,"href":"https:\/\/temucotelevision.cl\/web\/wp-json\/wp\/v2\/users\/1"}],"replies":[{"embeddable":true,"href":"https:\/\/temucotelevision.cl\/web\/wp-json\/wp\/v2\/comments?post=48625"}],"version-history":[{"count":1,"href":"https:\/\/temucotelevision.cl\/web\/wp-json\/wp\/v2\/posts\/48625\/revisions"}],"predecessor-version":[{"id":48627,"href":"https:\/\/temucotelevision.cl\/web\/wp-json\/wp\/v2\/posts\/48625\/revisions\/48627"}],"wp:featuredmedia":[{"embeddable":true,"href":"https:\/\/temucotelevision.cl\/web\/wp-json\/wp\/v2\/media\/48626"}],"wp:attachment":[{"href":"https:\/\/temucotelevision.cl\/web\/wp-json\/wp\/v2\/media?parent=48625"}],"wp:term":[{"taxonomy":"category","embeddable":true,"href":"https:\/\/temucotelevision.cl\/web\/wp-json\/wp\/v2\/categories?post=48625"},{"taxonomy":"post_tag","embeddable":true,"href":"https:\/\/temucotelevision.cl\/web\/wp-json\/wp\/v2\/tags?post=48625"}],"curies":[{"name":"wp","href":"https:\/\/api.w.org\/{rel}","templated":true}]}}