{"id":48622,"date":"2024-03-18T21:09:47","date_gmt":"2024-03-19T00:09:47","guid":{"rendered":"https:\/\/temucotelevision.cl\/web\/?p=48622"},"modified":"2024-03-18T21:09:47","modified_gmt":"2024-03-19T00:09:47","slug":"una-verguenza-diputado-jorge-guzman-emplazo-a-ministro-cataldo-por-crisis-educacional-que-mantiene-a-3000-estudiantes-sin-matriculas","status":"publish","type":"post","link":"https:\/\/temucotelevision.cl\/web\/2024\/03\/18\/una-verguenza-diputado-jorge-guzman-emplazo-a-ministro-cataldo-por-crisis-educacional-que-mantiene-a-3000-estudiantes-sin-matriculas\/","title":{"rendered":"\u201cUna verg\u00fcenza\u201d: Diputado Jorge Guzm\u00e1n emplaz\u00f3 a ministro Cataldo por crisis educacional que mantiene a 3000 estudiantes sin matr\u00edculas"},"content":{"rendered":"<div class=\"pvc_clear\"><\/div><p id=\"pvc_stats_48622\" class=\"pvc_stats total_only  \" data-element-id=\"48622\" style=\"\"><i class=\"pvc-stats-icon large\" aria-hidden=\"true\"><svg aria-hidden=\"true\" focusable=\"false\" data-prefix=\"far\" data-icon=\"chart-bar\" role=\"img\" xmlns=\"http:\/\/www.w3.org\/2000\/svg\" viewBox=\"0 0 512 512\" class=\"svg-inline--fa fa-chart-bar fa-w-16 fa-2x\"><path fill=\"currentColor\" d=\"M396.8 352h22.4c6.4 0 12.8-6.4 12.8-12.8V108.8c0-6.4-6.4-12.8-12.8-12.8h-22.4c-6.4 0-12.8 6.4-12.8 12.8v230.4c0 6.4 6.4 12.8 12.8 12.8zm-192 0h22.4c6.4 0 12.8-6.4 12.8-12.8V140.8c0-6.4-6.4-12.8-12.8-12.8h-22.4c-6.4 0-12.8 6.4-12.8 12.8v198.4c0 6.4 6.4 12.8 12.8 12.8zm96 0h22.4c6.4 0 12.8-6.4 12.8-12.8V204.8c0-6.4-6.4-12.8-12.8-12.8h-22.4c-6.4 0-12.8 6.4-12.8 12.8v134.4c0 6.4 6.4 12.8 12.8 12.8zM496 400H48V80c0-8.84-7.16-16-16-16H16C7.16 64 0 71.16 0 80v336c0 17.67 14.33 32 32 32h464c8.84 0 16-7.16 16-16v-16c0-8.84-7.16-16-16-16zm-387.2-48h22.4c6.4 0 12.8-6.4 12.8-12.8v-70.4c0-6.4-6.4-12.8-12.8-12.8h-22.4c-6.4 0-12.8 6.4-12.8 12.8v70.4c0 6.4 6.4 12.8 12.8 12.8z\" class=\"\"><\/path><\/svg><\/i> <img loading=\"lazy\" decoding=\"async\" width=\"16\" height=\"16\" alt=\"Loading\" src=\"https:\/\/temucotelevision.cl\/web\/wp-content\/plugins\/page-views-count\/ajax-loader-2x.gif\" border=0 \/><\/p><div class=\"pvc_clear\"><\/div>\n<ul class=\"wp-block-list\">\n<li><em>El parlamentario ofici\u00f3 a las autoridades involucradas y pidi\u00f3 a la Defensor\u00eda de la Ni\u00f1ez evaluar acciones judiciales.<\/em><\/li>\n<\/ul>\n\n\n\n<p>&nbsp;&nbsp;&nbsp;&nbsp; El diputado Ev\u00f3poli, Jorge Guzm\u00e1n, calific\u00f3 como \u201cimpresentable\u201d y \u201cuna verg\u00fcenza\u201d la actual crisis en educaci\u00f3n que mantiene a 3000 estudiantes sin matr\u00edculas, por falta de cupos en colegios en todo el pa\u00eds.<\/p>\n\n\n\n<p>&nbsp;&nbsp;&nbsp; Esta problem\u00e1tica ha evidenciado una grave falla en el sistema educativo, generando angustia en numerosas familias que, a pesar de sus esfuerzos y m\u00faltiples postulaciones, no logran asegurar un lugar para sus hijos en establecimientos educacionales.<\/p>\n\n\n\n<p>&nbsp;&nbsp;&nbsp; \u201cEs impresentable y es una verg\u00fcenza que el Ministro de Educaci\u00f3n, Nicol\u00e1s Cataldo, est\u00e9 culpando a los propios padres y a los ni\u00f1os producto de su ineficiencia. No fue capaz de prever y planificar adecuadamente el ingreso a clase. Hoy d\u00eda tenemos 3.000 estudiantes en Chile que no tienen establecimiento educacional\u201d, coment\u00f3 el legislador.<\/p>\n\n\n\n<p>&nbsp;&nbsp;&nbsp;&nbsp; Frente a esta situaci\u00f3n, el parlamentario ofici\u00f3 al ministro de Educaci\u00f3n, Nicol\u00e1s Cataldo, a la Subsecretar\u00eda y Superintendencia de Educaci\u00f3n y a la Defensor\u00eda de la Ni\u00f1ez para que respondan por esta crisis y, en el caso de este \u00faltimo organismo, eval\u00fae acciones judiciales en defensa de los derechos de los ni\u00f1os y adolescentes afectados.<\/p>\n\n\n\n<p>&nbsp; \u201cMinistro, h\u00e1gase cargo de dar respuesta a los estudiantes de Chile y resuelva los problemas que usted ha generado\u201d, subray\u00f3 la autoridad.<\/p>\n\n\n\n<p>&nbsp;&nbsp;&nbsp; Con esta medida, el diputado Guzm\u00e1n busca que se realice una investigaci\u00f3n exhaustiva de las causas que han generado la falta de cupos, identificando medidas administrativas y legislativas urgentes. Tambi\u00e9n espera que se entregue informaci\u00f3n sobre los mecanismos de fiscalizaci\u00f3n para asegurar el cumplimiento de la normativa vigente y proteger los derechos de los estudiantes que todav\u00eda no pueden iniciar su a\u00f1o escolar.<\/p>\n","protected":false},"excerpt":{"rendered":"<div class=\"pvc_clear\"><\/div>\n<p id=\"pvc_stats_48622\" class=\"pvc_stats total_only  \" data-element-id=\"48622\" style=\"\"><i class=\"pvc-stats-icon large\" aria-hidden=\"true\"><svg aria-hidden=\"true\" focusable=\"false\" data-prefix=\"far\" data-icon=\"chart-bar\" role=\"img\" xmlns=\"http:\/\/www.w3.org\/2000\/svg\" viewBox=\"0 0 512 512\" class=\"svg-inline--fa fa-chart-bar fa-w-16 fa-2x\"><path fill=\"currentColor\" d=\"M396.8 352h22.4c6.4 0 12.8-6.4 12.8-12.8V108.8c0-6.4-6.4-12.8-12.8-12.8h-22.4c-6.4 0-12.8 6.4-12.8 12.8v230.4c0 6.4 6.4 12.8 12.8 12.8zm-192 0h22.4c6.4 0 12.8-6.4 12.8-12.8V140.8c0-6.4-6.4-12.8-12.8-12.8h-22.4c-6.4 0-12.8 6.4-12.8 12.8v198.4c0 6.4 6.4 12.8 12.8 12.8zm96 0h22.4c6.4 0 12.8-6.4 12.8-12.8V204.8c0-6.4-6.4-12.8-12.8-12.8h-22.4c-6.4 0-12.8 6.4-12.8 12.8v134.4c0 6.4 6.4 12.8 12.8 12.8zM496 400H48V80c0-8.84-7.16-16-16-16H16C7.16 64 0 71.16 0 80v336c0 17.67 14.33 32 32 32h464c8.84 0 16-7.16 16-16v-16c0-8.84-7.16-16-16-16zm-387.2-48h22.4c6.4 0 12.8-6.4 12.8-12.8v-70.4c0-6.4-6.4-12.8-12.8-12.8h-22.4c-6.4 0-12.8 6.4-12.8 12.8v70.4c0 6.4 6.4 12.8 12.8 12.8z\" class=\"\"><\/path><\/svg><\/i> <img loading=\"lazy\" decoding=\"async\" width=\"16\" height=\"16\" alt=\"Loading\" src=\"https:\/\/temucotelevision.cl\/web\/wp-content\/plugins\/page-views-count\/ajax-loader-2x.gif\" border=0 \/><\/p>\n<div class=\"pvc_clear\"><\/div>\n<p>&nbsp;&nbsp;&nbsp;&nbsp; El diputado Ev\u00f3poli, Jorge Guzm\u00e1n, calific\u00f3 como \u201cimpresentable\u201d y \u201cuna verg\u00fcenza\u201d la actual crisis en educaci\u00f3n que mantiene a<\/p>\n","protected":false},"author":1,"featured_media":48623,"comment_status":"open","ping_status":"open","sticky":false,"template":"","format":"standard","meta":{"colormag_page_container_layout":"default_layout","colormag_page_sidebar_layout":"default_layout","footnotes":""},"categories":[84],"tags":[154,2147],"class_list":["post-48622","post","type-post","status-publish","format-standard","has-post-thumbnail","hentry","category-politica","tag-diputado","tag-matriculas"],"a3_pvc":{"activated":true,"total_views":2253,"today_views":0},"_links":{"self":[{"href":"https:\/\/temucotelevision.cl\/web\/wp-json\/wp\/v2\/posts\/48622","targetHints":{"allow":["GET"]}}],"collection":[{"href":"https:\/\/temucotelevision.cl\/web\/wp-json\/wp\/v2\/posts"}],"about":[{"href":"https:\/\/temucotelevision.cl\/web\/wp-json\/wp\/v2\/types\/post"}],"author":[{"embeddable":true,"href":"https:\/\/temucotelevision.cl\/web\/wp-json\/wp\/v2\/users\/1"}],"replies":[{"embeddable":true,"href":"https:\/\/temucotelevision.cl\/web\/wp-json\/wp\/v2\/comments?post=48622"}],"version-history":[{"count":1,"href":"https:\/\/temucotelevision.cl\/web\/wp-json\/wp\/v2\/posts\/48622\/revisions"}],"predecessor-version":[{"id":48624,"href":"https:\/\/temucotelevision.cl\/web\/wp-json\/wp\/v2\/posts\/48622\/revisions\/48624"}],"wp:featuredmedia":[{"embeddable":true,"href":"https:\/\/temucotelevision.cl\/web\/wp-json\/wp\/v2\/media\/48623"}],"wp:attachment":[{"href":"https:\/\/temucotelevision.cl\/web\/wp-json\/wp\/v2\/media?parent=48622"}],"wp:term":[{"taxonomy":"category","embeddable":true,"href":"https:\/\/temucotelevision.cl\/web\/wp-json\/wp\/v2\/categories?post=48622"},{"taxonomy":"post_tag","embeddable":true,"href":"https:\/\/temucotelevision.cl\/web\/wp-json\/wp\/v2\/tags?post=48622"}],"curies":[{"name":"wp","href":"https:\/\/api.w.org\/{rel}","templated":true}]}}