{"id":48619,"date":"2024-03-18T20:12:18","date_gmt":"2024-03-18T23:12:18","guid":{"rendered":"https:\/\/temucotelevision.cl\/web\/?p=48619"},"modified":"2024-03-18T20:12:18","modified_gmt":"2024-03-18T23:12:18","slug":"diputadas-munoz-y-concha-psc-impulsan-proyecto-de-ley-que-sanciona-con-carcel-la-promocion-de-la-narcocultura","status":"publish","type":"post","link":"https:\/\/temucotelevision.cl\/web\/2024\/03\/18\/diputadas-munoz-y-concha-psc-impulsan-proyecto-de-ley-que-sanciona-con-carcel-la-promocion-de-la-narcocultura\/","title":{"rendered":"Diputadas Mu\u00f1oz y Concha (PSC) impulsan proyecto de ley que sanciona con c\u00e1rcel la promoci\u00f3n de la narcocultura"},"content":{"rendered":"<div class=\"pvc_clear\"><\/div><p id=\"pvc_stats_48619\" class=\"pvc_stats total_only  \" data-element-id=\"48619\" style=\"\"><i class=\"pvc-stats-icon large\" aria-hidden=\"true\"><svg aria-hidden=\"true\" focusable=\"false\" data-prefix=\"far\" data-icon=\"chart-bar\" role=\"img\" xmlns=\"http:\/\/www.w3.org\/2000\/svg\" viewBox=\"0 0 512 512\" class=\"svg-inline--fa fa-chart-bar fa-w-16 fa-2x\"><path fill=\"currentColor\" d=\"M396.8 352h22.4c6.4 0 12.8-6.4 12.8-12.8V108.8c0-6.4-6.4-12.8-12.8-12.8h-22.4c-6.4 0-12.8 6.4-12.8 12.8v230.4c0 6.4 6.4 12.8 12.8 12.8zm-192 0h22.4c6.4 0 12.8-6.4 12.8-12.8V140.8c0-6.4-6.4-12.8-12.8-12.8h-22.4c-6.4 0-12.8 6.4-12.8 12.8v198.4c0 6.4 6.4 12.8 12.8 12.8zm96 0h22.4c6.4 0 12.8-6.4 12.8-12.8V204.8c0-6.4-6.4-12.8-12.8-12.8h-22.4c-6.4 0-12.8 6.4-12.8 12.8v134.4c0 6.4 6.4 12.8 12.8 12.8zM496 400H48V80c0-8.84-7.16-16-16-16H16C7.16 64 0 71.16 0 80v336c0 17.67 14.33 32 32 32h464c8.84 0 16-7.16 16-16v-16c0-8.84-7.16-16-16-16zm-387.2-48h22.4c6.4 0 12.8-6.4 12.8-12.8v-70.4c0-6.4-6.4-12.8-12.8-12.8h-22.4c-6.4 0-12.8 6.4-12.8 12.8v70.4c0 6.4 6.4 12.8 12.8 12.8z\" class=\"\"><\/path><\/svg><\/i> <img loading=\"lazy\" decoding=\"async\" width=\"16\" height=\"16\" alt=\"Loading\" src=\"https:\/\/temucotelevision.cl\/web\/wp-content\/plugins\/page-views-count\/ajax-loader-2x.gif\" border=0 \/><\/p><div class=\"pvc_clear\"><\/div>\n<p><em>Las parlamentarias buscan prohibir el desarrollo de actividades o espect\u00e1culos, organizadas por entidades p\u00fablicas o privadas, en las que se promueva, fomente o celebre este tipo de manifestaciones<\/em><br><br>Con el fin de avanzar en la prohibici\u00f3n de la promoci\u00f3n de la cultura del narcotr\u00e1fico, la explotaci\u00f3n sexual y la pornograf\u00eda infantil a fin de proteger a la ciudadan\u00eda y en especial a ni\u00f1os, ni\u00f1as y adolescentes, es que las diputadas del Partido Social Cristiano, Sara Concha y Francesca Mu\u00f1oz presentaron un proyecto de ley sobre la materia que sanciona con c\u00e1rcel a quienes promuevan estas conductas.<\/p>\n\n\n\n<p>Esto, explicaron las parlamentarias, debido al aumento sostenido del narcotr\u00e1fico y la criminalidad organizada en Chile, \u201ceste es un fen\u00f3meno en constante crecimiento, cuyas perniciosas consecuencias obstaculizan el correcto y arm\u00f3nico desarrollo de la ciudadan\u00eda, lo que incluye, a ni\u00f1os, ni\u00f1as y adolescentes.<\/p>\n\n\n\n<p>Y en esa l\u00ednea, Concha y Mu\u00f1oz argumentaron que \u201cen el a\u00f1o 2023, los habitantes de Chile se ubicaron en el primer lugar a nivel internacional en la percepci\u00f3n del incremento de la delincuencia en sus barrios (68 %), duplicando el promedio mundial\u201d.<\/p>\n\n\n\n<p>Seg\u00fan datos proporcionados por el Observatorio de Derechos de la Defensor\u00eda de la Ni\u00f1ez, 38 ni\u00f1os, ni\u00f1as y adolescentes fallecieron en 2023 debido a lesiones con armas de fuego, lamentablemente subrayaron las legisladoras, \u201cesto est\u00e1 estrechamente relacionado con el aumento del crimen organizado, incluyendo el narcotr\u00e1fico, tr\u00e1fico de armas, homicidios, secuestros, y trata de personas con fines de explotaci\u00f3n sexual, entre otros delitos violentos\u201d.<\/p>\n\n\n\n<p>\u201cEl narcotr\u00e1fico debilita la democracia y el Estado de derecho, ya que, para su expansi\u00f3n, se requiere, entre otros factores, la \u201ccooperaci\u00f3n\u201d de autoridades gubernamentales, de funcionarios policiales y judiciales\u201d, subrayaron.<\/p>\n\n\n\n<p>Al respecto, es necesario recordar que la Declaraci\u00f3n de los Derechos del Ni\u00f1o, afirma que: \u201cel ni\u00f1o, por su falta de madurez f\u00edsica y mental, necesita protecci\u00f3n y cuidados especiales, incluso la debida protecci\u00f3n legal, tanto antes como despu\u00e9s del nacimiento\u201d. dijeron las diputadas del PSC.<\/p>\n\n\n\n<p>En este contexto, no resulta aconsejable que bajo el amparo del Estado se difunda y promueva libremente la narcocultura, la explotaci\u00f3n sexual, la pornograf\u00eda infantil, y el consumo de drogas.<\/p>\n\n\n\n<p>Por esta raz\u00f3n las diputadas Sara Cocha Y Francesca Mu\u00f1oz reiteraron que \u201ces fundamental sancionar con c\u00e1rcel este tipo de conductas que afectan directamente el desarrollo de nuestros ni\u00f1os, ni\u00f1as y adolescentes\u201d<\/p>\n","protected":false},"excerpt":{"rendered":"<div class=\"pvc_clear\"><\/div>\n<p id=\"pvc_stats_48619\" class=\"pvc_stats total_only  \" data-element-id=\"48619\" style=\"\"><i class=\"pvc-stats-icon large\" aria-hidden=\"true\"><svg aria-hidden=\"true\" focusable=\"false\" data-prefix=\"far\" data-icon=\"chart-bar\" role=\"img\" xmlns=\"http:\/\/www.w3.org\/2000\/svg\" viewBox=\"0 0 512 512\" class=\"svg-inline--fa fa-chart-bar fa-w-16 fa-2x\"><path fill=\"currentColor\" d=\"M396.8 352h22.4c6.4 0 12.8-6.4 12.8-12.8V108.8c0-6.4-6.4-12.8-12.8-12.8h-22.4c-6.4 0-12.8 6.4-12.8 12.8v230.4c0 6.4 6.4 12.8 12.8 12.8zm-192 0h22.4c6.4 0 12.8-6.4 12.8-12.8V140.8c0-6.4-6.4-12.8-12.8-12.8h-22.4c-6.4 0-12.8 6.4-12.8 12.8v198.4c0 6.4 6.4 12.8 12.8 12.8zm96 0h22.4c6.4 0 12.8-6.4 12.8-12.8V204.8c0-6.4-6.4-12.8-12.8-12.8h-22.4c-6.4 0-12.8 6.4-12.8 12.8v134.4c0 6.4 6.4 12.8 12.8 12.8zM496 400H48V80c0-8.84-7.16-16-16-16H16C7.16 64 0 71.16 0 80v336c0 17.67 14.33 32 32 32h464c8.84 0 16-7.16 16-16v-16c0-8.84-7.16-16-16-16zm-387.2-48h22.4c6.4 0 12.8-6.4 12.8-12.8v-70.4c0-6.4-6.4-12.8-12.8-12.8h-22.4c-6.4 0-12.8 6.4-12.8 12.8v70.4c0 6.4 6.4 12.8 12.8 12.8z\" class=\"\"><\/path><\/svg><\/i> <img loading=\"lazy\" decoding=\"async\" width=\"16\" height=\"16\" alt=\"Loading\" src=\"https:\/\/temucotelevision.cl\/web\/wp-content\/plugins\/page-views-count\/ajax-loader-2x.gif\" border=0 \/><\/p>\n<div class=\"pvc_clear\"><\/div>\n<p>Las parlamentarias buscan prohibir el desarrollo de actividades o espect\u00e1culos, organizadas por entidades p\u00fablicas o privadas, en las que se<\/p>\n","protected":false},"author":1,"featured_media":45467,"comment_status":"open","ping_status":"open","sticky":false,"template":"","format":"standard","meta":{"colormag_page_container_layout":"default_layout","colormag_page_sidebar_layout":"default_layout","footnotes":""},"categories":[84],"tags":[4045,506,6962],"class_list":["post-48619","post","type-post","status-publish","format-standard","has-post-thumbnail","hentry","category-politica","tag-diputadas","tag-ley","tag-narcocultura"],"a3_pvc":{"activated":true,"total_views":2159,"today_views":0},"_links":{"self":[{"href":"https:\/\/temucotelevision.cl\/web\/wp-json\/wp\/v2\/posts\/48619","targetHints":{"allow":["GET"]}}],"collection":[{"href":"https:\/\/temucotelevision.cl\/web\/wp-json\/wp\/v2\/posts"}],"about":[{"href":"https:\/\/temucotelevision.cl\/web\/wp-json\/wp\/v2\/types\/post"}],"author":[{"embeddable":true,"href":"https:\/\/temucotelevision.cl\/web\/wp-json\/wp\/v2\/users\/1"}],"replies":[{"embeddable":true,"href":"https:\/\/temucotelevision.cl\/web\/wp-json\/wp\/v2\/comments?post=48619"}],"version-history":[{"count":1,"href":"https:\/\/temucotelevision.cl\/web\/wp-json\/wp\/v2\/posts\/48619\/revisions"}],"predecessor-version":[{"id":48620,"href":"https:\/\/temucotelevision.cl\/web\/wp-json\/wp\/v2\/posts\/48619\/revisions\/48620"}],"wp:featuredmedia":[{"embeddable":true,"href":"https:\/\/temucotelevision.cl\/web\/wp-json\/wp\/v2\/media\/45467"}],"wp:attachment":[{"href":"https:\/\/temucotelevision.cl\/web\/wp-json\/wp\/v2\/media?parent=48619"}],"wp:term":[{"taxonomy":"category","embeddable":true,"href":"https:\/\/temucotelevision.cl\/web\/wp-json\/wp\/v2\/categories?post=48619"},{"taxonomy":"post_tag","embeddable":true,"href":"https:\/\/temucotelevision.cl\/web\/wp-json\/wp\/v2\/tags?post=48619"}],"curies":[{"name":"wp","href":"https:\/\/api.w.org\/{rel}","templated":true}]}}