{"id":48613,"date":"2024-03-18T19:58:48","date_gmt":"2024-03-18T22:58:48","guid":{"rendered":"https:\/\/temucotelevision.cl\/web\/?p=48613"},"modified":"2024-03-18T19:58:48","modified_gmt":"2024-03-18T22:58:48","slug":"alerta-aviar-director-nacional-del-sag-pone-el-enfoque-en-la-seguridad-de-aves-en-embarcacion-costera-de-la-araucania","status":"publish","type":"post","link":"https:\/\/temucotelevision.cl\/web\/2024\/03\/18\/alerta-aviar-director-nacional-del-sag-pone-el-enfoque-en-la-seguridad-de-aves-en-embarcacion-costera-de-la-araucania\/","title":{"rendered":"Alerta Aviar: Director Nacional del SAG pone el enfoque en la seguridad de aves en embarcaci\u00f3n costera de La Araucan\u00eda"},"content":{"rendered":"<div class=\"pvc_clear\"><\/div><p id=\"pvc_stats_48613\" class=\"pvc_stats total_only  \" data-element-id=\"48613\" style=\"\"><i class=\"pvc-stats-icon large\" aria-hidden=\"true\"><svg aria-hidden=\"true\" focusable=\"false\" data-prefix=\"far\" data-icon=\"chart-bar\" role=\"img\" xmlns=\"http:\/\/www.w3.org\/2000\/svg\" viewBox=\"0 0 512 512\" class=\"svg-inline--fa fa-chart-bar fa-w-16 fa-2x\"><path fill=\"currentColor\" d=\"M396.8 352h22.4c6.4 0 12.8-6.4 12.8-12.8V108.8c0-6.4-6.4-12.8-12.8-12.8h-22.4c-6.4 0-12.8 6.4-12.8 12.8v230.4c0 6.4 6.4 12.8 12.8 12.8zm-192 0h22.4c6.4 0 12.8-6.4 12.8-12.8V140.8c0-6.4-6.4-12.8-12.8-12.8h-22.4c-6.4 0-12.8 6.4-12.8 12.8v198.4c0 6.4 6.4 12.8 12.8 12.8zm96 0h22.4c6.4 0 12.8-6.4 12.8-12.8V204.8c0-6.4-6.4-12.8-12.8-12.8h-22.4c-6.4 0-12.8 6.4-12.8 12.8v134.4c0 6.4 6.4 12.8 12.8 12.8zM496 400H48V80c0-8.84-7.16-16-16-16H16C7.16 64 0 71.16 0 80v336c0 17.67 14.33 32 32 32h464c8.84 0 16-7.16 16-16v-16c0-8.84-7.16-16-16-16zm-387.2-48h22.4c6.4 0 12.8-6.4 12.8-12.8v-70.4c0-6.4-6.4-12.8-12.8-12.8h-22.4c-6.4 0-12.8 6.4-12.8 12.8v70.4c0 6.4 6.4 12.8 12.8 12.8z\" class=\"\"><\/path><\/svg><\/i> <img loading=\"lazy\" decoding=\"async\" width=\"16\" height=\"16\" alt=\"Loading\" src=\"https:\/\/temucotelevision.cl\/web\/wp-content\/plugins\/page-views-count\/ajax-loader-2x.gif\" border=0 \/><\/p><div class=\"pvc_clear\"><\/div>\n<p>El nombre que recibe la embarcaci\u00f3n es \u201cNgen Lafken\u201d que en la lengua mapuzugun significa protector del lago.<\/p>\n\n\n\n<p>En su primera visita a La Araucan\u00eda, el director nacional del Servicio Agr\u00edcola y Ganadero (SAG), Jos\u00e9 Guajardo Reyes, realiz\u00f3 una intensa y nutrida agenda que contempl\u00f3 importantes hitos regionales, como el reforzamiento de la vigilancia de enfermedades de aves en bote zodiac que transitar\u00e1 zona costera de la regi\u00f3n y el avance de la construcci\u00f3n de la oficina sectorial de Villarrica obra que tiene una inversi\u00f3n que asciende a 2 mil 700 millones. En su permanencia, adem\u00e1s detall\u00f3 la priorizaci\u00f3n del Plan Nacional de Erradicaci\u00f3n de Brucelosis bovina, con el fin de eliminar esta enfermedad en la cual el SAG viene trabajando hace bastante tiempo.<br>&nbsp;<br>Durante toda su permanencia en La Araucan\u00eda, la m\u00e1xima autoridad del SAG estuvo acompa\u00f1ado por el Director Regional, Francisco Castillo; el Seremi de Agricultura, H\u00e9ctor Cumilaf y el asesor de direcci\u00f3n nacional, Rodrigo Sotomayor.<\/p>\n\n\n\n<p><strong>Vigilancia en aves<\/strong><\/p>\n\n\n\n<p>&nbsp;<br>En diciembre de 2023 se cumpli\u00f3 un a\u00f1o de la detecci\u00f3n del primer caso de influenza aviar de alta patogenicidad en nuestro pa\u00eds. Sin embargo, gracias al trabajo colaborativo de toda la ciudadan\u00eda y el sector p\u00fablico y privado, Chile logr\u00f3 recobrar la condici\u00f3n de pa\u00eds libre de esta grave enfermedad en aves de corral, pero que sigue afectando al mundo\u201d, dijo el director nacional del Servicio Agr\u00edcola y Ganadero (SAG), Jos\u00e9 Guajardo Reyes, en una reuni\u00f3n realizada en SENAPRED con el fin de presentar la estrategia 2024 para continuar haciendo frente a este virus que afecta a las aves.<br>&nbsp;<br>La m\u00e1xima autoridad del SAG indic\u00f3 que, en la Regi\u00f3n de La Araucan\u00eda, se establecieron 19 zonas bajo control sanitario por influenza aviar y actualmente se han cerrado todas las zonas se\u00f1aladas sin detecci\u00f3n de nuevos casos en las \u00e1reas vigiladas, lo que corresponde a un 100% de avance en el control de esta enfermedad en esta regi\u00f3n. Cabe precisar que la \u00faltima zona que se cerr\u00f3 corresponde a \u00e1reas silvestres en la comuna de Puerto Saavedra, donde actualmente con el apoyo de un bote zodiac, que tendr\u00e1 la misi\u00f3n de patrullar la zona costera el lago Budi y los m\u00faltiples cursos de agua de La Araucan\u00eda, se ha reforzado la vigilancia de enfermedades en aves silvestres especialmente ante el riesgo de influenza aviar, que tanto impacto provoc\u00f3 cuando fue detectada en el pa\u00eds. Por ello, durante su visita el director nacional acompa\u00f1ado del alcalde de Puerto Saavedra, Juan Paillafil y funcionarios del Servicio, realizaron un recorrido por el Budi, lago salado ubicado entre las comunas de Saavedra y de Teodoro Schmidt y uno de los lugares de mayor riesgo en el cual en plena campa\u00f1a de influenza aviar se detectaron aves positivas.<br>&nbsp;<br>En la ocasi\u00f3n la autoridad del SAG destac\u00f3 la importancia de contar con estos equipos que van en directo apoyo de nuestras labores. \u201cEsta embarcaci\u00f3n va a servir mucho para ir monitoreando y hacer toda la inspecci\u00f3n de las aves que se puedan enfermar de influenza aviar y otras enfermedades y tambi\u00e9n realizar una serie de otras acciones que abordamos en el \u00e1rea de recursos naturales. Es una actividad donde, con otros recursos como este bote zodiac, tambi\u00e9n buscamos aportar a la sanidad pecuaria de la regi\u00f3n y el Pa\u00eds\u201d.<br>&nbsp;<br>El alcalde de Puerto Saavedra, Juan Paillafil, se\u00f1al\u00f3 que \u201cla misi\u00f3n que tiene el SAG es resguardar la sanidad y en este caso de las aves, por ello poder catastrar con este equipamiento las aves y detectar las distintas enfermedades que las puedan atacar y adem\u00e1s poder fiscalizar la caza ac\u00e1 en el lago Budi, patrimonio natural que queremos conservar para que sea un atractivo tur\u00edstico el cual mucha gente conoce y que otras personas puedan visitar en esta zona\u201d. &nbsp;<\/p>\n\n\n\n<p><strong>Ngen Lafken<\/strong><\/p>\n\n\n\n<p>La embarcaci\u00f3n que reforzar\u00e1 la vigilancia de enfermedades de aves en la zona costera recibe el nombre Ngen Lafken que en mapuzugun precis\u00f3 el seremi de Agricultura, H\u00e9ctor Cumilaf, significa protector del lago. \u201cEste nombre tambi\u00e9n quiere representar la funci\u00f3n que cumple el Servicio Agr\u00edcola y Ganadero con nuestra avifauna en la regi\u00f3n. Particularmente en el Budi vamos a poder acudir r\u00e1pidamente si identificamos alg\u00fan tipo de situaci\u00f3n en la que las aves se vean afectadas y adem\u00e1s va hacer una herramiebrta muy importarte a la hora de realizar los censos de aves acu\u00e1ticas que realiza el SAG\u201d, puntualiz\u00f3 el seremi Cumilaf.&nbsp;Toda la informaci\u00f3n respecto a la vigilancia de influenza aviar se encuentra disponible en&nbsp;<a href=\"http:\/\/www.sag.cl\/\" target=\"_blank\" rel=\"noreferrer noopener\">www.sag.cl<\/a>. Adem\u00e1s, se informa a la poblaci\u00f3n que ante cualquier consulta pueden a acercarse a los funcionarios\/as desplegados en todo el pa\u00eds o a llamar al tel\u00e9fono 223451100, que est\u00e1 disponible de lunes a domingo, para obtener orientaci\u00f3n adicional.<\/p>\n","protected":false},"excerpt":{"rendered":"<div class=\"pvc_clear\"><\/div>\n<p id=\"pvc_stats_48613\" class=\"pvc_stats total_only  \" data-element-id=\"48613\" style=\"\"><i class=\"pvc-stats-icon large\" aria-hidden=\"true\"><svg aria-hidden=\"true\" focusable=\"false\" data-prefix=\"far\" data-icon=\"chart-bar\" role=\"img\" xmlns=\"http:\/\/www.w3.org\/2000\/svg\" viewBox=\"0 0 512 512\" class=\"svg-inline--fa fa-chart-bar fa-w-16 fa-2x\"><path fill=\"currentColor\" d=\"M396.8 352h22.4c6.4 0 12.8-6.4 12.8-12.8V108.8c0-6.4-6.4-12.8-12.8-12.8h-22.4c-6.4 0-12.8 6.4-12.8 12.8v230.4c0 6.4 6.4 12.8 12.8 12.8zm-192 0h22.4c6.4 0 12.8-6.4 12.8-12.8V140.8c0-6.4-6.4-12.8-12.8-12.8h-22.4c-6.4 0-12.8 6.4-12.8 12.8v198.4c0 6.4 6.4 12.8 12.8 12.8zm96 0h22.4c6.4 0 12.8-6.4 12.8-12.8V204.8c0-6.4-6.4-12.8-12.8-12.8h-22.4c-6.4 0-12.8 6.4-12.8 12.8v134.4c0 6.4 6.4 12.8 12.8 12.8zM496 400H48V80c0-8.84-7.16-16-16-16H16C7.16 64 0 71.16 0 80v336c0 17.67 14.33 32 32 32h464c8.84 0 16-7.16 16-16v-16c0-8.84-7.16-16-16-16zm-387.2-48h22.4c6.4 0 12.8-6.4 12.8-12.8v-70.4c0-6.4-6.4-12.8-12.8-12.8h-22.4c-6.4 0-12.8 6.4-12.8 12.8v70.4c0 6.4 6.4 12.8 12.8 12.8z\" class=\"\"><\/path><\/svg><\/i> <img loading=\"lazy\" decoding=\"async\" width=\"16\" height=\"16\" alt=\"Loading\" src=\"https:\/\/temucotelevision.cl\/web\/wp-content\/plugins\/page-views-count\/ajax-loader-2x.gif\" border=0 \/><\/p>\n<div class=\"pvc_clear\"><\/div>\n<p>El nombre que recibe la embarcaci\u00f3n es \u201cNgen Lafken\u201d que en la lengua mapuzugun significa protector del lago. En su<\/p>\n","protected":false},"author":1,"featured_media":48614,"comment_status":"open","ping_status":"open","sticky":false,"template":"","format":"standard","meta":{"colormag_page_container_layout":"default_layout","colormag_page_sidebar_layout":"default_layout","footnotes":""},"categories":[15],"tags":[3997,5331],"class_list":["post-48613","post","type-post","status-publish","format-standard","has-post-thumbnail","hentry","category-la-araucania","tag-aves","tag-sag"],"a3_pvc":{"activated":true,"total_views":1519,"today_views":1},"_links":{"self":[{"href":"https:\/\/temucotelevision.cl\/web\/wp-json\/wp\/v2\/posts\/48613","targetHints":{"allow":["GET"]}}],"collection":[{"href":"https:\/\/temucotelevision.cl\/web\/wp-json\/wp\/v2\/posts"}],"about":[{"href":"https:\/\/temucotelevision.cl\/web\/wp-json\/wp\/v2\/types\/post"}],"author":[{"embeddable":true,"href":"https:\/\/temucotelevision.cl\/web\/wp-json\/wp\/v2\/users\/1"}],"replies":[{"embeddable":true,"href":"https:\/\/temucotelevision.cl\/web\/wp-json\/wp\/v2\/comments?post=48613"}],"version-history":[{"count":1,"href":"https:\/\/temucotelevision.cl\/web\/wp-json\/wp\/v2\/posts\/48613\/revisions"}],"predecessor-version":[{"id":48615,"href":"https:\/\/temucotelevision.cl\/web\/wp-json\/wp\/v2\/posts\/48613\/revisions\/48615"}],"wp:featuredmedia":[{"embeddable":true,"href":"https:\/\/temucotelevision.cl\/web\/wp-json\/wp\/v2\/media\/48614"}],"wp:attachment":[{"href":"https:\/\/temucotelevision.cl\/web\/wp-json\/wp\/v2\/media?parent=48613"}],"wp:term":[{"taxonomy":"category","embeddable":true,"href":"https:\/\/temucotelevision.cl\/web\/wp-json\/wp\/v2\/categories?post=48613"},{"taxonomy":"post_tag","embeddable":true,"href":"https:\/\/temucotelevision.cl\/web\/wp-json\/wp\/v2\/tags?post=48613"}],"curies":[{"name":"wp","href":"https:\/\/api.w.org\/{rel}","templated":true}]}}