{"id":48610,"date":"2024-03-18T15:25:15","date_gmt":"2024-03-18T18:25:15","guid":{"rendered":"https:\/\/temucotelevision.cl\/web\/?p=48610"},"modified":"2024-03-18T15:25:15","modified_gmt":"2024-03-18T18:25:15","slug":"diputados-sara-concha-y-hugo-rey-con-apoderados-de-todo-chile-exigen-al-gobierno-solucion-a-estudiantes-sin-matricula","status":"publish","type":"post","link":"https:\/\/temucotelevision.cl\/web\/2024\/03\/18\/diputados-sara-concha-y-hugo-rey-con-apoderados-de-todo-chile-exigen-al-gobierno-solucion-a-estudiantes-sin-matricula\/","title":{"rendered":"Diputados Sara Concha y Hugo Rey con apoderados de todo Chile exigen al Gobierno soluci\u00f3n a estudiantes sin matr\u00edcula"},"content":{"rendered":"<div class=\"pvc_clear\"><\/div><p id=\"pvc_stats_48610\" class=\"pvc_stats total_only  \" data-element-id=\"48610\" style=\"\"><i class=\"pvc-stats-icon large\" aria-hidden=\"true\"><svg aria-hidden=\"true\" focusable=\"false\" data-prefix=\"far\" data-icon=\"chart-bar\" role=\"img\" xmlns=\"http:\/\/www.w3.org\/2000\/svg\" viewBox=\"0 0 512 512\" class=\"svg-inline--fa fa-chart-bar fa-w-16 fa-2x\"><path fill=\"currentColor\" d=\"M396.8 352h22.4c6.4 0 12.8-6.4 12.8-12.8V108.8c0-6.4-6.4-12.8-12.8-12.8h-22.4c-6.4 0-12.8 6.4-12.8 12.8v230.4c0 6.4 6.4 12.8 12.8 12.8zm-192 0h22.4c6.4 0 12.8-6.4 12.8-12.8V140.8c0-6.4-6.4-12.8-12.8-12.8h-22.4c-6.4 0-12.8 6.4-12.8 12.8v198.4c0 6.4 6.4 12.8 12.8 12.8zm96 0h22.4c6.4 0 12.8-6.4 12.8-12.8V204.8c0-6.4-6.4-12.8-12.8-12.8h-22.4c-6.4 0-12.8 6.4-12.8 12.8v134.4c0 6.4 6.4 12.8 12.8 12.8zM496 400H48V80c0-8.84-7.16-16-16-16H16C7.16 64 0 71.16 0 80v336c0 17.67 14.33 32 32 32h464c8.84 0 16-7.16 16-16v-16c0-8.84-7.16-16-16-16zm-387.2-48h22.4c6.4 0 12.8-6.4 12.8-12.8v-70.4c0-6.4-6.4-12.8-12.8-12.8h-22.4c-6.4 0-12.8 6.4-12.8 12.8v70.4c0 6.4 6.4 12.8 12.8 12.8z\" class=\"\"><\/path><\/svg><\/i> <img loading=\"lazy\" decoding=\"async\" width=\"16\" height=\"16\" alt=\"Loading\" src=\"https:\/\/temucotelevision.cl\/web\/wp-content\/plugins\/page-views-count\/ajax-loader-2x.gif\" border=0 \/><\/p><div class=\"pvc_clear\"><\/div>\n<p>Ante las diversas denuncias que han realizado m\u00e1s de tres mil padres y apoderados a lo largo del pa\u00eds por falta de matr\u00edculas y cupos para sus hijos en los establecimientos educacionales, es que la diputada Sara Concha (PSC) junto a su par de la comisi\u00f3n de Educaci\u00f3n, Hugo Rey (RN), acompa\u00f1aron a La Moneda a representantes de padres y apoderados para solicitar al Presidente Gabriel Boric que mandate al Ministro de la cartera y entregar una pronta soluci\u00f3n a esta grave situaci\u00f3n.<\/p>\n\n\n\n<p>\u201cNos encontramos con Lucrecia Mena que representa a cientos de padres y apoderados a nivel nacional, sobretodo en Tarapac\u00e1, que hoy viven una situaci\u00f3n cr\u00edtica con sus hijos como es la falta de matr\u00edcula, no puede ser que el Estado no sea el garante de este derecho tan fundamental como es el acceso a la educaci\u00f3n\u201d, se\u00f1al\u00f3 la presidenta del Partido Social Cristiano.<\/p>\n\n\n\n<p>Asimismo, agreg\u00f3 \u201cpor ello nos hemos dirigido hasta el palacio de La Moneda, para entregar una carta al Presidente para que mandate al ministro de Educaci\u00f3n porque es \u00e9l qui\u00e9n debe tomar cartas en el asunto. No puede ser que las respuestas de las autoridades sean que los estudiantes den ex\u00e1menes libres, esa no es una respuesta que un padre espera para sus hijos, ya que necesitamos mejorar la calidad de la educaci\u00f3n\u201d.<\/p>\n\n\n\n<p>Por su parte Lucrecia Mena, vocera del movimiento \u201cTarapac\u00e1 se Levanta\u201d, sentenci\u00f3 \u201cnuestros puntos espec\u00edficos son modificar el sistema escolar, donde considere al menos que el 50% de los estudiantes se les garantice el Estado equitativo para que todos los ni\u00f1os y ni\u00f1as puedan acceder a una matr\u00edcula\u201d.<\/p>\n\n\n\n<p>Por otra parte, Alejandra Reinoso, representante de \u201cPadres y Madres Por Lampa\u201d, dijo &#8220;nosotros estamos ac\u00e1 pidiendo un derecho que es propio, derecho a la educaci\u00f3n de nuestros hijos. Por lo tanto queremos que las autoridades nos den la soluci\u00f3n que corresponde, no estamos peleando por unas cuantas comunas o regiones, sino que por todo Chile, para que la educaci\u00f3n sea garantizada como lo dice en la constituci\u00f3n\u201d.<\/p>\n\n\n\n<p>Finalmente el parlamentario, Hugo Rey (RN) hizo un llamado al Gobierno \u201cha llegado el tiempo de no seguir ensayando con los chilenos y chilenas, sobre todo con nuestros estudiantes, este sistema de admisi\u00f3n escolar ha generado una serie de problemas desde su inicio y por eso lleg\u00f3 el tiempo de hacer las modificaciones. Hay proyectos de ley en la Comisi\u00f3n de Educaci\u00f3n que est\u00e1n presentados y buscan mejorar esta situaci\u00f3n cr\u00edtica, pero lamentablemente el gobierno no ha querido darle su apoyo\u201d.<\/p>\n","protected":false},"excerpt":{"rendered":"<div class=\"pvc_clear\"><\/div>\n<p id=\"pvc_stats_48610\" class=\"pvc_stats total_only  \" data-element-id=\"48610\" style=\"\"><i class=\"pvc-stats-icon large\" aria-hidden=\"true\"><svg aria-hidden=\"true\" focusable=\"false\" data-prefix=\"far\" data-icon=\"chart-bar\" role=\"img\" xmlns=\"http:\/\/www.w3.org\/2000\/svg\" viewBox=\"0 0 512 512\" class=\"svg-inline--fa fa-chart-bar fa-w-16 fa-2x\"><path fill=\"currentColor\" d=\"M396.8 352h22.4c6.4 0 12.8-6.4 12.8-12.8V108.8c0-6.4-6.4-12.8-12.8-12.8h-22.4c-6.4 0-12.8 6.4-12.8 12.8v230.4c0 6.4 6.4 12.8 12.8 12.8zm-192 0h22.4c6.4 0 12.8-6.4 12.8-12.8V140.8c0-6.4-6.4-12.8-12.8-12.8h-22.4c-6.4 0-12.8 6.4-12.8 12.8v198.4c0 6.4 6.4 12.8 12.8 12.8zm96 0h22.4c6.4 0 12.8-6.4 12.8-12.8V204.8c0-6.4-6.4-12.8-12.8-12.8h-22.4c-6.4 0-12.8 6.4-12.8 12.8v134.4c0 6.4 6.4 12.8 12.8 12.8zM496 400H48V80c0-8.84-7.16-16-16-16H16C7.16 64 0 71.16 0 80v336c0 17.67 14.33 32 32 32h464c8.84 0 16-7.16 16-16v-16c0-8.84-7.16-16-16-16zm-387.2-48h22.4c6.4 0 12.8-6.4 12.8-12.8v-70.4c0-6.4-6.4-12.8-12.8-12.8h-22.4c-6.4 0-12.8 6.4-12.8 12.8v70.4c0 6.4 6.4 12.8 12.8 12.8z\" class=\"\"><\/path><\/svg><\/i> <img loading=\"lazy\" decoding=\"async\" width=\"16\" height=\"16\" alt=\"Loading\" src=\"https:\/\/temucotelevision.cl\/web\/wp-content\/plugins\/page-views-count\/ajax-loader-2x.gif\" border=0 \/><\/p>\n<div class=\"pvc_clear\"><\/div>\n<p>Ante las diversas denuncias que han realizado m\u00e1s de tres mil padres y apoderados a lo largo del pa\u00eds por<\/p>\n","protected":false},"author":1,"featured_media":48611,"comment_status":"open","ping_status":"open","sticky":false,"template":"","format":"standard","meta":{"colormag_page_container_layout":"default_layout","colormag_page_sidebar_layout":"default_layout","footnotes":""},"categories":[84],"tags":[171],"class_list":["post-48610","post","type-post","status-publish","format-standard","has-post-thumbnail","hentry","category-politica","tag-diputados"],"a3_pvc":{"activated":true,"total_views":1065,"today_views":0},"_links":{"self":[{"href":"https:\/\/temucotelevision.cl\/web\/wp-json\/wp\/v2\/posts\/48610","targetHints":{"allow":["GET"]}}],"collection":[{"href":"https:\/\/temucotelevision.cl\/web\/wp-json\/wp\/v2\/posts"}],"about":[{"href":"https:\/\/temucotelevision.cl\/web\/wp-json\/wp\/v2\/types\/post"}],"author":[{"embeddable":true,"href":"https:\/\/temucotelevision.cl\/web\/wp-json\/wp\/v2\/users\/1"}],"replies":[{"embeddable":true,"href":"https:\/\/temucotelevision.cl\/web\/wp-json\/wp\/v2\/comments?post=48610"}],"version-history":[{"count":1,"href":"https:\/\/temucotelevision.cl\/web\/wp-json\/wp\/v2\/posts\/48610\/revisions"}],"predecessor-version":[{"id":48612,"href":"https:\/\/temucotelevision.cl\/web\/wp-json\/wp\/v2\/posts\/48610\/revisions\/48612"}],"wp:featuredmedia":[{"embeddable":true,"href":"https:\/\/temucotelevision.cl\/web\/wp-json\/wp\/v2\/media\/48611"}],"wp:attachment":[{"href":"https:\/\/temucotelevision.cl\/web\/wp-json\/wp\/v2\/media?parent=48610"}],"wp:term":[{"taxonomy":"category","embeddable":true,"href":"https:\/\/temucotelevision.cl\/web\/wp-json\/wp\/v2\/categories?post=48610"},{"taxonomy":"post_tag","embeddable":true,"href":"https:\/\/temucotelevision.cl\/web\/wp-json\/wp\/v2\/tags?post=48610"}],"curies":[{"name":"wp","href":"https:\/\/api.w.org\/{rel}","templated":true}]}}