{"id":48608,"date":"2024-03-18T15:19:28","date_gmt":"2024-03-18T18:19:28","guid":{"rendered":"https:\/\/temucotelevision.cl\/web\/?p=48608"},"modified":"2024-03-18T15:19:29","modified_gmt":"2024-03-18T18:19:29","slug":"diputado-jorge-rathgeb-refuerza-el-llamado-a-investigar-a-fondo-y-caiga-quien-caiga-tras-salida-de-general-director-de-la-pdi","status":"publish","type":"post","link":"https:\/\/temucotelevision.cl\/web\/2024\/03\/18\/diputado-jorge-rathgeb-refuerza-el-llamado-a-investigar-a-fondo-y-caiga-quien-caiga-tras-salida-de-general-director-de-la-pdi\/","title":{"rendered":"Diputado Jorge Rathgeb refuerza el llamado a investigar a fondo y \u201ccaiga quien caiga\u201d tras salida de General Director de la PDI"},"content":{"rendered":"<div class=\"pvc_clear\"><\/div><p id=\"pvc_stats_48608\" class=\"pvc_stats total_only  \" data-element-id=\"48608\" style=\"\"><i class=\"pvc-stats-icon large\" aria-hidden=\"true\"><svg aria-hidden=\"true\" focusable=\"false\" data-prefix=\"far\" data-icon=\"chart-bar\" role=\"img\" xmlns=\"http:\/\/www.w3.org\/2000\/svg\" viewBox=\"0 0 512 512\" class=\"svg-inline--fa fa-chart-bar fa-w-16 fa-2x\"><path fill=\"currentColor\" d=\"M396.8 352h22.4c6.4 0 12.8-6.4 12.8-12.8V108.8c0-6.4-6.4-12.8-12.8-12.8h-22.4c-6.4 0-12.8 6.4-12.8 12.8v230.4c0 6.4 6.4 12.8 12.8 12.8zm-192 0h22.4c6.4 0 12.8-6.4 12.8-12.8V140.8c0-6.4-6.4-12.8-12.8-12.8h-22.4c-6.4 0-12.8 6.4-12.8 12.8v198.4c0 6.4 6.4 12.8 12.8 12.8zm96 0h22.4c6.4 0 12.8-6.4 12.8-12.8V204.8c0-6.4-6.4-12.8-12.8-12.8h-22.4c-6.4 0-12.8 6.4-12.8 12.8v134.4c0 6.4 6.4 12.8 12.8 12.8zM496 400H48V80c0-8.84-7.16-16-16-16H16C7.16 64 0 71.16 0 80v336c0 17.67 14.33 32 32 32h464c8.84 0 16-7.16 16-16v-16c0-8.84-7.16-16-16-16zm-387.2-48h22.4c6.4 0 12.8-6.4 12.8-12.8v-70.4c0-6.4-6.4-12.8-12.8-12.8h-22.4c-6.4 0-12.8 6.4-12.8 12.8v70.4c0 6.4 6.4 12.8 12.8 12.8z\" class=\"\"><\/path><\/svg><\/i> <img loading=\"lazy\" decoding=\"async\" width=\"16\" height=\"16\" alt=\"Loading\" src=\"https:\/\/temucotelevision.cl\/web\/wp-content\/plugins\/page-views-count\/ajax-loader-2x.gif\" border=0 \/><\/p><div class=\"pvc_clear\"><\/div>\n<p><strong>El parlamentario indic\u00f3 que se debe indagar a fondo la situaci\u00f3n del otrora jefe nacional de la polic\u00eda civil tras la entrega de informaci\u00f3n privilegiada revelada en las \u00faltimas horas y que detonaron en su renuncia al cargo.<\/strong><\/p>\n\n\n\n<p>El ex General Director de la Polic\u00eda de Investigaciones, Sergio Mu\u00f1oz, ser\u00e1 formalizado por vulneraci\u00f3n de secreto, luego de que se dejara en evidencia que este entreg\u00f3 informaci\u00f3n privilegiada al abogado penalista, Luis Hermosilla.<\/p>\n\n\n\n<p>El diputado de Renovaci\u00f3n Nacional por La Araucan\u00eda y presidente regional de la colectividad, Jorge Rathgeb Schifferli, reiter\u00f3 lo se\u00f1alado apenas se supo de la filtraci\u00f3n de audios que se debe indagar todo lo ocurrido y con la consigna del \u201ccaiga quien caiga\u201d.<\/p>\n\n\n\n<p>Rathgeb indic\u00f3 que lo ocurrido es grave, debido a que se entreg\u00f3 informaci\u00f3n confidencial en el marco de una serie de investigaciones y que por ende las indagatorias deben revelar si ac\u00e1 existen m\u00e1s involucrados y revelar todas las causas por las cuales se entregaron antecedentes.<\/p>\n\n\n\n<p>Para el parlamentario esto debe sentar un precedente claro y es que nadie puede dar o entregar este tipo de datos.<\/p>\n\n\n\n<p>\u201cCuando sali\u00f3 a la luz p\u00fablica los audios que derivaron ahora en este tema y la salida del director general de la PDI, se\u00f1al\u00e9 que se debe indagar a fondo, sin miramientos de ning\u00fan tipo y con la pol\u00edtica del caiga quien caiga. Lo que se est\u00e1 indagando es grave y por lo mismo las indagatorias deben ser exhaustivas\u201d, indic\u00f3 Rathgeb.<\/p>\n\n\n\n<p>El legislador llam\u00f3 a todos los sectores a condenar lo ocurrido y a la Justicia a resolver esta situaci\u00f3n con especial ah\u00ednco, con el objetivo que la ciudadan\u00eda retome las confianzas de que realmente en Chile se act\u00faa acorde a las leyes.<\/p>\n","protected":false},"excerpt":{"rendered":"<div class=\"pvc_clear\"><\/div>\n<p id=\"pvc_stats_48608\" class=\"pvc_stats total_only  \" data-element-id=\"48608\" style=\"\"><i class=\"pvc-stats-icon large\" aria-hidden=\"true\"><svg aria-hidden=\"true\" focusable=\"false\" data-prefix=\"far\" data-icon=\"chart-bar\" role=\"img\" xmlns=\"http:\/\/www.w3.org\/2000\/svg\" viewBox=\"0 0 512 512\" class=\"svg-inline--fa fa-chart-bar fa-w-16 fa-2x\"><path fill=\"currentColor\" d=\"M396.8 352h22.4c6.4 0 12.8-6.4 12.8-12.8V108.8c0-6.4-6.4-12.8-12.8-12.8h-22.4c-6.4 0-12.8 6.4-12.8 12.8v230.4c0 6.4 6.4 12.8 12.8 12.8zm-192 0h22.4c6.4 0 12.8-6.4 12.8-12.8V140.8c0-6.4-6.4-12.8-12.8-12.8h-22.4c-6.4 0-12.8 6.4-12.8 12.8v198.4c0 6.4 6.4 12.8 12.8 12.8zm96 0h22.4c6.4 0 12.8-6.4 12.8-12.8V204.8c0-6.4-6.4-12.8-12.8-12.8h-22.4c-6.4 0-12.8 6.4-12.8 12.8v134.4c0 6.4 6.4 12.8 12.8 12.8zM496 400H48V80c0-8.84-7.16-16-16-16H16C7.16 64 0 71.16 0 80v336c0 17.67 14.33 32 32 32h464c8.84 0 16-7.16 16-16v-16c0-8.84-7.16-16-16-16zm-387.2-48h22.4c6.4 0 12.8-6.4 12.8-12.8v-70.4c0-6.4-6.4-12.8-12.8-12.8h-22.4c-6.4 0-12.8 6.4-12.8 12.8v70.4c0 6.4 6.4 12.8 12.8 12.8z\" class=\"\"><\/path><\/svg><\/i> <img loading=\"lazy\" decoding=\"async\" width=\"16\" height=\"16\" alt=\"Loading\" src=\"https:\/\/temucotelevision.cl\/web\/wp-content\/plugins\/page-views-count\/ajax-loader-2x.gif\" border=0 \/><\/p>\n<div class=\"pvc_clear\"><\/div>\n<p>El parlamentario indic\u00f3 que se debe indagar a fondo la situaci\u00f3n del otrora jefe nacional de la polic\u00eda civil tras<\/p>\n","protected":false},"author":1,"featured_media":45311,"comment_status":"open","ping_status":"open","sticky":false,"template":"","format":"standard","meta":{"colormag_page_container_layout":"default_layout","colormag_page_sidebar_layout":"default_layout","footnotes":""},"categories":[84],"tags":[154,76],"class_list":["post-48608","post","type-post","status-publish","format-standard","has-post-thumbnail","hentry","category-politica","tag-diputado","tag-pdi"],"a3_pvc":{"activated":true,"total_views":1285,"today_views":0},"_links":{"self":[{"href":"https:\/\/temucotelevision.cl\/web\/wp-json\/wp\/v2\/posts\/48608","targetHints":{"allow":["GET"]}}],"collection":[{"href":"https:\/\/temucotelevision.cl\/web\/wp-json\/wp\/v2\/posts"}],"about":[{"href":"https:\/\/temucotelevision.cl\/web\/wp-json\/wp\/v2\/types\/post"}],"author":[{"embeddable":true,"href":"https:\/\/temucotelevision.cl\/web\/wp-json\/wp\/v2\/users\/1"}],"replies":[{"embeddable":true,"href":"https:\/\/temucotelevision.cl\/web\/wp-json\/wp\/v2\/comments?post=48608"}],"version-history":[{"count":1,"href":"https:\/\/temucotelevision.cl\/web\/wp-json\/wp\/v2\/posts\/48608\/revisions"}],"predecessor-version":[{"id":48609,"href":"https:\/\/temucotelevision.cl\/web\/wp-json\/wp\/v2\/posts\/48608\/revisions\/48609"}],"wp:featuredmedia":[{"embeddable":true,"href":"https:\/\/temucotelevision.cl\/web\/wp-json\/wp\/v2\/media\/45311"}],"wp:attachment":[{"href":"https:\/\/temucotelevision.cl\/web\/wp-json\/wp\/v2\/media?parent=48608"}],"wp:term":[{"taxonomy":"category","embeddable":true,"href":"https:\/\/temucotelevision.cl\/web\/wp-json\/wp\/v2\/categories?post=48608"},{"taxonomy":"post_tag","embeddable":true,"href":"https:\/\/temucotelevision.cl\/web\/wp-json\/wp\/v2\/tags?post=48608"}],"curies":[{"name":"wp","href":"https:\/\/api.w.org\/{rel}","templated":true}]}}