{"id":48604,"date":"2024-03-18T14:43:47","date_gmt":"2024-03-18T17:43:47","guid":{"rendered":"https:\/\/temucotelevision.cl\/web\/?p=48604"},"modified":"2024-03-18T21:05:56","modified_gmt":"2024-03-19T00:05:56","slug":"joaquina-estrena-su-nuevo-single-escapar-de-mi-una-cancion-honesta-de-autodescubrimiento","status":"publish","type":"post","link":"https:\/\/temucotelevision.cl\/web\/2024\/03\/18\/joaquina-estrena-su-nuevo-single-escapar-de-mi-una-cancion-honesta-de-autodescubrimiento\/","title":{"rendered":"Joaquina estrena su nuevo single &#8220;Escapar De Mi&#8221;, una canci\u00f3n honesta de autodescubrimiento"},"content":{"rendered":"<div class=\"pvc_clear\"><\/div><p id=\"pvc_stats_48604\" class=\"pvc_stats total_only  \" data-element-id=\"48604\" style=\"\"><i class=\"pvc-stats-icon large\" aria-hidden=\"true\"><svg aria-hidden=\"true\" focusable=\"false\" data-prefix=\"far\" data-icon=\"chart-bar\" role=\"img\" xmlns=\"http:\/\/www.w3.org\/2000\/svg\" viewBox=\"0 0 512 512\" class=\"svg-inline--fa fa-chart-bar fa-w-16 fa-2x\"><path fill=\"currentColor\" d=\"M396.8 352h22.4c6.4 0 12.8-6.4 12.8-12.8V108.8c0-6.4-6.4-12.8-12.8-12.8h-22.4c-6.4 0-12.8 6.4-12.8 12.8v230.4c0 6.4 6.4 12.8 12.8 12.8zm-192 0h22.4c6.4 0 12.8-6.4 12.8-12.8V140.8c0-6.4-6.4-12.8-12.8-12.8h-22.4c-6.4 0-12.8 6.4-12.8 12.8v198.4c0 6.4 6.4 12.8 12.8 12.8zm96 0h22.4c6.4 0 12.8-6.4 12.8-12.8V204.8c0-6.4-6.4-12.8-12.8-12.8h-22.4c-6.4 0-12.8 6.4-12.8 12.8v134.4c0 6.4 6.4 12.8 12.8 12.8zM496 400H48V80c0-8.84-7.16-16-16-16H16C7.16 64 0 71.16 0 80v336c0 17.67 14.33 32 32 32h464c8.84 0 16-7.16 16-16v-16c0-8.84-7.16-16-16-16zm-387.2-48h22.4c6.4 0 12.8-6.4 12.8-12.8v-70.4c0-6.4-6.4-12.8-12.8-12.8h-22.4c-6.4 0-12.8 6.4-12.8 12.8v70.4c0 6.4 6.4 12.8 12.8 12.8z\" class=\"\"><\/path><\/svg><\/i> <img loading=\"lazy\" decoding=\"async\" width=\"16\" height=\"16\" alt=\"Loading\" src=\"https:\/\/temucotelevision.cl\/web\/wp-content\/plugins\/page-views-count\/ajax-loader-2x.gif\" border=0 \/><\/p><div class=\"pvc_clear\"><\/div>\n<p class=\"has-medium-font-size\"><strong>Joaquina, la narradora innata que capta la esencia de lo cotidiano la vida y su generaci\u00f3n a trav\u00e9s de su m\u00fasica lanza su primer sencillo del a\u00f1o, \u201cEscapar De Mi\u201d.<\/strong><\/p>\n\n\n\n<p>Con una sinceridad conmovedora y una vulnerabilidad palpable,&nbsp;<strong>Joaquina<\/strong>&nbsp;invita a sus oyentes a un viaje de autodescubrimiento a trav\u00e9s de esta innovadora canci\u00f3n que redefine los l\u00edmites del pop latino contempor\u00e1neo.<\/p>\n\n\n\n<p><strong>&#8220;Escapar De Mi&#8221;<\/strong>&nbsp;surge como un testimonio \u00edntimo de los momentos en los que uno se siente atrapado en su propia mente, donde la l\u00ednea entre la realidad y la ilusi\u00f3n se difumina.<\/p>\n\n\n\n<p>La artista profundiza en estas ideas y menciona,&nbsp;&#8220;la canci\u00f3n trata sobre un concepto que he sentido y querido escribir durante mucho tiempo. Abrirse a los miedos m\u00e1s profundos puede resultar incre\u00edblemente vulnerable y desafiante, pero muy curativo al final del d\u00eda. &#8216;Escapar de m\u00ed&#8217; sirve a la vez de desahogo y de oda, celebrando no s\u00f3lo la belleza interior sino tambi\u00e9n reconociendo las partes de nosotros mismos propensas al autosabotaje. Se siente muy bien poder hablar de algo como esto&#8221;.<\/p>\n\n\n\n<p>En el v\u00eddeo musical&nbsp;<strong>Joaquina<\/strong>&nbsp;visualiza la lucha interna entre la fantas\u00eda y la realidad. El v\u00eddeo fue filmado en Bogot\u00e1 y dirigido por su querida amiga y colaboradora Mar\u00eda Z\u00e1rate, quien tambi\u00e9n dirigi\u00f3 la Aclamado video por &#8220;Quise Quererte&#8221;.<\/p>\n\n\n\n<p>Con su visi\u00f3n art\u00edstica compartida, Z\u00e1rate capta magistralmente la esencia de la canci\u00f3n, llevando a los fan\u00e1ticos a un viaje visual que refleja la lucha interna de&nbsp;<strong>Joaquina<\/strong>&nbsp;para escapar de ella, su propio laberinto mental. &#8220;Escapar De Mi&#8221; no s\u00f3lo marca un hito en la carrera de Joaquina como voz l\u00edder de la nueva ola de los artistas pop latinos, pero tambi\u00e9n sirve como un poderoso recordatorio de la importancia del autodescubrimiento y la b\u00fasqueda de autenticidad en un mundo cada vez m\u00e1s complejo.<\/p>\n\n\n\n<figure class=\"wp-block-embed is-type-video is-provider-youtube wp-block-embed-youtube wp-embed-aspect-16-9 wp-has-aspect-ratio\"><div class=\"wp-block-embed__wrapper\">\n<div class=\"epyt-video-wrapper\"><iframe loading=\"lazy\"  id=\"_ytid_33970\"  width=\"800\" height=\"450\"  data-origwidth=\"800\" data-origheight=\"450\" src=\"https:\/\/www.youtube.com\/embed\/P9mYl_L3Y3A?enablejsapi=1&#038;autoplay=0&#038;cc_load_policy=0&#038;cc_lang_pref=&#038;iv_load_policy=1&#038;loop=0&#038;rel=1&#038;fs=1&#038;playsinline=0&#038;autohide=2&#038;theme=dark&#038;color=red&#038;controls=1&#038;disablekb=0&#038;\" class=\"__youtube_prefs__  epyt-is-override  no-lazyload\" title=\"YouTube player\"  allow=\"fullscreen; accelerometer; autoplay; clipboard-write; encrypted-media; gyroscope; picture-in-picture; web-share\" referrerpolicy=\"strict-origin-when-cross-origin\" allowfullscreen data-no-lazy=\"1\" data-skipgform_ajax_framebjll=\"\"><\/iframe><\/div>\n<\/div><\/figure>\n\n\n\n<p><\/p>\n\n\n\n<p><\/p>\n","protected":false},"excerpt":{"rendered":"<div class=\"pvc_clear\"><\/div>\n<p id=\"pvc_stats_48604\" class=\"pvc_stats total_only  \" data-element-id=\"48604\" style=\"\"><i class=\"pvc-stats-icon large\" aria-hidden=\"true\"><svg aria-hidden=\"true\" focusable=\"false\" data-prefix=\"far\" data-icon=\"chart-bar\" role=\"img\" xmlns=\"http:\/\/www.w3.org\/2000\/svg\" viewBox=\"0 0 512 512\" class=\"svg-inline--fa fa-chart-bar fa-w-16 fa-2x\"><path fill=\"currentColor\" d=\"M396.8 352h22.4c6.4 0 12.8-6.4 12.8-12.8V108.8c0-6.4-6.4-12.8-12.8-12.8h-22.4c-6.4 0-12.8 6.4-12.8 12.8v230.4c0 6.4 6.4 12.8 12.8 12.8zm-192 0h22.4c6.4 0 12.8-6.4 12.8-12.8V140.8c0-6.4-6.4-12.8-12.8-12.8h-22.4c-6.4 0-12.8 6.4-12.8 12.8v198.4c0 6.4 6.4 12.8 12.8 12.8zm96 0h22.4c6.4 0 12.8-6.4 12.8-12.8V204.8c0-6.4-6.4-12.8-12.8-12.8h-22.4c-6.4 0-12.8 6.4-12.8 12.8v134.4c0 6.4 6.4 12.8 12.8 12.8zM496 400H48V80c0-8.84-7.16-16-16-16H16C7.16 64 0 71.16 0 80v336c0 17.67 14.33 32 32 32h464c8.84 0 16-7.16 16-16v-16c0-8.84-7.16-16-16-16zm-387.2-48h22.4c6.4 0 12.8-6.4 12.8-12.8v-70.4c0-6.4-6.4-12.8-12.8-12.8h-22.4c-6.4 0-12.8 6.4-12.8 12.8v70.4c0 6.4 6.4 12.8 12.8 12.8z\" class=\"\"><\/path><\/svg><\/i> <img loading=\"lazy\" decoding=\"async\" width=\"16\" height=\"16\" alt=\"Loading\" src=\"https:\/\/temucotelevision.cl\/web\/wp-content\/plugins\/page-views-count\/ajax-loader-2x.gif\" border=0 \/><\/p>\n<div class=\"pvc_clear\"><\/div>\n<p>Joaquina, la narradora innata que capta la esencia de lo cotidiano la vida y su generaci\u00f3n a trav\u00e9s de su<\/p>\n","protected":false},"author":143,"featured_media":48605,"comment_status":"open","ping_status":"open","sticky":false,"template":"","format":"standard","meta":{"colormag_page_container_layout":"default_layout","colormag_page_sidebar_layout":"default_layout","footnotes":""},"categories":[369],"tags":[],"class_list":["post-48604","post","type-post","status-publish","format-standard","has-post-thumbnail","hentry","category-musica"],"a3_pvc":{"activated":true,"total_views":973,"today_views":0},"_links":{"self":[{"href":"https:\/\/temucotelevision.cl\/web\/wp-json\/wp\/v2\/posts\/48604","targetHints":{"allow":["GET"]}}],"collection":[{"href":"https:\/\/temucotelevision.cl\/web\/wp-json\/wp\/v2\/posts"}],"about":[{"href":"https:\/\/temucotelevision.cl\/web\/wp-json\/wp\/v2\/types\/post"}],"author":[{"embeddable":true,"href":"https:\/\/temucotelevision.cl\/web\/wp-json\/wp\/v2\/users\/143"}],"replies":[{"embeddable":true,"href":"https:\/\/temucotelevision.cl\/web\/wp-json\/wp\/v2\/comments?post=48604"}],"version-history":[{"count":2,"href":"https:\/\/temucotelevision.cl\/web\/wp-json\/wp\/v2\/posts\/48604\/revisions"}],"predecessor-version":[{"id":48621,"href":"https:\/\/temucotelevision.cl\/web\/wp-json\/wp\/v2\/posts\/48604\/revisions\/48621"}],"wp:featuredmedia":[{"embeddable":true,"href":"https:\/\/temucotelevision.cl\/web\/wp-json\/wp\/v2\/media\/48605"}],"wp:attachment":[{"href":"https:\/\/temucotelevision.cl\/web\/wp-json\/wp\/v2\/media?parent=48604"}],"wp:term":[{"taxonomy":"category","embeddable":true,"href":"https:\/\/temucotelevision.cl\/web\/wp-json\/wp\/v2\/categories?post=48604"},{"taxonomy":"post_tag","embeddable":true,"href":"https:\/\/temucotelevision.cl\/web\/wp-json\/wp\/v2\/tags?post=48604"}],"curies":[{"name":"wp","href":"https:\/\/api.w.org\/{rel}","templated":true}]}}