{"id":48588,"date":"2024-03-17T12:34:56","date_gmt":"2024-03-17T15:34:56","guid":{"rendered":"https:\/\/temucotelevision.cl\/web\/?p=48588"},"modified":"2024-03-17T12:34:57","modified_gmt":"2024-03-17T15:34:57","slug":"superintendencia-de-insolvencia-y-reempendimiento-que-hago-si-no-puedo-con-mis-deudas","status":"publish","type":"post","link":"https:\/\/temucotelevision.cl\/web\/2024\/03\/17\/superintendencia-de-insolvencia-y-reempendimiento-que-hago-si-no-puedo-con-mis-deudas\/","title":{"rendered":"Superintendencia de Insolvencia y Reempendimiento: \u00bfQu\u00e9 hago si no puedo con mis deudas?"},"content":{"rendered":"<div class=\"pvc_clear\"><\/div><p id=\"pvc_stats_48588\" class=\"pvc_stats total_only  \" data-element-id=\"48588\" style=\"\"><i class=\"pvc-stats-icon large\" aria-hidden=\"true\"><svg aria-hidden=\"true\" focusable=\"false\" data-prefix=\"far\" data-icon=\"chart-bar\" role=\"img\" xmlns=\"http:\/\/www.w3.org\/2000\/svg\" viewBox=\"0 0 512 512\" class=\"svg-inline--fa fa-chart-bar fa-w-16 fa-2x\"><path fill=\"currentColor\" d=\"M396.8 352h22.4c6.4 0 12.8-6.4 12.8-12.8V108.8c0-6.4-6.4-12.8-12.8-12.8h-22.4c-6.4 0-12.8 6.4-12.8 12.8v230.4c0 6.4 6.4 12.8 12.8 12.8zm-192 0h22.4c6.4 0 12.8-6.4 12.8-12.8V140.8c0-6.4-6.4-12.8-12.8-12.8h-22.4c-6.4 0-12.8 6.4-12.8 12.8v198.4c0 6.4 6.4 12.8 12.8 12.8zm96 0h22.4c6.4 0 12.8-6.4 12.8-12.8V204.8c0-6.4-6.4-12.8-12.8-12.8h-22.4c-6.4 0-12.8 6.4-12.8 12.8v134.4c0 6.4 6.4 12.8 12.8 12.8zM496 400H48V80c0-8.84-7.16-16-16-16H16C7.16 64 0 71.16 0 80v336c0 17.67 14.33 32 32 32h464c8.84 0 16-7.16 16-16v-16c0-8.84-7.16-16-16-16zm-387.2-48h22.4c6.4 0 12.8-6.4 12.8-12.8v-70.4c0-6.4-6.4-12.8-12.8-12.8h-22.4c-6.4 0-12.8 6.4-12.8 12.8v70.4c0 6.4 6.4 12.8 12.8 12.8z\" class=\"\"><\/path><\/svg><\/i> <img loading=\"lazy\" decoding=\"async\" width=\"16\" height=\"16\" alt=\"Loading\" src=\"https:\/\/temucotelevision.cl\/web\/wp-content\/plugins\/page-views-count\/ajax-loader-2x.gif\" border=0 \/><\/p><div class=\"pvc_clear\"><\/div>\n<p>En el D\u00eda Internacional del Consumidor la Superintendencia de Insolvencia y Reemprendimiento (Superir) hace el llamado a no temer al mes de marzo debido al alto nivel de gastos que conlleva. Si no m\u00e1s bien a interiorizarse en las alternativas existentes para enfrentar las posibles deudas personales.<\/p>\n\n\n\n<p>La Renegociaci\u00f3n, es un tr\u00e1mite absolutamente gratuito bajo el amparo de la Ley N.\u00ba 21.563, que permite a las personas llegar a acuerdo con todos sus acreedores, para que puedan pagar sus deudas mediante nuevas condiciones, bajando su carga financiera, que puede ser de m\u00e1s de un 90% a solo un 50%, en un procedimiento que no dura m\u00e1s de cuatro meses.<\/p>\n\n\n\n<p>Adem\u00e1s, no requiere contratar a un abogado particular y se puede solicitar tanto en las oficinas de la Superir como en la p\u00e1gina del servicio,&nbsp;<strong><u><a href=\"http:\/\/www.superir.gob.cl\/\" target=\"_blank\" rel=\"noreferrer noopener\">www.superir.gob.cl<\/a><\/u><\/strong>.<\/p>\n\n\n\n<p>En la misma l\u00ednea, la Superintendencia entreg\u00f3 recomendaciones que se basan en 3 ejes para ayudar al equilibrio financiero:<\/p>\n\n\n\n<p><strong>Organizaci\u00f3n:<\/strong><\/p>\n\n\n\n<p>Establecer un calendario actualizado de las fechas de vencimiento de las obligaciones, partiendo por los gastos fijos que son prioritarios como son: Dividendo, arriendo, servicios b\u00e1sicos, alimentaci\u00f3n, movilizaci\u00f3n, gastos de servicios, entre otros. De esta forma, sabr\u00e1 con seguridad lo que deber\u00e1 pagar cada mes y que es fundamental mantener al d\u00eda.<\/p>\n\n\n\n<p>Esta organizaci\u00f3n le permitir\u00e1 anticiparse y tomar medidas para ajustar sus gastos y\/o buscar ingresos adicionales si es necesario, teniendo el control de sus finanzas<\/p>\n\n\n\n<p><strong>Observaci\u00f3n:<\/strong><\/p>\n\n\n\n<p>Definido el calendario de obligaciones, revise los gastos y analice suscripciones, cobros autom\u00e1ticos de los que puede prescindir, buscando esos flujos de dinero que puede evitar en post de ajustar su plan de pagos. Siempre es necesario evaluar costos fijos que pueden ajustarse.<\/p>\n\n\n\n<p><strong>Evaluar su situaci\u00f3n financiera:<\/strong><\/p>\n\n\n\n<p>Una vez realizadas las acciones anteriores, analizar cuantos ingresos mensuales tiene hoy y tuvo en los 2 meses previos. Sume todos sus ingresos fijos reales (sueldo, jubilaci\u00f3n, rentas por negocio propio o arriendo, aportes de familiares, entre otros), cifra que le dar\u00e1 un promedio de ingresos, permiti\u00e9ndole proyectar y asignar prioridad, distribuyendo sus recursos, trazando un plan de gastos y pagos.<\/p>\n\n\n\n<p>Toda persona que percibe ingresos es sujeto de cr\u00e9dito y el endeudamiento va aparejado de tener un buen comportamiento; entonces, si usted tiene el control de sus finanzas, puede evaluar su econom\u00eda personal o familiar y trazar un plan para sobrellevar meses con m\u00e1s gastos que otros.<\/p>\n\n\n\n<p>Finalmente, para apoyar a los ciudadanos a visualizar su situaci\u00f3n de solvencia financiera, la Superir los invita a utilizar su calculadora de deudas ubicada en la p\u00e1gina web&nbsp;<a href=\"http:\/\/www.tenlaclara.cl\/\" target=\"_blank\" rel=\"noreferrer noopener\"><strong>www.tenlaclara.cl<\/strong><\/a>.&nbsp;<\/p>\n","protected":false},"excerpt":{"rendered":"<div class=\"pvc_clear\"><\/div>\n<p id=\"pvc_stats_48588\" class=\"pvc_stats total_only  \" data-element-id=\"48588\" style=\"\"><i class=\"pvc-stats-icon large\" aria-hidden=\"true\"><svg aria-hidden=\"true\" focusable=\"false\" data-prefix=\"far\" data-icon=\"chart-bar\" role=\"img\" xmlns=\"http:\/\/www.w3.org\/2000\/svg\" viewBox=\"0 0 512 512\" class=\"svg-inline--fa fa-chart-bar fa-w-16 fa-2x\"><path fill=\"currentColor\" d=\"M396.8 352h22.4c6.4 0 12.8-6.4 12.8-12.8V108.8c0-6.4-6.4-12.8-12.8-12.8h-22.4c-6.4 0-12.8 6.4-12.8 12.8v230.4c0 6.4 6.4 12.8 12.8 12.8zm-192 0h22.4c6.4 0 12.8-6.4 12.8-12.8V140.8c0-6.4-6.4-12.8-12.8-12.8h-22.4c-6.4 0-12.8 6.4-12.8 12.8v198.4c0 6.4 6.4 12.8 12.8 12.8zm96 0h22.4c6.4 0 12.8-6.4 12.8-12.8V204.8c0-6.4-6.4-12.8-12.8-12.8h-22.4c-6.4 0-12.8 6.4-12.8 12.8v134.4c0 6.4 6.4 12.8 12.8 12.8zM496 400H48V80c0-8.84-7.16-16-16-16H16C7.16 64 0 71.16 0 80v336c0 17.67 14.33 32 32 32h464c8.84 0 16-7.16 16-16v-16c0-8.84-7.16-16-16-16zm-387.2-48h22.4c6.4 0 12.8-6.4 12.8-12.8v-70.4c0-6.4-6.4-12.8-12.8-12.8h-22.4c-6.4 0-12.8 6.4-12.8 12.8v70.4c0 6.4 6.4 12.8 12.8 12.8z\" class=\"\"><\/path><\/svg><\/i> <img loading=\"lazy\" decoding=\"async\" width=\"16\" height=\"16\" alt=\"Loading\" src=\"https:\/\/temucotelevision.cl\/web\/wp-content\/plugins\/page-views-count\/ajax-loader-2x.gif\" border=0 \/><\/p>\n<div class=\"pvc_clear\"><\/div>\n<p>En el D\u00eda Internacional del Consumidor la Superintendencia de Insolvencia y Reemprendimiento (Superir) hace el llamado a no temer al<\/p>\n","protected":false},"author":1,"featured_media":48589,"comment_status":"open","ping_status":"open","sticky":false,"template":"","format":"standard","meta":{"colormag_page_container_layout":"default_layout","colormag_page_sidebar_layout":"default_layout","footnotes":""},"categories":[18,14],"tags":[544,663],"class_list":["post-48588","post","type-post","status-publish","format-standard","has-post-thumbnail","hentry","category-nacional","category-temuco","tag-gastos","tag-marzo"],"a3_pvc":{"activated":true,"total_views":3187,"today_views":0},"_links":{"self":[{"href":"https:\/\/temucotelevision.cl\/web\/wp-json\/wp\/v2\/posts\/48588","targetHints":{"allow":["GET"]}}],"collection":[{"href":"https:\/\/temucotelevision.cl\/web\/wp-json\/wp\/v2\/posts"}],"about":[{"href":"https:\/\/temucotelevision.cl\/web\/wp-json\/wp\/v2\/types\/post"}],"author":[{"embeddable":true,"href":"https:\/\/temucotelevision.cl\/web\/wp-json\/wp\/v2\/users\/1"}],"replies":[{"embeddable":true,"href":"https:\/\/temucotelevision.cl\/web\/wp-json\/wp\/v2\/comments?post=48588"}],"version-history":[{"count":1,"href":"https:\/\/temucotelevision.cl\/web\/wp-json\/wp\/v2\/posts\/48588\/revisions"}],"predecessor-version":[{"id":48590,"href":"https:\/\/temucotelevision.cl\/web\/wp-json\/wp\/v2\/posts\/48588\/revisions\/48590"}],"wp:featuredmedia":[{"embeddable":true,"href":"https:\/\/temucotelevision.cl\/web\/wp-json\/wp\/v2\/media\/48589"}],"wp:attachment":[{"href":"https:\/\/temucotelevision.cl\/web\/wp-json\/wp\/v2\/media?parent=48588"}],"wp:term":[{"taxonomy":"category","embeddable":true,"href":"https:\/\/temucotelevision.cl\/web\/wp-json\/wp\/v2\/categories?post=48588"},{"taxonomy":"post_tag","embeddable":true,"href":"https:\/\/temucotelevision.cl\/web\/wp-json\/wp\/v2\/tags?post=48588"}],"curies":[{"name":"wp","href":"https:\/\/api.w.org\/{rel}","templated":true}]}}