{"id":48586,"date":"2024-03-17T12:29:30","date_gmt":"2024-03-17T15:29:30","guid":{"rendered":"https:\/\/temucotelevision.cl\/web\/?p=48586"},"modified":"2024-03-17T12:35:57","modified_gmt":"2024-03-17T15:35:57","slug":"diputado-henry-leal-emplaza-al-gobierno-a-tramitar-proyecto-que-reduce-un-50-el-impuesto-especifico-a-los-combustibles-por-tres-meses","status":"publish","type":"post","link":"https:\/\/temucotelevision.cl\/web\/2024\/03\/17\/diputado-henry-leal-emplaza-al-gobierno-a-tramitar-proyecto-que-reduce-un-50-el-impuesto-especifico-a-los-combustibles-por-tres-meses\/","title":{"rendered":"Diputado Henry Leal emplaza al Gobierno a tramitar proyecto que reduce un 50% el Impuesto Espec\u00edfico a los Combustibles por tres meses"},"content":{"rendered":"<div class=\"pvc_clear\"><\/div><p id=\"pvc_stats_48586\" class=\"pvc_stats total_only  \" data-element-id=\"48586\" style=\"\"><i class=\"pvc-stats-icon large\" aria-hidden=\"true\"><svg aria-hidden=\"true\" focusable=\"false\" data-prefix=\"far\" data-icon=\"chart-bar\" role=\"img\" xmlns=\"http:\/\/www.w3.org\/2000\/svg\" viewBox=\"0 0 512 512\" class=\"svg-inline--fa fa-chart-bar fa-w-16 fa-2x\"><path fill=\"currentColor\" d=\"M396.8 352h22.4c6.4 0 12.8-6.4 12.8-12.8V108.8c0-6.4-6.4-12.8-12.8-12.8h-22.4c-6.4 0-12.8 6.4-12.8 12.8v230.4c0 6.4 6.4 12.8 12.8 12.8zm-192 0h22.4c6.4 0 12.8-6.4 12.8-12.8V140.8c0-6.4-6.4-12.8-12.8-12.8h-22.4c-6.4 0-12.8 6.4-12.8 12.8v198.4c0 6.4 6.4 12.8 12.8 12.8zm96 0h22.4c6.4 0 12.8-6.4 12.8-12.8V204.8c0-6.4-6.4-12.8-12.8-12.8h-22.4c-6.4 0-12.8 6.4-12.8 12.8v134.4c0 6.4 6.4 12.8 12.8 12.8zM496 400H48V80c0-8.84-7.16-16-16-16H16C7.16 64 0 71.16 0 80v336c0 17.67 14.33 32 32 32h464c8.84 0 16-7.16 16-16v-16c0-8.84-7.16-16-16-16zm-387.2-48h22.4c6.4 0 12.8-6.4 12.8-12.8v-70.4c0-6.4-6.4-12.8-12.8-12.8h-22.4c-6.4 0-12.8 6.4-12.8 12.8v70.4c0 6.4 6.4 12.8 12.8 12.8z\" class=\"\"><\/path><\/svg><\/i> <img loading=\"lazy\" decoding=\"async\" width=\"16\" height=\"16\" alt=\"Loading\" src=\"https:\/\/temucotelevision.cl\/web\/wp-content\/plugins\/page-views-count\/ajax-loader-2x.gif\" border=0 \/><\/p><div class=\"pvc_clear\"><\/div>\n<p><em>El representante de La Araucan\u00eda asegur\u00f3 que el litro de bencina podr\u00eda disminuir cerca de $250 si es que se aprueba dicha iniciativa, lo que permitir\u00eda atenuar el alza de $60 pesos que se prev\u00e9 para los pr\u00f3ximos treinta d\u00edas, de acuerdo a lo que advirtieron los expertos.<\/em><\/p>\n\n\n\n<p>Luego que distintos expertos advirtieran que el precio de las bencinas podr\u00eda aumentar hasta $60 pesos durante los pr\u00f3ximos 30 d\u00edas, el diputado por la Regi\u00f3n de La Araucan\u00eda e integrante de la comisi\u00f3n de Trabajo, Henry Leal (UDI), emplaz\u00f3 al Gobierno para que le otorgue m\u00e1xima urgencia al proyecto que presentaron hace exactamente dos a\u00f1os, y que tiene por finalidad reducir en un 50% el Impuesto Espec\u00edfico a los Combustibles por un plazo de tres meses, como una manera de apoyar econ\u00f3micamente a las familias de clase media y a los emprendedores que dependen de su uso.<\/p>\n\n\n\n<p>Al respecto, el parlamentario gremialista record\u00f3 que la iniciativa en cuesti\u00f3n fue ingresada a tr\u00e1mite el 17 de marzo de 2022, cuando el litro de bencina bordeaba los $1.000 pesos, sin que a la fecha haya comenzado su discusi\u00f3n en el Congreso. Por lo mismo, y considerando que en algunas comunas del pa\u00eds los combustibles ya superaron los $1.350 pesos, el diputado Leal calific\u00f3 como \u201curgente\u201d e \u201cindispensable\u201d que se eval\u00fae la reducci\u00f3n -de manera transitoria- de dicho gravamen.<\/p>\n\n\n\n<p>\u201cPareciera que el Gobierno y, en espec\u00edfico, el ministro de Hacienda, se olvid\u00f3 de apoyar a las familias chilenas en materia econ\u00f3mica. Las bencinas est\u00e1n llegando o superando los $1.350 pesos en distintas zonas del pa\u00eds, y pese a que los expertos advirtieron que subir\u00e1n otros $60 pesos m\u00e1s en menos de un mes, no vemos a ninguna autoridad proponiendo una soluci\u00f3n concreta\u201d, cuestion\u00f3 el representante del Distrito 23, quien en esa l\u00ednea record\u00f3 la ayuda que el Ejecutivo otorg\u00f3 al gremio de camioneros en noviembre del a\u00f1o 2022, cuando se comprometieron a enviar un proyecto de ley para frenar por cuatro meses el alza del di\u00e9sel, lo que les permiti\u00f3 deponer la paralizaci\u00f3n.<\/p>\n\n\n\n<p>En ese sentido, Leal explic\u00f3 que, de concretarse el proyecto de ley que ingresaron hace ya dos a\u00f1os, el litro de bencina disminuir\u00eda inmediatamente cerca de $250 pesos, logrando as\u00ed que los combustibles vuelvan a rondar los $1.000. Por lo tanto, insisti\u00f3 en su llamado al Gobierno a evaluar dicha iniciativa, sobre todo recordando que el alza que se prev\u00e9 para las pr\u00f3ximas semanas tambi\u00e9n podr\u00eda impactar en otros servicios y productos, como el transporte e incluso los alimentos.<\/p>\n\n\n\n<p>\u201cLas actuales autoridades tienen que entender que el aumento constante y descontrolado de los combustibles genera m\u00faltiples impactos a las familias chilenas, no s\u00f3lo porque les sale mucho m\u00e1s caro echar bencina, sino que tambi\u00e9n porque empiezan a subir los alimentos y una serie de otros servicios. Sin contar, adem\u00e1s, el enorme impacto que sufren los emprendedores o quienes trabajan con sus veh\u00edculos. Por lo mismo, cuando vemos que las bencinas subir\u00e1n cerca de $60 pesos en menos de un mes, pareciera del todo pertinente evaluar una soluci\u00f3n que permita frenar estos incrementos, tal como se hizo con los camioneros en su minuto\u201d, reiter\u00f3 el parlamentario por La Araucan\u00eda, quien finalmente explic\u00f3 que el proyecto propone rebajar dicho gravamen en un 50% durante tres meses, aunque deja abierta la posibilidad de extender el beneficio por otros 90 d\u00edas.<\/p>\n","protected":false},"excerpt":{"rendered":"<div class=\"pvc_clear\"><\/div>\n<p id=\"pvc_stats_48586\" class=\"pvc_stats total_only  \" data-element-id=\"48586\" style=\"\"><i class=\"pvc-stats-icon large\" aria-hidden=\"true\"><svg aria-hidden=\"true\" focusable=\"false\" data-prefix=\"far\" data-icon=\"chart-bar\" role=\"img\" xmlns=\"http:\/\/www.w3.org\/2000\/svg\" viewBox=\"0 0 512 512\" class=\"svg-inline--fa fa-chart-bar fa-w-16 fa-2x\"><path fill=\"currentColor\" d=\"M396.8 352h22.4c6.4 0 12.8-6.4 12.8-12.8V108.8c0-6.4-6.4-12.8-12.8-12.8h-22.4c-6.4 0-12.8 6.4-12.8 12.8v230.4c0 6.4 6.4 12.8 12.8 12.8zm-192 0h22.4c6.4 0 12.8-6.4 12.8-12.8V140.8c0-6.4-6.4-12.8-12.8-12.8h-22.4c-6.4 0-12.8 6.4-12.8 12.8v198.4c0 6.4 6.4 12.8 12.8 12.8zm96 0h22.4c6.4 0 12.8-6.4 12.8-12.8V204.8c0-6.4-6.4-12.8-12.8-12.8h-22.4c-6.4 0-12.8 6.4-12.8 12.8v134.4c0 6.4 6.4 12.8 12.8 12.8zM496 400H48V80c0-8.84-7.16-16-16-16H16C7.16 64 0 71.16 0 80v336c0 17.67 14.33 32 32 32h464c8.84 0 16-7.16 16-16v-16c0-8.84-7.16-16-16-16zm-387.2-48h22.4c6.4 0 12.8-6.4 12.8-12.8v-70.4c0-6.4-6.4-12.8-12.8-12.8h-22.4c-6.4 0-12.8 6.4-12.8 12.8v70.4c0 6.4 6.4 12.8 12.8 12.8z\" class=\"\"><\/path><\/svg><\/i> <img loading=\"lazy\" decoding=\"async\" width=\"16\" height=\"16\" alt=\"Loading\" src=\"https:\/\/temucotelevision.cl\/web\/wp-content\/plugins\/page-views-count\/ajax-loader-2x.gif\" border=0 \/><\/p>\n<div class=\"pvc_clear\"><\/div>\n<p>El representante de La Araucan\u00eda asegur\u00f3 que el litro de bencina podr\u00eda disminuir cerca de $250 si es que se<\/p>\n","protected":false},"author":1,"featured_media":7271,"comment_status":"open","ping_status":"open","sticky":false,"template":"","format":"standard","meta":{"colormag_page_container_layout":"default_layout","colormag_page_sidebar_layout":"default_layout","footnotes":""},"categories":[15,84],"tags":[3878,1350],"class_list":["post-48586","post","type-post","status-publish","format-standard","has-post-thumbnail","hentry","category-la-araucania","category-politica","tag-combustibles","tag-impuesto"],"a3_pvc":{"activated":true,"total_views":2085,"today_views":0},"_links":{"self":[{"href":"https:\/\/temucotelevision.cl\/web\/wp-json\/wp\/v2\/posts\/48586","targetHints":{"allow":["GET"]}}],"collection":[{"href":"https:\/\/temucotelevision.cl\/web\/wp-json\/wp\/v2\/posts"}],"about":[{"href":"https:\/\/temucotelevision.cl\/web\/wp-json\/wp\/v2\/types\/post"}],"author":[{"embeddable":true,"href":"https:\/\/temucotelevision.cl\/web\/wp-json\/wp\/v2\/users\/1"}],"replies":[{"embeddable":true,"href":"https:\/\/temucotelevision.cl\/web\/wp-json\/wp\/v2\/comments?post=48586"}],"version-history":[{"count":1,"href":"https:\/\/temucotelevision.cl\/web\/wp-json\/wp\/v2\/posts\/48586\/revisions"}],"predecessor-version":[{"id":48587,"href":"https:\/\/temucotelevision.cl\/web\/wp-json\/wp\/v2\/posts\/48586\/revisions\/48587"}],"wp:featuredmedia":[{"embeddable":true,"href":"https:\/\/temucotelevision.cl\/web\/wp-json\/wp\/v2\/media\/7271"}],"wp:attachment":[{"href":"https:\/\/temucotelevision.cl\/web\/wp-json\/wp\/v2\/media?parent=48586"}],"wp:term":[{"taxonomy":"category","embeddable":true,"href":"https:\/\/temucotelevision.cl\/web\/wp-json\/wp\/v2\/categories?post=48586"},{"taxonomy":"post_tag","embeddable":true,"href":"https:\/\/temucotelevision.cl\/web\/wp-json\/wp\/v2\/tags?post=48586"}],"curies":[{"name":"wp","href":"https:\/\/api.w.org\/{rel}","templated":true}]}}