{"id":48583,"date":"2024-03-16T20:44:49","date_gmt":"2024-03-16T23:44:49","guid":{"rendered":"https:\/\/temucotelevision.cl\/web\/?p=48583"},"modified":"2024-03-16T20:44:51","modified_gmt":"2024-03-16T23:44:51","slug":"senador-bianchi-emplazo-al-sml-por-la-falta-de-vehiculos-en-la-comuna-de-porvenir","status":"publish","type":"post","link":"https:\/\/temucotelevision.cl\/web\/2024\/03\/16\/senador-bianchi-emplazo-al-sml-por-la-falta-de-vehiculos-en-la-comuna-de-porvenir\/","title":{"rendered":"Senador Bianchi emplaz\u00f3 al SML por la falta de veh\u00edculos en la comuna de Porvenir"},"content":{"rendered":"<div class=\"pvc_clear\"><\/div><p id=\"pvc_stats_48583\" class=\"pvc_stats total_only  \" data-element-id=\"48583\" style=\"\"><i class=\"pvc-stats-icon large\" aria-hidden=\"true\"><svg aria-hidden=\"true\" focusable=\"false\" data-prefix=\"far\" data-icon=\"chart-bar\" role=\"img\" xmlns=\"http:\/\/www.w3.org\/2000\/svg\" viewBox=\"0 0 512 512\" class=\"svg-inline--fa fa-chart-bar fa-w-16 fa-2x\"><path fill=\"currentColor\" d=\"M396.8 352h22.4c6.4 0 12.8-6.4 12.8-12.8V108.8c0-6.4-6.4-12.8-12.8-12.8h-22.4c-6.4 0-12.8 6.4-12.8 12.8v230.4c0 6.4 6.4 12.8 12.8 12.8zm-192 0h22.4c6.4 0 12.8-6.4 12.8-12.8V140.8c0-6.4-6.4-12.8-12.8-12.8h-22.4c-6.4 0-12.8 6.4-12.8 12.8v198.4c0 6.4 6.4 12.8 12.8 12.8zm96 0h22.4c6.4 0 12.8-6.4 12.8-12.8V204.8c0-6.4-6.4-12.8-12.8-12.8h-22.4c-6.4 0-12.8 6.4-12.8 12.8v134.4c0 6.4 6.4 12.8 12.8 12.8zM496 400H48V80c0-8.84-7.16-16-16-16H16C7.16 64 0 71.16 0 80v336c0 17.67 14.33 32 32 32h464c8.84 0 16-7.16 16-16v-16c0-8.84-7.16-16-16-16zm-387.2-48h22.4c6.4 0 12.8-6.4 12.8-12.8v-70.4c0-6.4-6.4-12.8-12.8-12.8h-22.4c-6.4 0-12.8 6.4-12.8 12.8v70.4c0 6.4 6.4 12.8 12.8 12.8z\" class=\"\"><\/path><\/svg><\/i> <img loading=\"lazy\" decoding=\"async\" width=\"16\" height=\"16\" alt=\"Loading\" src=\"https:\/\/temucotelevision.cl\/web\/wp-content\/plugins\/page-views-count\/ajax-loader-2x.gif\" border=0 \/><\/p><div class=\"pvc_clear\"><\/div>\n<p><em>Los veh\u00edculos del servicio en Punta Arenas no se encuentran operativos y los vecinos de la comuna de Porvenir no tienen como trasladar a sus deudos, llegando a movilizarlos incluso en carros de Bomberos.<\/em><\/p>\n\n\n\n<p>Una grave situaci\u00f3n viven los vecinos de la comuna de Porvenir, en la regi\u00f3n de Magallanes, debido a la falta de veh\u00edculos por parte del Servicio M\u00e9dico Legal (SML), que oblig\u00f3 a trasladar a dos personas fallecidas en un veh\u00edculo institucional que proven\u00eda desde Natales, debido a que los veh\u00edculos de Punta Arenas no se encuentran en buen estado mec\u00e1nico.&nbsp;<\/p>\n\n\n\n<p>Al respecto el Senador por la regi\u00f3n, Karim Bianchi fue enf\u00e1tico en se\u00f1alar que \u201cno podemos aceptar este castigo a la comuna de porvenir y en las condiciones que hoy se encuentran, porque no es posible que dependan de solo un veh\u00edculo proveniente de Puerto Natales para el traslado de sus fallecidos o tener que trasladar a sus deudos en carros de bomberos\u201d.&nbsp;<\/p>\n\n\n\n<p>Asimismo, agreg\u00f3 \u201csabemos que durante estos d\u00edas debi\u00f3 salir desde Natales el \u00fanico m\u00f3vil que se encuentra operativo en nuestra regi\u00f3n para trasladarse hasta Porvenir, donde ocurrieron los dos decesos, para luego poder movilizar a las personas fallecidas hasta Punta Arenas donde se realiz\u00f3 la autopsia correspondiente\u201d.&nbsp;<\/p>\n\n\n\n<p>\u201cPor esta compleja y lamentable situaci\u00f3n hemos oficiado al Servicio M\u00e9dico Legal para que d\u00e9 cuenta de lo que est\u00e1 pasando en la comuna de porvenir, porque as\u00ed como se habla de la vida digna, tambi\u00e9n las personas merecen una muerte digna y la gente de porvenir necesitan una respuesta ahora y nosotros vamos hacer todo lo posible para que esta situaci\u00f3n irregular e inhumana se solucione a la brevedad\u201d, finaliz\u00f3 el parlamentario.<\/p>\n","protected":false},"excerpt":{"rendered":"<div class=\"pvc_clear\"><\/div>\n<p id=\"pvc_stats_48583\" class=\"pvc_stats total_only  \" data-element-id=\"48583\" style=\"\"><i class=\"pvc-stats-icon large\" aria-hidden=\"true\"><svg aria-hidden=\"true\" focusable=\"false\" data-prefix=\"far\" data-icon=\"chart-bar\" role=\"img\" xmlns=\"http:\/\/www.w3.org\/2000\/svg\" viewBox=\"0 0 512 512\" class=\"svg-inline--fa fa-chart-bar fa-w-16 fa-2x\"><path fill=\"currentColor\" d=\"M396.8 352h22.4c6.4 0 12.8-6.4 12.8-12.8V108.8c0-6.4-6.4-12.8-12.8-12.8h-22.4c-6.4 0-12.8 6.4-12.8 12.8v230.4c0 6.4 6.4 12.8 12.8 12.8zm-192 0h22.4c6.4 0 12.8-6.4 12.8-12.8V140.8c0-6.4-6.4-12.8-12.8-12.8h-22.4c-6.4 0-12.8 6.4-12.8 12.8v198.4c0 6.4 6.4 12.8 12.8 12.8zm96 0h22.4c6.4 0 12.8-6.4 12.8-12.8V204.8c0-6.4-6.4-12.8-12.8-12.8h-22.4c-6.4 0-12.8 6.4-12.8 12.8v134.4c0 6.4 6.4 12.8 12.8 12.8zM496 400H48V80c0-8.84-7.16-16-16-16H16C7.16 64 0 71.16 0 80v336c0 17.67 14.33 32 32 32h464c8.84 0 16-7.16 16-16v-16c0-8.84-7.16-16-16-16zm-387.2-48h22.4c6.4 0 12.8-6.4 12.8-12.8v-70.4c0-6.4-6.4-12.8-12.8-12.8h-22.4c-6.4 0-12.8 6.4-12.8 12.8v70.4c0 6.4 6.4 12.8 12.8 12.8z\" class=\"\"><\/path><\/svg><\/i> <img loading=\"lazy\" decoding=\"async\" width=\"16\" height=\"16\" alt=\"Loading\" src=\"https:\/\/temucotelevision.cl\/web\/wp-content\/plugins\/page-views-count\/ajax-loader-2x.gif\" border=0 \/><\/p>\n<div class=\"pvc_clear\"><\/div>\n<p>Los veh\u00edculos del servicio en Punta Arenas no se encuentran operativos y los vecinos de la comuna de Porvenir no<\/p>\n","protected":false},"author":1,"featured_media":48584,"comment_status":"open","ping_status":"open","sticky":false,"template":"","format":"standard","meta":{"colormag_page_container_layout":"default_layout","colormag_page_sidebar_layout":"default_layout","footnotes":""},"categories":[84],"tags":[1261,6251,307],"class_list":["post-48583","post","type-post","status-publish","format-standard","has-post-thumbnail","hentry","category-politica","tag-senador","tag-sml","tag-vehiculos"],"a3_pvc":{"activated":true,"total_views":939,"today_views":0},"_links":{"self":[{"href":"https:\/\/temucotelevision.cl\/web\/wp-json\/wp\/v2\/posts\/48583","targetHints":{"allow":["GET"]}}],"collection":[{"href":"https:\/\/temucotelevision.cl\/web\/wp-json\/wp\/v2\/posts"}],"about":[{"href":"https:\/\/temucotelevision.cl\/web\/wp-json\/wp\/v2\/types\/post"}],"author":[{"embeddable":true,"href":"https:\/\/temucotelevision.cl\/web\/wp-json\/wp\/v2\/users\/1"}],"replies":[{"embeddable":true,"href":"https:\/\/temucotelevision.cl\/web\/wp-json\/wp\/v2\/comments?post=48583"}],"version-history":[{"count":1,"href":"https:\/\/temucotelevision.cl\/web\/wp-json\/wp\/v2\/posts\/48583\/revisions"}],"predecessor-version":[{"id":48585,"href":"https:\/\/temucotelevision.cl\/web\/wp-json\/wp\/v2\/posts\/48583\/revisions\/48585"}],"wp:featuredmedia":[{"embeddable":true,"href":"https:\/\/temucotelevision.cl\/web\/wp-json\/wp\/v2\/media\/48584"}],"wp:attachment":[{"href":"https:\/\/temucotelevision.cl\/web\/wp-json\/wp\/v2\/media?parent=48583"}],"wp:term":[{"taxonomy":"category","embeddable":true,"href":"https:\/\/temucotelevision.cl\/web\/wp-json\/wp\/v2\/categories?post=48583"},{"taxonomy":"post_tag","embeddable":true,"href":"https:\/\/temucotelevision.cl\/web\/wp-json\/wp\/v2\/tags?post=48583"}],"curies":[{"name":"wp","href":"https:\/\/api.w.org\/{rel}","templated":true}]}}