{"id":48540,"date":"2024-03-13T00:13:44","date_gmt":"2024-03-13T03:13:44","guid":{"rendered":"https:\/\/temucotelevision.cl\/web\/?p=48540"},"modified":"2024-03-13T11:46:48","modified_gmt":"2024-03-13T14:46:48","slug":"vision-de-vanguardia-villarrica-y-su-futuro-en-el-turismo","status":"publish","type":"post","link":"https:\/\/temucotelevision.cl\/web\/2024\/03\/13\/vision-de-vanguardia-villarrica-y-su-futuro-en-el-turismo\/","title":{"rendered":"Villarrica: Proyectando el turismo del ma\u00f1ana"},"content":{"rendered":"<div class=\"pvc_clear\"><\/div><p id=\"pvc_stats_48540\" class=\"pvc_stats total_only  \" data-element-id=\"48540\" style=\"\"><i class=\"pvc-stats-icon large\" aria-hidden=\"true\"><svg aria-hidden=\"true\" focusable=\"false\" data-prefix=\"far\" data-icon=\"chart-bar\" role=\"img\" xmlns=\"http:\/\/www.w3.org\/2000\/svg\" viewBox=\"0 0 512 512\" class=\"svg-inline--fa fa-chart-bar fa-w-16 fa-2x\"><path fill=\"currentColor\" d=\"M396.8 352h22.4c6.4 0 12.8-6.4 12.8-12.8V108.8c0-6.4-6.4-12.8-12.8-12.8h-22.4c-6.4 0-12.8 6.4-12.8 12.8v230.4c0 6.4 6.4 12.8 12.8 12.8zm-192 0h22.4c6.4 0 12.8-6.4 12.8-12.8V140.8c0-6.4-6.4-12.8-12.8-12.8h-22.4c-6.4 0-12.8 6.4-12.8 12.8v198.4c0 6.4 6.4 12.8 12.8 12.8zm96 0h22.4c6.4 0 12.8-6.4 12.8-12.8V204.8c0-6.4-6.4-12.8-12.8-12.8h-22.4c-6.4 0-12.8 6.4-12.8 12.8v134.4c0 6.4 6.4 12.8 12.8 12.8zM496 400H48V80c0-8.84-7.16-16-16-16H16C7.16 64 0 71.16 0 80v336c0 17.67 14.33 32 32 32h464c8.84 0 16-7.16 16-16v-16c0-8.84-7.16-16-16-16zm-387.2-48h22.4c6.4 0 12.8-6.4 12.8-12.8v-70.4c0-6.4-6.4-12.8-12.8-12.8h-22.4c-6.4 0-12.8 6.4-12.8 12.8v70.4c0 6.4 6.4 12.8 12.8 12.8z\" class=\"\"><\/path><\/svg><\/i> <img loading=\"lazy\" decoding=\"async\" width=\"16\" height=\"16\" alt=\"Loading\" src=\"https:\/\/temucotelevision.cl\/web\/wp-content\/plugins\/page-views-count\/ajax-loader-2x.gif\" border=0 \/><\/p><div class=\"pvc_clear\"><\/div>\n<p>De una ciudad de paso, a una comuna tur\u00edstica, es as\u00ed como este destino en estos cortos \u00faltimos a\u00f1os se ha transformado en un im\u00e1n de difusi\u00f3n tur\u00edstica a nivel regional, nacional e internacional. Durante estos \u00faltimos a\u00f1os, Villarrica lleva mostr\u00e1ndose en los distintos medios de comunicaci\u00f3n como nunca antes, la gesti\u00f3n interna y municipal ha demostrado y mostrado al mundo los diversos atractivos tur\u00edsticos que tiene , sumando actividades de car\u00e1cter internacional \u201c Rally Mobil transmitido por ESPN\u201d \u201cLa cueca m\u00e1s larga de Chile\u201d \u201cPlan Influencer \u201c \u201cMundo Outdoor Villarrica\u201d \u201cEncuentro A\u00e9reo internacional \u201c son algunas actividades que resaltan, agregando que canales nacionales como Mega, Tvn, Chilevision, Canal 13 los han catalogado como un \u201cdestino de excelencia\u201d&nbsp;<\/p>\n\n\n\n<p>Empresarios tur\u00edsticos destacan la labor que en este \u00faltimo tiempo se ha hecho por el turismo de la comuna, realzando la integraci\u00f3n de diversos proyectos de inter\u00e9s tur\u00edsticos unificando a la comuna.<\/p>\n\n\n\n<p>Es as\u00ed como Bianca L\u00f3pez, empresaria del rubro y premiada a nivel nacional por Sernatur recalca lo siguiente:&nbsp;<\/p>\n\n\n\n<p>\u201cSoy Bianca L\u00f3pez due\u00f1a de caba\u00f1as bosques de loncotraro mi sue\u00f1o comenz\u00f3 hace 7 a\u00f1os&nbsp; junto a mis dos peque\u00f1os hijos. Quer\u00eda motivar la interacci\u00f3n con las personas y, sobre todo, mi apego con la naturaleza. Este sue\u00f1o lo comparto con otros enprendedores de nuestra comuna&nbsp; Villarrica. Entre nosotras vamos atravesando una monta\u00f1a interminable de desaf\u00edos y barreras, participando de gremios y capacitaciones para continuar creciendo. En esto ha jugado un rol fundamental la municipalidad de villarrica y su equipo de turismo liderados por su alcalde y encargado quienes nos unen, nos capacitan, implementan acciones coordinadas junto a nosotros para poner en valor nuestro destino siempre cuidando la sustentabilidad y avanzando en un turismo de naturaleza, Y en eso ha jugado la municipalidad y su equipo liderado por Crist\u00f3bal Bravo un tremendo rol.&nbsp;<\/p>\n\n\n\n<p>Alcalde Germ\u00e1n Vergara ha tenido una oportuna&nbsp; visi\u00f3n para poder potenciar esta cara de la ciudad tur\u00edstica, levantando esta industria tan importante para la econom\u00eda circular y local.<\/p>\n","protected":false},"excerpt":{"rendered":"<div class=\"pvc_clear\"><\/div>\n<p id=\"pvc_stats_48540\" class=\"pvc_stats total_only  \" data-element-id=\"48540\" style=\"\"><i class=\"pvc-stats-icon large\" aria-hidden=\"true\"><svg aria-hidden=\"true\" focusable=\"false\" data-prefix=\"far\" data-icon=\"chart-bar\" role=\"img\" xmlns=\"http:\/\/www.w3.org\/2000\/svg\" viewBox=\"0 0 512 512\" class=\"svg-inline--fa fa-chart-bar fa-w-16 fa-2x\"><path fill=\"currentColor\" d=\"M396.8 352h22.4c6.4 0 12.8-6.4 12.8-12.8V108.8c0-6.4-6.4-12.8-12.8-12.8h-22.4c-6.4 0-12.8 6.4-12.8 12.8v230.4c0 6.4 6.4 12.8 12.8 12.8zm-192 0h22.4c6.4 0 12.8-6.4 12.8-12.8V140.8c0-6.4-6.4-12.8-12.8-12.8h-22.4c-6.4 0-12.8 6.4-12.8 12.8v198.4c0 6.4 6.4 12.8 12.8 12.8zm96 0h22.4c6.4 0 12.8-6.4 12.8-12.8V204.8c0-6.4-6.4-12.8-12.8-12.8h-22.4c-6.4 0-12.8 6.4-12.8 12.8v134.4c0 6.4 6.4 12.8 12.8 12.8zM496 400H48V80c0-8.84-7.16-16-16-16H16C7.16 64 0 71.16 0 80v336c0 17.67 14.33 32 32 32h464c8.84 0 16-7.16 16-16v-16c0-8.84-7.16-16-16-16zm-387.2-48h22.4c6.4 0 12.8-6.4 12.8-12.8v-70.4c0-6.4-6.4-12.8-12.8-12.8h-22.4c-6.4 0-12.8 6.4-12.8 12.8v70.4c0 6.4 6.4 12.8 12.8 12.8z\" class=\"\"><\/path><\/svg><\/i> <img loading=\"lazy\" decoding=\"async\" width=\"16\" height=\"16\" alt=\"Loading\" src=\"https:\/\/temucotelevision.cl\/web\/wp-content\/plugins\/page-views-count\/ajax-loader-2x.gif\" border=0 \/><\/p>\n<div class=\"pvc_clear\"><\/div>\n<p>De una ciudad de paso, a una comuna tur\u00edstica, es as\u00ed como este destino en estos cortos \u00faltimos a\u00f1os se<\/p>\n","protected":false},"author":1,"featured_media":48541,"comment_status":"open","ping_status":"open","sticky":false,"template":"","format":"standard","meta":{"colormag_page_container_layout":"default_layout","colormag_page_sidebar_layout":"default_layout","footnotes":""},"categories":[14],"tags":[94,204],"class_list":["post-48540","post","type-post","status-publish","format-standard","has-post-thumbnail","hentry","category-temuco","tag-turismo","tag-villarrica"],"a3_pvc":{"activated":true,"total_views":3053,"today_views":0},"_links":{"self":[{"href":"https:\/\/temucotelevision.cl\/web\/wp-json\/wp\/v2\/posts\/48540","targetHints":{"allow":["GET"]}}],"collection":[{"href":"https:\/\/temucotelevision.cl\/web\/wp-json\/wp\/v2\/posts"}],"about":[{"href":"https:\/\/temucotelevision.cl\/web\/wp-json\/wp\/v2\/types\/post"}],"author":[{"embeddable":true,"href":"https:\/\/temucotelevision.cl\/web\/wp-json\/wp\/v2\/users\/1"}],"replies":[{"embeddable":true,"href":"https:\/\/temucotelevision.cl\/web\/wp-json\/wp\/v2\/comments?post=48540"}],"version-history":[{"count":3,"href":"https:\/\/temucotelevision.cl\/web\/wp-json\/wp\/v2\/posts\/48540\/revisions"}],"predecessor-version":[{"id":48545,"href":"https:\/\/temucotelevision.cl\/web\/wp-json\/wp\/v2\/posts\/48540\/revisions\/48545"}],"wp:featuredmedia":[{"embeddable":true,"href":"https:\/\/temucotelevision.cl\/web\/wp-json\/wp\/v2\/media\/48541"}],"wp:attachment":[{"href":"https:\/\/temucotelevision.cl\/web\/wp-json\/wp\/v2\/media?parent=48540"}],"wp:term":[{"taxonomy":"category","embeddable":true,"href":"https:\/\/temucotelevision.cl\/web\/wp-json\/wp\/v2\/categories?post=48540"},{"taxonomy":"post_tag","embeddable":true,"href":"https:\/\/temucotelevision.cl\/web\/wp-json\/wp\/v2\/tags?post=48540"}],"curies":[{"name":"wp","href":"https:\/\/api.w.org\/{rel}","templated":true}]}}