{"id":48368,"date":"2024-03-06T08:41:10","date_gmt":"2024-03-06T11:41:10","guid":{"rendered":"https:\/\/temucotelevision.cl\/web\/?p=48368"},"modified":"2024-03-06T08:41:10","modified_gmt":"2024-03-06T11:41:10","slug":"ano-legislativo-diputado-henry-leal-pide-al-gobierno-priorizar-proyectos-en-seguridad-reactivacion-economica-y-pensiones","status":"publish","type":"post","link":"https:\/\/temucotelevision.cl\/web\/2024\/03\/06\/ano-legislativo-diputado-henry-leal-pide-al-gobierno-priorizar-proyectos-en-seguridad-reactivacion-economica-y-pensiones\/","title":{"rendered":"A\u00f1o legislativo: Diputado Henry Leal pide al Gobierno priorizar proyectos en seguridad, reactivaci\u00f3n econ\u00f3mica y pensiones"},"content":{"rendered":"<div class=\"pvc_clear\"><\/div><p id=\"pvc_stats_48368\" class=\"pvc_stats total_only  \" data-element-id=\"48368\" style=\"\"><i class=\"pvc-stats-icon large\" aria-hidden=\"true\"><svg aria-hidden=\"true\" focusable=\"false\" data-prefix=\"far\" data-icon=\"chart-bar\" role=\"img\" xmlns=\"http:\/\/www.w3.org\/2000\/svg\" viewBox=\"0 0 512 512\" class=\"svg-inline--fa fa-chart-bar fa-w-16 fa-2x\"><path fill=\"currentColor\" d=\"M396.8 352h22.4c6.4 0 12.8-6.4 12.8-12.8V108.8c0-6.4-6.4-12.8-12.8-12.8h-22.4c-6.4 0-12.8 6.4-12.8 12.8v230.4c0 6.4 6.4 12.8 12.8 12.8zm-192 0h22.4c6.4 0 12.8-6.4 12.8-12.8V140.8c0-6.4-6.4-12.8-12.8-12.8h-22.4c-6.4 0-12.8 6.4-12.8 12.8v198.4c0 6.4 6.4 12.8 12.8 12.8zm96 0h22.4c6.4 0 12.8-6.4 12.8-12.8V204.8c0-6.4-6.4-12.8-12.8-12.8h-22.4c-6.4 0-12.8 6.4-12.8 12.8v134.4c0 6.4 6.4 12.8 12.8 12.8zM496 400H48V80c0-8.84-7.16-16-16-16H16C7.16 64 0 71.16 0 80v336c0 17.67 14.33 32 32 32h464c8.84 0 16-7.16 16-16v-16c0-8.84-7.16-16-16-16zm-387.2-48h22.4c6.4 0 12.8-6.4 12.8-12.8v-70.4c0-6.4-6.4-12.8-12.8-12.8h-22.4c-6.4 0-12.8 6.4-12.8 12.8v70.4c0 6.4 6.4 12.8 12.8 12.8z\" class=\"\"><\/path><\/svg><\/i> <img loading=\"lazy\" decoding=\"async\" width=\"16\" height=\"16\" alt=\"Loading\" src=\"https:\/\/temucotelevision.cl\/web\/wp-content\/plugins\/page-views-count\/ajax-loader-2x.gif\" border=0 \/><\/p><div class=\"pvc_clear\"><\/div>\n<p><em>El representante de La Araucan\u00eda calific\u00f3 como \u201curgente\u201d poder sacar adelante la nueva Ley de Inteligencia y la de Infraestructura Cr\u00edtica, adem\u00e1s de alcanzar un acuerdo en materia de jubilaciones y lograr una pronta soluci\u00f3n a la crisis que vive el sistema de salud en el pa\u00eds.<\/em><\/p>\n\n\n\n<p>Tras la reanudaci\u00f3n del a\u00f1o legislativo 2024, el diputado por la Regi\u00f3n de La Araucan\u00eda e integrante de las comisiones de Seguridad Ciudadana y Trabajo, Henry Leal, llam\u00f3 al Gobierno a priorizar dentro de su agenda todos los proyectos en materia de seguridad que contin\u00faan pendientes, como tambi\u00e9n las iniciativas que apunten a reactivar la econom\u00eda e inversi\u00f3n en el pa\u00eds, adem\u00e1s de la reforma de pensiones, respecto de la cual a\u00fan no existe un acuerdo sobre el destino de la cotizaci\u00f3n adicional.<\/p>\n\n\n\n<p>Al respecto, y dada la grave crisis delictual por la que actualmente atraviesa gran parte del territorio nacional, y que durante los \u00faltimos d\u00edas se agrav\u00f3 a\u00fan m\u00e1s a partir del secuestro y homicidio del ex militar venezolano, Ronald Ojeda -quien se encontraba en calidad de refugiado-, el parlamentario de la UDI asegur\u00f3 que resulta \u201cindispensable\u201d destrabar la agenda de seguridad que el propio Ejecutivo se comprometi\u00f3 a apoyar, de los cuales todav\u00eda hay cerca de diez proyectos sin aprobarse.<\/p>\n\n\n\n<p>En esa l\u00ednea, entre las iniciativas que el representante del Distrito 23 solicit\u00f3 destrabar su tramitaci\u00f3n, est\u00e1 el de Infraestructura Cr\u00edtica, que permitir\u00e1 a las Fuerzas Armadas poder resguardar los lugares y espacios estrat\u00e9gicos del pa\u00eds; la nueva Ley de Inteligencia, para justamente anticiparse a las actividades delictivas que planeen desarrollar las organizaciones criminales y terroristas, y las Reglas del Uso de la Fuerza (RUF), para justamente respaldar a las polic\u00edas y a las FF.AA. en su actuar.<\/p>\n\n\n\n<p>\u201cHa transcurrido casi un a\u00f1o desde que el Gobierno se comprometi\u00f3 con el Congreso a sacar adelante un conjunto de proyectos de ley en materia de seguridad, pero lamentablemente no han cumplido producto de las diferencias internas que han existido de su propia coalici\u00f3n. Estamos hablando de una serie de iniciativas y modificaciones que buscan enfrentar de mejor manera el crimen organizado, la delincuencia y el narcotr\u00e1fico que opera en nuestro pa\u00eds, de manera que no puede existir ning\u00fan argumento para seguir dilatando su aprobaci\u00f3n\u201d, se\u00f1al\u00f3 el diputado Henry Leal.<\/p>\n\n\n\n<p>Pero adem\u00e1s, el parlamentario de la Bancada UDI tambi\u00e9n llam\u00f3 al Ejecutivo a promover -a la brevedad posible- un acuerdo en materia de pensiones, cuya reforma se encuentra en el Senado sin que exista claridad sobre su futuro. Asimismo, calific\u00f3 como \u201curgente\u201d lograr una soluci\u00f3n ante la grave crisis que vive el sistema de salud en todo el pa\u00eds, considerando que una eventual quiebra de las Isapres y los centros privados tambi\u00e9n podr\u00eda incidir directamente en los usuarios de Fonasa.<\/p>\n\n\n\n<p>Por \u00faltimo, Leal solicit\u00f3 priorizar -con la misma urgencia- los proyectos que permitan reactivar e incentivar la econom\u00eda en Chile, sobre todo en regiones como La Araucan\u00eda, dado el panorama poco alentador que existe en el sector. \u201cSi realmente queremos que los chilenos mejoren sus condiciones de vida en el corto y mediano plazo, es fundamental que pensemos en una agenda pro inversi\u00f3n que nos permita volver a crecer y generar empleos en nuestro pa\u00eds. Es indispensable que el Gobierno se preocupe e interese por sacarnos de este letargo en que estamos\u201d, reiter\u00f3 el legislador gremialista.<\/p>\n","protected":false},"excerpt":{"rendered":"<div class=\"pvc_clear\"><\/div>\n<p id=\"pvc_stats_48368\" class=\"pvc_stats total_only  \" data-element-id=\"48368\" style=\"\"><i class=\"pvc-stats-icon large\" aria-hidden=\"true\"><svg aria-hidden=\"true\" focusable=\"false\" data-prefix=\"far\" data-icon=\"chart-bar\" role=\"img\" xmlns=\"http:\/\/www.w3.org\/2000\/svg\" viewBox=\"0 0 512 512\" class=\"svg-inline--fa fa-chart-bar fa-w-16 fa-2x\"><path fill=\"currentColor\" d=\"M396.8 352h22.4c6.4 0 12.8-6.4 12.8-12.8V108.8c0-6.4-6.4-12.8-12.8-12.8h-22.4c-6.4 0-12.8 6.4-12.8 12.8v230.4c0 6.4 6.4 12.8 12.8 12.8zm-192 0h22.4c6.4 0 12.8-6.4 12.8-12.8V140.8c0-6.4-6.4-12.8-12.8-12.8h-22.4c-6.4 0-12.8 6.4-12.8 12.8v198.4c0 6.4 6.4 12.8 12.8 12.8zm96 0h22.4c6.4 0 12.8-6.4 12.8-12.8V204.8c0-6.4-6.4-12.8-12.8-12.8h-22.4c-6.4 0-12.8 6.4-12.8 12.8v134.4c0 6.4 6.4 12.8 12.8 12.8zM496 400H48V80c0-8.84-7.16-16-16-16H16C7.16 64 0 71.16 0 80v336c0 17.67 14.33 32 32 32h464c8.84 0 16-7.16 16-16v-16c0-8.84-7.16-16-16-16zm-387.2-48h22.4c6.4 0 12.8-6.4 12.8-12.8v-70.4c0-6.4-6.4-12.8-12.8-12.8h-22.4c-6.4 0-12.8 6.4-12.8 12.8v70.4c0 6.4 6.4 12.8 12.8 12.8z\" class=\"\"><\/path><\/svg><\/i> <img loading=\"lazy\" decoding=\"async\" width=\"16\" height=\"16\" alt=\"Loading\" src=\"https:\/\/temucotelevision.cl\/web\/wp-content\/plugins\/page-views-count\/ajax-loader-2x.gif\" border=0 \/><\/p>\n<div class=\"pvc_clear\"><\/div>\n<p>El representante de La Araucan\u00eda calific\u00f3 como \u201curgente\u201d poder sacar adelante la nueva Ley de Inteligencia y la de Infraestructura<\/p>\n","protected":false},"author":1,"featured_media":41427,"comment_status":"open","ping_status":"open","sticky":false,"template":"","format":"standard","meta":{"colormag_page_container_layout":"default_layout","colormag_page_sidebar_layout":"default_layout","footnotes":""},"categories":[84],"tags":[154],"class_list":["post-48368","post","type-post","status-publish","format-standard","has-post-thumbnail","hentry","category-politica","tag-diputado"],"a3_pvc":{"activated":true,"total_views":1009,"today_views":0},"_links":{"self":[{"href":"https:\/\/temucotelevision.cl\/web\/wp-json\/wp\/v2\/posts\/48368","targetHints":{"allow":["GET"]}}],"collection":[{"href":"https:\/\/temucotelevision.cl\/web\/wp-json\/wp\/v2\/posts"}],"about":[{"href":"https:\/\/temucotelevision.cl\/web\/wp-json\/wp\/v2\/types\/post"}],"author":[{"embeddable":true,"href":"https:\/\/temucotelevision.cl\/web\/wp-json\/wp\/v2\/users\/1"}],"replies":[{"embeddable":true,"href":"https:\/\/temucotelevision.cl\/web\/wp-json\/wp\/v2\/comments?post=48368"}],"version-history":[{"count":1,"href":"https:\/\/temucotelevision.cl\/web\/wp-json\/wp\/v2\/posts\/48368\/revisions"}],"predecessor-version":[{"id":48369,"href":"https:\/\/temucotelevision.cl\/web\/wp-json\/wp\/v2\/posts\/48368\/revisions\/48369"}],"wp:featuredmedia":[{"embeddable":true,"href":"https:\/\/temucotelevision.cl\/web\/wp-json\/wp\/v2\/media\/41427"}],"wp:attachment":[{"href":"https:\/\/temucotelevision.cl\/web\/wp-json\/wp\/v2\/media?parent=48368"}],"wp:term":[{"taxonomy":"category","embeddable":true,"href":"https:\/\/temucotelevision.cl\/web\/wp-json\/wp\/v2\/categories?post=48368"},{"taxonomy":"post_tag","embeddable":true,"href":"https:\/\/temucotelevision.cl\/web\/wp-json\/wp\/v2\/tags?post=48368"}],"curies":[{"name":"wp","href":"https:\/\/api.w.org\/{rel}","templated":true}]}}