{"id":48365,"date":"2024-03-06T08:38:39","date_gmt":"2024-03-06T11:38:39","guid":{"rendered":"https:\/\/temucotelevision.cl\/web\/?p=48365"},"modified":"2024-03-06T08:38:40","modified_gmt":"2024-03-06T11:38:40","slug":"comienza-la-fiscalizacion-a-vehiculos-y-conductores-del-transporte-escolar-en-la-araucania","status":"publish","type":"post","link":"https:\/\/temucotelevision.cl\/web\/2024\/03\/06\/comienza-la-fiscalizacion-a-vehiculos-y-conductores-del-transporte-escolar-en-la-araucania\/","title":{"rendered":"Comienza la fiscalizaci\u00f3n a veh\u00edculos y conductores del transporte escolar en La Araucan\u00eda"},"content":{"rendered":"<div class=\"pvc_clear\"><\/div><p id=\"pvc_stats_48365\" class=\"pvc_stats total_only  \" data-element-id=\"48365\" style=\"\"><i class=\"pvc-stats-icon large\" aria-hidden=\"true\"><svg aria-hidden=\"true\" focusable=\"false\" data-prefix=\"far\" data-icon=\"chart-bar\" role=\"img\" xmlns=\"http:\/\/www.w3.org\/2000\/svg\" viewBox=\"0 0 512 512\" class=\"svg-inline--fa fa-chart-bar fa-w-16 fa-2x\"><path fill=\"currentColor\" d=\"M396.8 352h22.4c6.4 0 12.8-6.4 12.8-12.8V108.8c0-6.4-6.4-12.8-12.8-12.8h-22.4c-6.4 0-12.8 6.4-12.8 12.8v230.4c0 6.4 6.4 12.8 12.8 12.8zm-192 0h22.4c6.4 0 12.8-6.4 12.8-12.8V140.8c0-6.4-6.4-12.8-12.8-12.8h-22.4c-6.4 0-12.8 6.4-12.8 12.8v198.4c0 6.4 6.4 12.8 12.8 12.8zm96 0h22.4c6.4 0 12.8-6.4 12.8-12.8V204.8c0-6.4-6.4-12.8-12.8-12.8h-22.4c-6.4 0-12.8 6.4-12.8 12.8v134.4c0 6.4 6.4 12.8 12.8 12.8zM496 400H48V80c0-8.84-7.16-16-16-16H16C7.16 64 0 71.16 0 80v336c0 17.67 14.33 32 32 32h464c8.84 0 16-7.16 16-16v-16c0-8.84-7.16-16-16-16zm-387.2-48h22.4c6.4 0 12.8-6.4 12.8-12.8v-70.4c0-6.4-6.4-12.8-12.8-12.8h-22.4c-6.4 0-12.8 6.4-12.8 12.8v70.4c0 6.4 6.4 12.8 12.8 12.8z\" class=\"\"><\/path><\/svg><\/i> <img loading=\"lazy\" decoding=\"async\" width=\"16\" height=\"16\" alt=\"Loading\" src=\"https:\/\/temucotelevision.cl\/web\/wp-content\/plugins\/page-views-count\/ajax-loader-2x.gif\" border=0 \/><\/p><div class=\"pvc_clear\"><\/div>\n<ul class=\"wp-block-list\">\n<li><em>El acto que abri\u00f3 formalmente el proceso tuvo lugar en la Escuela de Formaci\u00f3n de Carabineros.<\/em><\/li>\n<\/ul>\n\n\n\n<ul class=\"wp-block-list\">\n<li><em>Revisar que el veh\u00edculo est\u00e9 inscrito en el Registro Nacional de Transporte Escolar y que cuente con el certificado respectivo para realizar el servicio, es fundamental antes de elegir el medio de traslado de los menores.<\/em><em><\/em><\/li>\n<\/ul>\n\n\n\n<p>Se dio inicio al proceso de fiscalizaci\u00f3n de veh\u00edculos y conductores del transporte escolar en la regi\u00f3n de La Araucan\u00eda. El acto inaugural se llev\u00f3 a cabo en la Escuela de Formaci\u00f3n de Carabineros, marcando el comienzo de una serie de acciones coordinadas para garantizar la seguridad vial de los menores durante sus trayectos diarios hacia los establecimientos educacionales.<em><\/em><\/p>\n\n\n\n<p>La iniciativa, liderada por el equipo de Conaset y de Fiscalizaci\u00f3n de la Seremi de Transportes y Telecomunicaciones, cont\u00f3 con la colaboraci\u00f3n de Carabineros de la zona, en una jornada que tuvo como objetivo reforzar la importancia de cumplir con los requisitos legales y de seguridad para el transporte escolar.<\/p>\n\n\n\n<p>En palabras de la seremi de Transportes y Telecomunicaciones, Mary Valdebenito, &#8220;fortalecer la seguridad de los menores durante sus traslados diarios es una prioridad para nosotros. Trabajamos en estrecha colaboraci\u00f3n con Carabineros y otras instituciones para garantizar que los veh\u00edculos y conductores cumplan con los est\u00e1ndares necesarios para brindar un servicio seguro y confiable&#8221;.<\/p>\n\n\n\n<p>Durante la jornada, se enfatiz\u00f3 la necesidad de que los padres participen activamente como primeros fiscalizadores, revisando detalladamente las caracter\u00edsticas del servicio contratado. La inscripci\u00f3n del transporte escolar puede ser verificada ingresando la patente del veh\u00edculo en los sitios web <a href=\"http:\/\/www.mtt.cl\/\">www.mtt.cl<\/a> o <a href=\"http:\/\/www.fiscalizacion.cl\/\">www.fiscalizacion.cl<\/a>.<\/p>\n\n\n\n<p>El coronel \u00c1lvaro Mart\u00ednez, prefecto de la Repartici\u00f3n de Carabineros, tambi\u00e9n brind\u00f3 consejos importantes para los padres al momento de contratar el transporte escolar de sus hijos. Destac\u00f3 la importancia de conocer el tipo de veh\u00edculo, qui\u00e9n acompa\u00f1ar\u00e1 a los menores y qu\u00e9 medidas de seguridad se han implementado para proteger su integridad f\u00edsica. \u201cEs muy importante para los pap\u00e1s, verificar el tipo de veh\u00edculo en que se van a trasladar los menores, saber qui\u00e9n los va a acompa\u00f1ar y quien los asistir\u00e1 cuando lleguen a los establecimientos correspondientes. Principalmente que cuenten con las medidas de seguridad necesarias, para asegurar los desplazamientos de los menores y de su integridad f\u00edsica, ante un eventual accidente de tr\u00e1nsito y ante cualquier duda consultarlo inmediatamente con Carabineros\u201d.<\/p>\n\n\n\n<p>La seremi de Educaci\u00f3n, Marcela Castro, resalt\u00f3 la importancia de este tipo de acciones coordinadas para garantizar la seguridad de los estudiantes durante sus trayectos escolares. &#8220;Es fundamental que el transporte escolar cumpla con los m\u00e1s altos est\u00e1ndares de seguridad y calidad para proteger a nuestros ni\u00f1os y ni\u00f1as en su camino hacia la educaci\u00f3n&#8221;, afirm\u00f3.<\/p>\n\n\n\n<p>Por su parte, Lissy Cerda, directora de Senda Araucan\u00eda, destac\u00f3 el rol crucial de la prevenci\u00f3n en la seguridad vial de los menores. &#8220;Es importante que desde temprana edad se promueva un entorno seguro y saludable para nuestros ni\u00f1os, incluyendo medidas de prevenci\u00f3n en el transporte escolar&#8221;, se\u00f1al\u00f3.<\/p>\n\n\n\n<p>La jornada, organizada por la Seremi de Transportes en conjunto con Carabineros y la Confederaci\u00f3n Nacional de Transportistas, cont\u00f3 con la participaci\u00f3n de diversas autoridades y representantes de instituciones relevantes en la regi\u00f3n de La Araucan\u00eda.<\/p>\n\n\n\n<p>Con acciones como esta, se busca reafirmar el compromiso con la seguridad vial de los estudiantes y garantizar que el transporte escolar cumpla con los m\u00e1s altos est\u00e1ndares de calidad y seguridad en la regi\u00f3n de La Araucan\u00eda.<\/p>\n","protected":false},"excerpt":{"rendered":"<div class=\"pvc_clear\"><\/div>\n<p id=\"pvc_stats_48365\" class=\"pvc_stats total_only  \" data-element-id=\"48365\" style=\"\"><i class=\"pvc-stats-icon large\" aria-hidden=\"true\"><svg aria-hidden=\"true\" focusable=\"false\" data-prefix=\"far\" data-icon=\"chart-bar\" role=\"img\" xmlns=\"http:\/\/www.w3.org\/2000\/svg\" viewBox=\"0 0 512 512\" class=\"svg-inline--fa fa-chart-bar fa-w-16 fa-2x\"><path fill=\"currentColor\" d=\"M396.8 352h22.4c6.4 0 12.8-6.4 12.8-12.8V108.8c0-6.4-6.4-12.8-12.8-12.8h-22.4c-6.4 0-12.8 6.4-12.8 12.8v230.4c0 6.4 6.4 12.8 12.8 12.8zm-192 0h22.4c6.4 0 12.8-6.4 12.8-12.8V140.8c0-6.4-6.4-12.8-12.8-12.8h-22.4c-6.4 0-12.8 6.4-12.8 12.8v198.4c0 6.4 6.4 12.8 12.8 12.8zm96 0h22.4c6.4 0 12.8-6.4 12.8-12.8V204.8c0-6.4-6.4-12.8-12.8-12.8h-22.4c-6.4 0-12.8 6.4-12.8 12.8v134.4c0 6.4 6.4 12.8 12.8 12.8zM496 400H48V80c0-8.84-7.16-16-16-16H16C7.16 64 0 71.16 0 80v336c0 17.67 14.33 32 32 32h464c8.84 0 16-7.16 16-16v-16c0-8.84-7.16-16-16-16zm-387.2-48h22.4c6.4 0 12.8-6.4 12.8-12.8v-70.4c0-6.4-6.4-12.8-12.8-12.8h-22.4c-6.4 0-12.8 6.4-12.8 12.8v70.4c0 6.4 6.4 12.8 12.8 12.8z\" class=\"\"><\/path><\/svg><\/i> <img loading=\"lazy\" decoding=\"async\" width=\"16\" height=\"16\" alt=\"Loading\" src=\"https:\/\/temucotelevision.cl\/web\/wp-content\/plugins\/page-views-count\/ajax-loader-2x.gif\" border=0 \/><\/p>\n<div class=\"pvc_clear\"><\/div>\n<p>Se dio inicio al proceso de fiscalizaci\u00f3n de veh\u00edculos y conductores del transporte escolar en la regi\u00f3n de La Araucan\u00eda.<\/p>\n","protected":false},"author":1,"featured_media":48366,"comment_status":"open","ping_status":"open","sticky":false,"template":"","format":"standard","meta":{"colormag_page_container_layout":"default_layout","colormag_page_sidebar_layout":"default_layout","footnotes":""},"categories":[15],"tags":[1745],"class_list":["post-48365","post","type-post","status-publish","format-standard","has-post-thumbnail","hentry","category-la-araucania","tag-fiscalizacion"],"a3_pvc":{"activated":true,"total_views":965,"today_views":0},"_links":{"self":[{"href":"https:\/\/temucotelevision.cl\/web\/wp-json\/wp\/v2\/posts\/48365","targetHints":{"allow":["GET"]}}],"collection":[{"href":"https:\/\/temucotelevision.cl\/web\/wp-json\/wp\/v2\/posts"}],"about":[{"href":"https:\/\/temucotelevision.cl\/web\/wp-json\/wp\/v2\/types\/post"}],"author":[{"embeddable":true,"href":"https:\/\/temucotelevision.cl\/web\/wp-json\/wp\/v2\/users\/1"}],"replies":[{"embeddable":true,"href":"https:\/\/temucotelevision.cl\/web\/wp-json\/wp\/v2\/comments?post=48365"}],"version-history":[{"count":1,"href":"https:\/\/temucotelevision.cl\/web\/wp-json\/wp\/v2\/posts\/48365\/revisions"}],"predecessor-version":[{"id":48367,"href":"https:\/\/temucotelevision.cl\/web\/wp-json\/wp\/v2\/posts\/48365\/revisions\/48367"}],"wp:featuredmedia":[{"embeddable":true,"href":"https:\/\/temucotelevision.cl\/web\/wp-json\/wp\/v2\/media\/48366"}],"wp:attachment":[{"href":"https:\/\/temucotelevision.cl\/web\/wp-json\/wp\/v2\/media?parent=48365"}],"wp:term":[{"taxonomy":"category","embeddable":true,"href":"https:\/\/temucotelevision.cl\/web\/wp-json\/wp\/v2\/categories?post=48365"},{"taxonomy":"post_tag","embeddable":true,"href":"https:\/\/temucotelevision.cl\/web\/wp-json\/wp\/v2\/tags?post=48365"}],"curies":[{"name":"wp","href":"https:\/\/api.w.org\/{rel}","templated":true}]}}