{"id":48362,"date":"2024-03-05T16:48:25","date_gmt":"2024-03-05T19:48:25","guid":{"rendered":"https:\/\/temucotelevision.cl\/web\/?p=48362"},"modified":"2024-03-05T16:48:26","modified_gmt":"2024-03-05T19:48:26","slug":"isabela-diaz-la-soprano-chilena-que-se-abre-camino-en-la-royal-opera-house-de-londres","status":"publish","type":"post","link":"https:\/\/temucotelevision.cl\/web\/2024\/03\/05\/isabela-diaz-la-soprano-chilena-que-se-abre-camino-en-la-royal-opera-house-de-londres\/","title":{"rendered":"Isabela D\u00edaz, la soprano chilena que se abre camino en la Royal Opera House de Londres"},"content":{"rendered":"<div class=\"pvc_clear\"><\/div><p id=\"pvc_stats_48362\" class=\"pvc_stats total_only  \" data-element-id=\"48362\" style=\"\"><i class=\"pvc-stats-icon large\" aria-hidden=\"true\"><svg aria-hidden=\"true\" focusable=\"false\" data-prefix=\"far\" data-icon=\"chart-bar\" role=\"img\" xmlns=\"http:\/\/www.w3.org\/2000\/svg\" viewBox=\"0 0 512 512\" class=\"svg-inline--fa fa-chart-bar fa-w-16 fa-2x\"><path fill=\"currentColor\" d=\"M396.8 352h22.4c6.4 0 12.8-6.4 12.8-12.8V108.8c0-6.4-6.4-12.8-12.8-12.8h-22.4c-6.4 0-12.8 6.4-12.8 12.8v230.4c0 6.4 6.4 12.8 12.8 12.8zm-192 0h22.4c6.4 0 12.8-6.4 12.8-12.8V140.8c0-6.4-6.4-12.8-12.8-12.8h-22.4c-6.4 0-12.8 6.4-12.8 12.8v198.4c0 6.4 6.4 12.8 12.8 12.8zm96 0h22.4c6.4 0 12.8-6.4 12.8-12.8V204.8c0-6.4-6.4-12.8-12.8-12.8h-22.4c-6.4 0-12.8 6.4-12.8 12.8v134.4c0 6.4 6.4 12.8 12.8 12.8zM496 400H48V80c0-8.84-7.16-16-16-16H16C7.16 64 0 71.16 0 80v336c0 17.67 14.33 32 32 32h464c8.84 0 16-7.16 16-16v-16c0-8.84-7.16-16-16-16zm-387.2-48h22.4c6.4 0 12.8-6.4 12.8-12.8v-70.4c0-6.4-6.4-12.8-12.8-12.8h-22.4c-6.4 0-12.8 6.4-12.8 12.8v70.4c0 6.4 6.4 12.8 12.8 12.8z\" class=\"\"><\/path><\/svg><\/i> <img loading=\"lazy\" decoding=\"async\" width=\"16\" height=\"16\" alt=\"Loading\" src=\"https:\/\/temucotelevision.cl\/web\/wp-content\/plugins\/page-views-count\/ajax-loader-2x.gif\" border=0 \/><\/p><div class=\"pvc_clear\"><\/div>\n<p><strong>Despu\u00e9s de la soprano Yaritza V\u00e9liz, es la segunda cantante nacional en llegar al Jette Parker Artists Programme de la ROH con apoyo de Fundaci\u00f3n Ib\u00e1\u00f1ez Atkinson, tras su paso por el Teatro Col\u00f3n de Buenos Aires, donde se form\u00f3 y actu\u00f3 en diversas producciones. Como parte del prestigioso programa, pr\u00f3ximamente&nbsp;<\/strong><strong>ser\u00e1 solista en el R\u00e9quiem de Faur\u00e9 e interpretar\u00e1 a Frasquita en&nbsp;<\/strong><strong><em>Carmen<\/em><\/strong><strong>, en el escenario principal de la destacada casa de \u00f3pera.<\/strong><\/p>\n\n\n\n<p>\u201cEs un entrenamiento de atleta para la voz y el cuerpo\u201d, dice Isabela D\u00edaz sobre el Jette Parker Artists Programme de la Royal Opera House. La soprano es la segunda artista chilena, despu\u00e9s de Yaritza V\u00e9liz, en integrarse al prestigioso programa ingl\u00e9s con apoyo de Fundaci\u00f3n Ib\u00e1\u00f1ez Atkinson, y desde septiembre del a\u00f1o pasado que se encuentra instalada en Londres asistiendo a clases de desarrollo vocal, estil\u00edstico, idiom\u00e1tico y de movimiento, entre otras.<\/p>\n\n\n\n<p>Tambi\u00e9n ha participado en audiciones con destacadas casas de \u00f3pera y agencias europeas, as\u00ed como en clases magistrales con grandes m\u00fasicos como la directora de orquesta canadiense-ucraniana Keri-Lynn Wilson, la soprano rumana Angela Gheorghiu y el director de orquesta estadounidense Kamal Khan.<\/p>\n\n\n\n<p>Pero el Jette Parker \u2014con el que Fundaci\u00f3n Ib\u00e1\u00f1ez Atkinson sell\u00f3 una alianza en 2023 para ofrecer oportunidades a talentos chilenos y latinoamericanos\u2014 no solo aborda la formaci\u00f3n desde el aula de clases. Tras la audici\u00f3n de casi 10 d\u00edas con la que fue admitida, y como ya es un sello de este programa, tanto Isabela D\u00edaz como compa\u00f1eros de otros pa\u00edses fueron invitados a ser parte de la temporada del Covent Garden y de otras producciones asociadas.<\/p>\n\n\n\n<p>As\u00ed, como parte de estos compromisos, la soprano chilena ha interpretado a Brigitta, en&nbsp;<em>Iolanta<\/em>; y Sandman (o El hombre de arena), en&nbsp;<em>Hansel y Gretel<\/em>; y ha sido cover en&nbsp;<em>El elixir de amor<\/em>, en el rol de Gianetta; y&nbsp;<em>La boh\u00e8me<\/em>, en el de Mim\u00ec, que tuvo a Angela Georghiu y Yaritza V\u00e9liz como cantante principales y a Evelino Pid\u00f2 en la direcci\u00f3n musical. Tambi\u00e9n ofreci\u00f3 un recital como solista la semana pasada en el Imperial College, que tuvo al piano a David Gowland, director art\u00edstico del Jette Parker.&nbsp;<\/p>\n\n\n\n<p>Pr\u00f3ximamente, en el escenario principal de la Royal Opera House, ser\u00e1 solista en el R\u00e9quiem de Faur\u00e9, junto a la orquesta y ballet de este teatro (20 de marzo al 9 de abril); interpretar\u00e1 a Frasquita en&nbsp;<em>Carmen<\/em>&nbsp;(12 de abril al 31 de mayo); y ser\u00e1 cover de Fiordiligi en<em>&nbsp;Cos\u00ec fan tutte<\/em>&nbsp;(26 de junio al 10 de junio). Ya el 20 de julio, participar\u00e1 en un recital de verano junto a sus compa\u00f1eros del programa y la orquesta del teatro.<\/p>\n\n\n\n<p>\u201cMi sue\u00f1o es poder elegir los roles que quiero cantar e ir desarroll\u00e1ndome con ellos. Me siento muy agradecida tambi\u00e9n de tener la gu\u00eda y apoyo de Mariano Pattin, mi maestro de canto, quien me acompa\u00f1a en cada paso de mi carrera\u201d, agrega Isabela D\u00edaz.<\/p>\n\n\n\n<p>Andr\u00e9s Rodr\u00edguez Spoerer, gerente de M\u00fasica de Fundaci\u00f3n Ib\u00e1\u00f1ez Atkinson, se\u00f1ala por su parte: \u201cPara nosotros es motivo de gran orgullo ver todo el trabajo que Isabela puso al servicio del sue\u00f1o de entrar al Jette Parker y que ahora la mueve para cumplir con las altas exigencias del programa. Yaritza comenz\u00f3 su carrera internacional en el mismo lugar y hoy la vemos triunfar en esta y otras importantes casas de \u00f3pera. Estamos convencidos de que seguiremos viendo los frutos de estos esfuerzos y c\u00f3mo ambas se van construyendo una carrera como grandes estrellas chilenas de la \u00f3pera\u201d.<\/p>\n\n\n\n<p>Formada en Canto L\u00edrico en la Universidad de Chile y en el Instituto Superior de Arte del Teatro Col\u00f3n de Buenos Aires, la soprano Isabela D\u00edaz<strong>&nbsp;<\/strong>estuvo radicada en la capital argentina hasta su partida a Londres. Asimismo, form\u00f3 parte del opera studio del Teatro Argentino de la Plata y particip\u00f3 en un taller del SODRE (Servicio Oficial de Difusi\u00f3n, Representaciones y Espect\u00e1culos) de Uruguay y el Jette Parker Artists Programme de la Royal Opera House.<\/p>\n\n\n\n<p>En el Teatro Col\u00f3n fue cantante principal y cover en las \u00f3peras&nbsp;<em>La finta giardiniera<\/em>, como Sandrina y Serpetta;&nbsp;<em>Don Pasquale<\/em>, como Norina;&nbsp;<em>El c\u00f3nsul<\/em>, como La extranjera; y&nbsp;<em>La flauta m\u00e1gica<\/em>, como Pamina; adem\u00e1s de solista en diversos conciertos, oratorios y madrigales de Monteverdi y H\u00e4ndel.<\/p>\n","protected":false},"excerpt":{"rendered":"<div class=\"pvc_clear\"><\/div>\n<p id=\"pvc_stats_48362\" class=\"pvc_stats total_only  \" data-element-id=\"48362\" style=\"\"><i class=\"pvc-stats-icon large\" aria-hidden=\"true\"><svg aria-hidden=\"true\" focusable=\"false\" data-prefix=\"far\" data-icon=\"chart-bar\" role=\"img\" xmlns=\"http:\/\/www.w3.org\/2000\/svg\" viewBox=\"0 0 512 512\" class=\"svg-inline--fa fa-chart-bar fa-w-16 fa-2x\"><path fill=\"currentColor\" d=\"M396.8 352h22.4c6.4 0 12.8-6.4 12.8-12.8V108.8c0-6.4-6.4-12.8-12.8-12.8h-22.4c-6.4 0-12.8 6.4-12.8 12.8v230.4c0 6.4 6.4 12.8 12.8 12.8zm-192 0h22.4c6.4 0 12.8-6.4 12.8-12.8V140.8c0-6.4-6.4-12.8-12.8-12.8h-22.4c-6.4 0-12.8 6.4-12.8 12.8v198.4c0 6.4 6.4 12.8 12.8 12.8zm96 0h22.4c6.4 0 12.8-6.4 12.8-12.8V204.8c0-6.4-6.4-12.8-12.8-12.8h-22.4c-6.4 0-12.8 6.4-12.8 12.8v134.4c0 6.4 6.4 12.8 12.8 12.8zM496 400H48V80c0-8.84-7.16-16-16-16H16C7.16 64 0 71.16 0 80v336c0 17.67 14.33 32 32 32h464c8.84 0 16-7.16 16-16v-16c0-8.84-7.16-16-16-16zm-387.2-48h22.4c6.4 0 12.8-6.4 12.8-12.8v-70.4c0-6.4-6.4-12.8-12.8-12.8h-22.4c-6.4 0-12.8 6.4-12.8 12.8v70.4c0 6.4 6.4 12.8 12.8 12.8z\" class=\"\"><\/path><\/svg><\/i> <img loading=\"lazy\" decoding=\"async\" width=\"16\" height=\"16\" alt=\"Loading\" src=\"https:\/\/temucotelevision.cl\/web\/wp-content\/plugins\/page-views-count\/ajax-loader-2x.gif\" border=0 \/><\/p>\n<div class=\"pvc_clear\"><\/div>\n<p>Despu\u00e9s de la soprano Yaritza V\u00e9liz, es la segunda cantante nacional en llegar al Jette Parker Artists Programme de la<\/p>\n","protected":false},"author":1,"featured_media":48363,"comment_status":"open","ping_status":"open","sticky":false,"template":"","format":"standard","meta":{"colormag_page_container_layout":"default_layout","colormag_page_sidebar_layout":"default_layout","footnotes":""},"categories":[369],"tags":[6948],"class_list":["post-48362","post","type-post","status-publish","format-standard","has-post-thumbnail","hentry","category-musica","tag-opera-2"],"a3_pvc":{"activated":true,"total_views":2061,"today_views":0},"_links":{"self":[{"href":"https:\/\/temucotelevision.cl\/web\/wp-json\/wp\/v2\/posts\/48362","targetHints":{"allow":["GET"]}}],"collection":[{"href":"https:\/\/temucotelevision.cl\/web\/wp-json\/wp\/v2\/posts"}],"about":[{"href":"https:\/\/temucotelevision.cl\/web\/wp-json\/wp\/v2\/types\/post"}],"author":[{"embeddable":true,"href":"https:\/\/temucotelevision.cl\/web\/wp-json\/wp\/v2\/users\/1"}],"replies":[{"embeddable":true,"href":"https:\/\/temucotelevision.cl\/web\/wp-json\/wp\/v2\/comments?post=48362"}],"version-history":[{"count":1,"href":"https:\/\/temucotelevision.cl\/web\/wp-json\/wp\/v2\/posts\/48362\/revisions"}],"predecessor-version":[{"id":48364,"href":"https:\/\/temucotelevision.cl\/web\/wp-json\/wp\/v2\/posts\/48362\/revisions\/48364"}],"wp:featuredmedia":[{"embeddable":true,"href":"https:\/\/temucotelevision.cl\/web\/wp-json\/wp\/v2\/media\/48363"}],"wp:attachment":[{"href":"https:\/\/temucotelevision.cl\/web\/wp-json\/wp\/v2\/media?parent=48362"}],"wp:term":[{"taxonomy":"category","embeddable":true,"href":"https:\/\/temucotelevision.cl\/web\/wp-json\/wp\/v2\/categories?post=48362"},{"taxonomy":"post_tag","embeddable":true,"href":"https:\/\/temucotelevision.cl\/web\/wp-json\/wp\/v2\/tags?post=48362"}],"curies":[{"name":"wp","href":"https:\/\/api.w.org\/{rel}","templated":true}]}}