{"id":48359,"date":"2024-03-05T16:41:15","date_gmt":"2024-03-05T19:41:15","guid":{"rendered":"https:\/\/temucotelevision.cl\/web\/?p=48359"},"modified":"2024-03-05T16:41:16","modified_gmt":"2024-03-05T19:41:16","slug":"partido-social-cristiano-psc-realizara-gira-nacional-y-evalua-como-carta-presidencial-al-senador-castro-y-la-diputada-munoz","status":"publish","type":"post","link":"https:\/\/temucotelevision.cl\/web\/2024\/03\/05\/partido-social-cristiano-psc-realizara-gira-nacional-y-evalua-como-carta-presidencial-al-senador-castro-y-la-diputada-munoz\/","title":{"rendered":"Partido Social Cristiano (PSC) realizar\u00e1 gira nacional y eval\u00faa como carta presidencial al senador Castro y la diputada Mu\u00f1oz"},"content":{"rendered":"<div class=\"pvc_clear\"><\/div><p id=\"pvc_stats_48359\" class=\"pvc_stats total_only  \" data-element-id=\"48359\" style=\"\"><i class=\"pvc-stats-icon large\" aria-hidden=\"true\"><svg aria-hidden=\"true\" focusable=\"false\" data-prefix=\"far\" data-icon=\"chart-bar\" role=\"img\" xmlns=\"http:\/\/www.w3.org\/2000\/svg\" viewBox=\"0 0 512 512\" class=\"svg-inline--fa fa-chart-bar fa-w-16 fa-2x\"><path fill=\"currentColor\" d=\"M396.8 352h22.4c6.4 0 12.8-6.4 12.8-12.8V108.8c0-6.4-6.4-12.8-12.8-12.8h-22.4c-6.4 0-12.8 6.4-12.8 12.8v230.4c0 6.4 6.4 12.8 12.8 12.8zm-192 0h22.4c6.4 0 12.8-6.4 12.8-12.8V140.8c0-6.4-6.4-12.8-12.8-12.8h-22.4c-6.4 0-12.8 6.4-12.8 12.8v198.4c0 6.4 6.4 12.8 12.8 12.8zm96 0h22.4c6.4 0 12.8-6.4 12.8-12.8V204.8c0-6.4-6.4-12.8-12.8-12.8h-22.4c-6.4 0-12.8 6.4-12.8 12.8v134.4c0 6.4 6.4 12.8 12.8 12.8zM496 400H48V80c0-8.84-7.16-16-16-16H16C7.16 64 0 71.16 0 80v336c0 17.67 14.33 32 32 32h464c8.84 0 16-7.16 16-16v-16c0-8.84-7.16-16-16-16zm-387.2-48h22.4c6.4 0 12.8-6.4 12.8-12.8v-70.4c0-6.4-6.4-12.8-12.8-12.8h-22.4c-6.4 0-12.8 6.4-12.8 12.8v70.4c0 6.4 6.4 12.8 12.8 12.8z\" class=\"\"><\/path><\/svg><\/i> <img loading=\"lazy\" decoding=\"async\" width=\"16\" height=\"16\" alt=\"Loading\" src=\"https:\/\/temucotelevision.cl\/web\/wp-content\/plugins\/page-views-count\/ajax-loader-2x.gif\" border=0 \/><\/p><div class=\"pvc_clear\"><\/div>\n<p><em>La colectividad no ir\u00e1 a Primarias y su vicepresidente, H\u00e9ctor Mu\u00f1oz, coment\u00f3 que cuentan con m\u00e1s de 62 preinscripciones a alcald\u00edas, 16 a Gobernaciones Regionales y m\u00e1s de 300 a CORE y Concejales.&nbsp;<\/em><\/p>\n\n\n\n<p>El Partido Social Cristiano (PSC) se prepara para competir en todo Chile y han anunciado la participaci\u00f3n de 16 precandidatos a Gobernadores Regionales en todas las regiones de Chile, con cerca de 62 preinscripciones para alcaldes en diferentes municipios, y m\u00e1s de 300 precandidatos y precandidatas a consejeros regionales y concejales.&nbsp;<\/p>\n\n\n\n<p>Para los Gobernadores Regionales destacan candidatas como Tatiana Castillo, actual consejera regional y candidata a gobernadora regional por Coquimbo; Eddy Rold\u00e1n, ex Seremi de Transporte en la regi\u00f3n Metropolitana y tambi\u00e9n en la Regi\u00f3n Metropolitana hay inter\u00e9s en el ex Constituyente Rodrigo Logan postulando a gobernador regional; Luciano Silva o Yanina Contreras aspirantes a gobernador regional en el Biob\u00edo; C\u00e9sar Vargas, candidato independiente por el PSC a Gobernador en la regi\u00f3n de la Araucan\u00eda y Liseth Quilodr\u00e1n, postulante a Gobernadora por la regi\u00f3n de Ays\u00e9n, entre otros.&nbsp;<\/p>\n\n\n\n<p>\u201cNuestro partido se compromete a competir en todas las regiones de Chile, con el objetivo de promover la probidad, la honestidad y los valores fundamentales en la pol\u00edtica. Buscamos ofrecer una voz distinta a la derecha tradicional, basada en principios s\u00f3lidos con una cosmovisi\u00f3n cristiana val\u00f3rica y al servicio del pa\u00eds\u201d, se\u00f1al\u00f3 la presidenta nacional, diputada Sara Concha.&nbsp;<\/p>\n\n\n\n<p>En las Alcald\u00edas destacan, H\u00e9ctor Mu\u00f1oz por la comuna de Concepci\u00f3n, Marcia Marchant en Vi\u00f1a del Mar, Claudio \u00c1lvarez en Coquimbo, Carlos Alarc\u00f3n en Pe\u00f1alol\u00e9n (ex Alcalde en la zona), Jorge Sep\u00falveda en Temuco, dando un total de 62 precandidatos a Alcaldes en las 16 Regiones de Chile. Desde el PSC estiman contar con un total de 100 candidatos en las diferentes comunas de Chile, incluso ya hay nombres para Santiago, Maip\u00fa, Puente Alto, La Florida, Antofagasta, Punta Arenas, entre otras.&nbsp;<\/p>\n\n\n\n<p>El vicepresidente nacional, H\u00e9ctor Mu\u00f1oz, puntualiz\u00f3 que \u201cya estamos recorriendo el pa\u00eds y realizaremos una gira para levantar desde las bases regionales y comunales un programa presidencial del partido. El desaf\u00edo por La Moneda podr\u00eda estar a cargo del Senador Juan Castro o la diputada Francesca Mu\u00f1oz, a pesar de que a\u00fan mantenemos v\u00ednculos con el Senador Rojo Edwards, Iv\u00e1n Poduje y m\u00faltiples liderazgos de derecha. Asimismo, quiero reiterar que no vamos a participar en Primarias ni con Chile Vamos ni con Republicanos\u201d.<\/p>\n","protected":false},"excerpt":{"rendered":"<div class=\"pvc_clear\"><\/div>\n<p id=\"pvc_stats_48359\" class=\"pvc_stats total_only  \" data-element-id=\"48359\" style=\"\"><i class=\"pvc-stats-icon large\" aria-hidden=\"true\"><svg aria-hidden=\"true\" focusable=\"false\" data-prefix=\"far\" data-icon=\"chart-bar\" role=\"img\" xmlns=\"http:\/\/www.w3.org\/2000\/svg\" viewBox=\"0 0 512 512\" class=\"svg-inline--fa fa-chart-bar fa-w-16 fa-2x\"><path fill=\"currentColor\" d=\"M396.8 352h22.4c6.4 0 12.8-6.4 12.8-12.8V108.8c0-6.4-6.4-12.8-12.8-12.8h-22.4c-6.4 0-12.8 6.4-12.8 12.8v230.4c0 6.4 6.4 12.8 12.8 12.8zm-192 0h22.4c6.4 0 12.8-6.4 12.8-12.8V140.8c0-6.4-6.4-12.8-12.8-12.8h-22.4c-6.4 0-12.8 6.4-12.8 12.8v198.4c0 6.4 6.4 12.8 12.8 12.8zm96 0h22.4c6.4 0 12.8-6.4 12.8-12.8V204.8c0-6.4-6.4-12.8-12.8-12.8h-22.4c-6.4 0-12.8 6.4-12.8 12.8v134.4c0 6.4 6.4 12.8 12.8 12.8zM496 400H48V80c0-8.84-7.16-16-16-16H16C7.16 64 0 71.16 0 80v336c0 17.67 14.33 32 32 32h464c8.84 0 16-7.16 16-16v-16c0-8.84-7.16-16-16-16zm-387.2-48h22.4c6.4 0 12.8-6.4 12.8-12.8v-70.4c0-6.4-6.4-12.8-12.8-12.8h-22.4c-6.4 0-12.8 6.4-12.8 12.8v70.4c0 6.4 6.4 12.8 12.8 12.8z\" class=\"\"><\/path><\/svg><\/i> <img loading=\"lazy\" decoding=\"async\" width=\"16\" height=\"16\" alt=\"Loading\" src=\"https:\/\/temucotelevision.cl\/web\/wp-content\/plugins\/page-views-count\/ajax-loader-2x.gif\" border=0 \/><\/p>\n<div class=\"pvc_clear\"><\/div>\n<p>La colectividad no ir\u00e1 a Primarias y su vicepresidente, H\u00e9ctor Mu\u00f1oz, coment\u00f3 que cuentan con m\u00e1s de 62 preinscripciones a<\/p>\n","protected":false},"author":1,"featured_media":48360,"comment_status":"open","ping_status":"open","sticky":false,"template":"","format":"standard","meta":{"colormag_page_container_layout":"default_layout","colormag_page_sidebar_layout":"default_layout","footnotes":""},"categories":[84],"tags":[1724],"class_list":["post-48359","post","type-post","status-publish","format-standard","has-post-thumbnail","hentry","category-politica","tag-partido"],"a3_pvc":{"activated":true,"total_views":1106,"today_views":0},"_links":{"self":[{"href":"https:\/\/temucotelevision.cl\/web\/wp-json\/wp\/v2\/posts\/48359","targetHints":{"allow":["GET"]}}],"collection":[{"href":"https:\/\/temucotelevision.cl\/web\/wp-json\/wp\/v2\/posts"}],"about":[{"href":"https:\/\/temucotelevision.cl\/web\/wp-json\/wp\/v2\/types\/post"}],"author":[{"embeddable":true,"href":"https:\/\/temucotelevision.cl\/web\/wp-json\/wp\/v2\/users\/1"}],"replies":[{"embeddable":true,"href":"https:\/\/temucotelevision.cl\/web\/wp-json\/wp\/v2\/comments?post=48359"}],"version-history":[{"count":1,"href":"https:\/\/temucotelevision.cl\/web\/wp-json\/wp\/v2\/posts\/48359\/revisions"}],"predecessor-version":[{"id":48361,"href":"https:\/\/temucotelevision.cl\/web\/wp-json\/wp\/v2\/posts\/48359\/revisions\/48361"}],"wp:featuredmedia":[{"embeddable":true,"href":"https:\/\/temucotelevision.cl\/web\/wp-json\/wp\/v2\/media\/48360"}],"wp:attachment":[{"href":"https:\/\/temucotelevision.cl\/web\/wp-json\/wp\/v2\/media?parent=48359"}],"wp:term":[{"taxonomy":"category","embeddable":true,"href":"https:\/\/temucotelevision.cl\/web\/wp-json\/wp\/v2\/categories?post=48359"},{"taxonomy":"post_tag","embeddable":true,"href":"https:\/\/temucotelevision.cl\/web\/wp-json\/wp\/v2\/tags?post=48359"}],"curies":[{"name":"wp","href":"https:\/\/api.w.org\/{rel}","templated":true}]}}