{"id":48356,"date":"2024-03-05T16:34:01","date_gmt":"2024-03-05T19:34:01","guid":{"rendered":"https:\/\/temucotelevision.cl\/web\/?p=48356"},"modified":"2024-03-05T16:34:02","modified_gmt":"2024-03-05T19:34:02","slug":"sagra-carretada-capitan-pastene-celebrara-este-fin-de-semana-en-grande-sus-120-anos-de-tradiciones-italianas","status":"publish","type":"post","link":"https:\/\/temucotelevision.cl\/web\/2024\/03\/05\/sagra-carretada-capitan-pastene-celebrara-este-fin-de-semana-en-grande-sus-120-anos-de-tradiciones-italianas\/","title":{"rendered":"Sagra Carretada: Capit\u00e1n Pastene celebrar\u00e1 este fin de semana en grande sus 120 a\u00f1os de tradiciones italianas"},"content":{"rendered":"<div class=\"pvc_clear\"><\/div><p id=\"pvc_stats_48356\" class=\"pvc_stats total_only  \" data-element-id=\"48356\" style=\"\"><i class=\"pvc-stats-icon large\" aria-hidden=\"true\"><svg aria-hidden=\"true\" focusable=\"false\" data-prefix=\"far\" data-icon=\"chart-bar\" role=\"img\" xmlns=\"http:\/\/www.w3.org\/2000\/svg\" viewBox=\"0 0 512 512\" class=\"svg-inline--fa fa-chart-bar fa-w-16 fa-2x\"><path fill=\"currentColor\" d=\"M396.8 352h22.4c6.4 0 12.8-6.4 12.8-12.8V108.8c0-6.4-6.4-12.8-12.8-12.8h-22.4c-6.4 0-12.8 6.4-12.8 12.8v230.4c0 6.4 6.4 12.8 12.8 12.8zm-192 0h22.4c6.4 0 12.8-6.4 12.8-12.8V140.8c0-6.4-6.4-12.8-12.8-12.8h-22.4c-6.4 0-12.8 6.4-12.8 12.8v198.4c0 6.4 6.4 12.8 12.8 12.8zm96 0h22.4c6.4 0 12.8-6.4 12.8-12.8V204.8c0-6.4-6.4-12.8-12.8-12.8h-22.4c-6.4 0-12.8 6.4-12.8 12.8v134.4c0 6.4 6.4 12.8 12.8 12.8zM496 400H48V80c0-8.84-7.16-16-16-16H16C7.16 64 0 71.16 0 80v336c0 17.67 14.33 32 32 32h464c8.84 0 16-7.16 16-16v-16c0-8.84-7.16-16-16-16zm-387.2-48h22.4c6.4 0 12.8-6.4 12.8-12.8v-70.4c0-6.4-6.4-12.8-12.8-12.8h-22.4c-6.4 0-12.8 6.4-12.8 12.8v70.4c0 6.4 6.4 12.8 12.8 12.8z\" class=\"\"><\/path><\/svg><\/i> <img loading=\"lazy\" decoding=\"async\" width=\"16\" height=\"16\" alt=\"Loading\" src=\"https:\/\/temucotelevision.cl\/web\/wp-content\/plugins\/page-views-count\/ajax-loader-2x.gif\" border=0 \/><\/p><div class=\"pvc_clear\"><\/div>\n<ul class=\"wp-block-list\">\n<li><em>La tradicional celebraci\u00f3n, que conmemora la llegada de los primeros colonos italianos a la zona, contar\u00e1 con m\u00fasica, baile y gastronom\u00eda, apoyada por el municipio de Lumaco, el Gobierno Regional y CMPC.<\/em><\/li>\n<\/ul>\n\n\n\n<p>La versi\u00f3n N\u00b020 de la Sagra Carretada de Capit\u00e1n Pastene, comuna de Lumaco que funde las tradiciones italianas de los fundadores con las locales, partir\u00e1 este viernes 8 de marzo y culminar\u00e1 el domingo 10, con la realizaci\u00f3n de m\u00faltiples y atractivas actividades de esparcimiento para la familia.<\/p>\n\n\n\n<p>Si bien la fiesta comienza el viernes, una de las atracciones m\u00e1s valoradas ocurrir\u00e1 el s\u00e1bado a partir de las 11 horas, cuando parta en el acceso a Capit\u00e1n Pastene un desfile de carretas con personas vestidas a la usanza de los primeros colonos y con algunos implementos de \u00e9poca. &nbsp;El tramo se iniciar\u00e1 en la entrada principal del pueblo y culminar\u00e1 en la plaza de armas, donde los presentes inmortalizar\u00e1n el momento con la fotograf\u00eda oficial del evento en el frontis de la Iglesia San Felipe Neri.<\/p>\n\n\n\n<p>El anuncio de este m\u00e1gico encuentro con las tradiciones italianas se desarroll\u00f3 este martes 5 de marzo en el espacio Fibra Local de Temuco, donde los organizadores junto autoridades locales, regionales y ejecutivos de CMPC, dieron a conocer detalles de la Sagra Carretada que se inici\u00f3 el a\u00f1o 2004.<\/p>\n\n\n\n<p>\u201cEstamos todos en espera y ansiosos por este nuevo evento en que celebramos los 120 a\u00f1os de la llegada de los colonos italianos a esta regi\u00f3n a hacer un aporte al desarrollo cultural, econ\u00f3mico y social de la zona. Siempre en la Sagra, nosotros nos conectamos con el pasado, nosotros invitamos a la gente a conectarse con el pasado, con la historia, aprender un poquito de nuestra historia en la regi\u00f3n en convivencia con muchas personas entre la cultura mapuche, chilena e italiana\u201d destac\u00f3 Mabel Flores Cantergiani, presidenta en la Corporaci\u00f3n Cultural Giuseppe Verdi y una de las organizadoras del evento.<\/p>\n\n\n\n<p>En la oportunidad, el alcalde de Lumaco, Richard Leonelli, valor\u00f3 el aporte de distintas organizaciones para la realizaci\u00f3n de esta nueva versi\u00f3n de la Sagra Carretada. \u201cPara nosotros como municipio es muy importante poder apoyar esta actividad, que organiza, la Corporaci\u00f3n Cultural Giuseppe Verdi con el Gobierno Regional y CMPC. Nuestro deber como municipio es poder apoyar este aniversario de Capit\u00e1n Pastene, de nuestro pueblo, porque genera desarrollo, genera econom\u00eda para las familias, son m\u00e1s de 60 expositores en lo gastron\u00f3mico, en la artesan\u00eda, en vinos, as\u00ed que la invitaci\u00f3n est\u00e1 hecha\u201d, se\u00f1al\u00f3 el edil de Lumaco.<\/p>\n\n\n\n<p>En tanto, Sebastian Hunter, gerente de la Corporaci\u00f3n Desarrolla Araucan\u00eda valor\u00f3 la realizaci\u00f3n de actividades como esta que fomenta el turismo y la econom\u00eda local. \u201cEstamos muy felices de poder ser parte de este aniversario, de los 120 a\u00f1os de la localidad de Capit\u00e1n Pastene. &nbsp;Ac\u00e1 lo que estamos apoyando es poner en valor la cultura, atraer el turismo y reactivar la econom\u00eda, que es lo que m\u00e1s est\u00e1 necesitando, en este caso, nuestra Regi\u00f3n de La Araucan\u00eda. Creemos que este tipo de actividades buscan poner en valor la cultura italiana y especialmente apoyar a la comuna de Lumaco y a la localidad de Capit\u00e1n Pastene\u201d, indic\u00f3 el ejecutivo.<\/p>\n\n\n\n<p>Por su parte el subgerente de relacionamiento comunitario y patrimonio Zona Sur de CMPC, Juan Pablo Fuentes, destac\u00f3 lo importante de apoyar a los emprendedores de Capit\u00e1n Pastene, diciendo que, \u201ccuando los vecinos est\u00e1n de fiesta y nosotros somos un vecino m\u00e1s de los territorios, sobre todo en la comuna de Lumaco, tambi\u00e9n participamos y por eso queremos hacer una invitaci\u00f3n formal a toda la comunidad a que asista desde el d\u00eda viernes, y participe de las principales actividades del s\u00e1bado y domingo en Capit\u00e1n Pastene, donde van a poder degustar de una rica gastronom\u00eda, bailes t\u00edpicos y una variada cartelera que tiene preparada la Sagra\u201d.<\/p>\n\n\n\n<p><strong>Actividades de la Sagra Carretada 2024<\/strong><\/p>\n\n\n\n<p><strong>Viernes 8 de marzo<\/strong><\/p>\n\n\n\n<p>17:00 horas:&nbsp; Inauguraci\u00f3n Proyecto &#8220;Tren Tricultural de Capit\u00e1n Pastene&#8221; (Frontis Hotel San Giorgio).<\/p>\n\n\n\n<p>18:00 horas: Inauguraci\u00f3n Exposici\u00f3n \u201c120 fotograf\u00edas por 120 a\u00f1os\u201d (Costado de Iglesia San Felipe de Neri por calle Dante).<\/p>\n\n\n\n<p>19:00 horas:&nbsp; Restauraci\u00f3n digital y recorrido virtual &#8220;Casa Salvestrini&#8221; y Entrega de Maqueta Casa Salvestrini (Frontis Casa Salvestrini calle Pedro Montt)<\/p>\n\n\n\n<p><strong>S\u00e1bado 9 de marzo<\/strong><\/p>\n\n\n\n<p>11:00 horas: Inicio Sagra Carretada 120 a\u00f1os en entrada del pueblo hasta la plaza.<\/p>\n\n\n\n<p>13:30 horas: Foto oficial frontis Iglesia San Felipe de Neri.<\/p>\n\n\n\n<p>14:00 horas: Acto Inaugural \/ Baile ni\u00f1os Escuela Rep\u00fablica de Italia \/ Homenaje Sergio Riquelme Fulgeri\/ Baile Adulto Mayor CEDIAM \/ Grupo m\u00fasica italiana de los 80 #Holograma \/ Cantante L\u00edrica Gianina D&#8221; Angelo \/ Concurso Corte de Corvina por Gruppo Giovanile Pioggerella \/ Rifa Bomberos \/ Afer \/ presentaci\u00f3n estelar artista Dj M\u00e9ndez.<\/p>\n\n\n\n<p><strong>Domingo 10 de marzo<\/strong><\/p>\n\n\n\n<p>12:30 horas:&nbsp; Inauguraci\u00f3n V\u00eda Parenti (Entrada del pueblo)<\/p>\n\n\n\n<p>13:00 horas:&nbsp; Sagra y espect\u00e1culo art\u00edstico.<\/p>\n\n\n\n<p>15:00 horas: Bingo \/ Tributo Rafaella Carra \/ Concurso Corte Corvina por Gruppo Giovanile Pioggerella \/ Grupo Natalino<\/p>\n\n\n\n<blockquote class=\"twitter-tweet\"><p lang=\"es\" dir=\"ltr\">\ud83d\udfe7 Hoy se realiz\u00f3 el lanzamiento de la Sagra Carretada de Capit\u00e1n Pastene, la invitaci\u00f3n es para este 9 y 10 de marzo <a href=\"https:\/\/t.co\/NtfziLVcjh\">pic.twitter.com\/NtfziLVcjh<\/a><\/p>&mdash; Temuco Televisi\u00f3n (@temucotv) <a href=\"https:\/\/twitter.com\/temucotv\/status\/1765049586773569767?ref_src=twsrc%5Etfw\">March 5, 2024<\/a><\/blockquote> <script async src=\"https:\/\/platform.twitter.com\/widgets.js\" charset=\"utf-8\"><\/script>\n","protected":false},"excerpt":{"rendered":"<div class=\"pvc_clear\"><\/div>\n<p id=\"pvc_stats_48356\" class=\"pvc_stats total_only  \" data-element-id=\"48356\" style=\"\"><i class=\"pvc-stats-icon large\" aria-hidden=\"true\"><svg aria-hidden=\"true\" focusable=\"false\" data-prefix=\"far\" data-icon=\"chart-bar\" role=\"img\" xmlns=\"http:\/\/www.w3.org\/2000\/svg\" viewBox=\"0 0 512 512\" class=\"svg-inline--fa fa-chart-bar fa-w-16 fa-2x\"><path fill=\"currentColor\" d=\"M396.8 352h22.4c6.4 0 12.8-6.4 12.8-12.8V108.8c0-6.4-6.4-12.8-12.8-12.8h-22.4c-6.4 0-12.8 6.4-12.8 12.8v230.4c0 6.4 6.4 12.8 12.8 12.8zm-192 0h22.4c6.4 0 12.8-6.4 12.8-12.8V140.8c0-6.4-6.4-12.8-12.8-12.8h-22.4c-6.4 0-12.8 6.4-12.8 12.8v198.4c0 6.4 6.4 12.8 12.8 12.8zm96 0h22.4c6.4 0 12.8-6.4 12.8-12.8V204.8c0-6.4-6.4-12.8-12.8-12.8h-22.4c-6.4 0-12.8 6.4-12.8 12.8v134.4c0 6.4 6.4 12.8 12.8 12.8zM496 400H48V80c0-8.84-7.16-16-16-16H16C7.16 64 0 71.16 0 80v336c0 17.67 14.33 32 32 32h464c8.84 0 16-7.16 16-16v-16c0-8.84-7.16-16-16-16zm-387.2-48h22.4c6.4 0 12.8-6.4 12.8-12.8v-70.4c0-6.4-6.4-12.8-12.8-12.8h-22.4c-6.4 0-12.8 6.4-12.8 12.8v70.4c0 6.4 6.4 12.8 12.8 12.8z\" class=\"\"><\/path><\/svg><\/i> <img loading=\"lazy\" decoding=\"async\" width=\"16\" height=\"16\" alt=\"Loading\" src=\"https:\/\/temucotelevision.cl\/web\/wp-content\/plugins\/page-views-count\/ajax-loader-2x.gif\" border=0 \/><\/p>\n<div class=\"pvc_clear\"><\/div>\n<p>La versi\u00f3n N\u00b020 de la Sagra Carretada de Capit\u00e1n Pastene, comuna de Lumaco que funde las tradiciones italianas de los<\/p>\n","protected":false},"author":1,"featured_media":48357,"comment_status":"open","ping_status":"open","sticky":false,"template":"","format":"standard","meta":{"colormag_page_container_layout":"default_layout","colormag_page_sidebar_layout":"default_layout","footnotes":""},"categories":[86],"tags":[6947,796,396],"class_list":["post-48356","post","type-post","status-publish","format-standard","has-post-thumbnail","hentry","category-panoramas","tag-italianas","tag-sagra","tag-tradiciones"],"a3_pvc":{"activated":true,"total_views":3200,"today_views":0},"_links":{"self":[{"href":"https:\/\/temucotelevision.cl\/web\/wp-json\/wp\/v2\/posts\/48356","targetHints":{"allow":["GET"]}}],"collection":[{"href":"https:\/\/temucotelevision.cl\/web\/wp-json\/wp\/v2\/posts"}],"about":[{"href":"https:\/\/temucotelevision.cl\/web\/wp-json\/wp\/v2\/types\/post"}],"author":[{"embeddable":true,"href":"https:\/\/temucotelevision.cl\/web\/wp-json\/wp\/v2\/users\/1"}],"replies":[{"embeddable":true,"href":"https:\/\/temucotelevision.cl\/web\/wp-json\/wp\/v2\/comments?post=48356"}],"version-history":[{"count":1,"href":"https:\/\/temucotelevision.cl\/web\/wp-json\/wp\/v2\/posts\/48356\/revisions"}],"predecessor-version":[{"id":48358,"href":"https:\/\/temucotelevision.cl\/web\/wp-json\/wp\/v2\/posts\/48356\/revisions\/48358"}],"wp:featuredmedia":[{"embeddable":true,"href":"https:\/\/temucotelevision.cl\/web\/wp-json\/wp\/v2\/media\/48357"}],"wp:attachment":[{"href":"https:\/\/temucotelevision.cl\/web\/wp-json\/wp\/v2\/media?parent=48356"}],"wp:term":[{"taxonomy":"category","embeddable":true,"href":"https:\/\/temucotelevision.cl\/web\/wp-json\/wp\/v2\/categories?post=48356"},{"taxonomy":"post_tag","embeddable":true,"href":"https:\/\/temucotelevision.cl\/web\/wp-json\/wp\/v2\/tags?post=48356"}],"curies":[{"name":"wp","href":"https:\/\/api.w.org\/{rel}","templated":true}]}}