{"id":48348,"date":"2024-03-04T16:11:35","date_gmt":"2024-03-04T19:11:35","guid":{"rendered":"https:\/\/temucotelevision.cl\/web\/?p=48348"},"modified":"2024-03-04T16:11:36","modified_gmt":"2024-03-04T19:11:36","slug":"esto-es-lo-que-debes-conocer-sobre-el-tinnitus-la-enfermedad-auditiva-que-padece-luis-miguel","status":"publish","type":"post","link":"https:\/\/temucotelevision.cl\/web\/2024\/03\/04\/esto-es-lo-que-debes-conocer-sobre-el-tinnitus-la-enfermedad-auditiva-que-padece-luis-miguel\/","title":{"rendered":"Esto es lo que debes conocer sobre el tinnitus, la enfermedad auditiva que padece Luis Miguel"},"content":{"rendered":"<div class=\"pvc_clear\"><\/div><p id=\"pvc_stats_48348\" class=\"pvc_stats total_only  \" data-element-id=\"48348\" style=\"\"><i class=\"pvc-stats-icon large\" aria-hidden=\"true\"><svg aria-hidden=\"true\" focusable=\"false\" data-prefix=\"far\" data-icon=\"chart-bar\" role=\"img\" xmlns=\"http:\/\/www.w3.org\/2000\/svg\" viewBox=\"0 0 512 512\" class=\"svg-inline--fa fa-chart-bar fa-w-16 fa-2x\"><path fill=\"currentColor\" d=\"M396.8 352h22.4c6.4 0 12.8-6.4 12.8-12.8V108.8c0-6.4-6.4-12.8-12.8-12.8h-22.4c-6.4 0-12.8 6.4-12.8 12.8v230.4c0 6.4 6.4 12.8 12.8 12.8zm-192 0h22.4c6.4 0 12.8-6.4 12.8-12.8V140.8c0-6.4-6.4-12.8-12.8-12.8h-22.4c-6.4 0-12.8 6.4-12.8 12.8v198.4c0 6.4 6.4 12.8 12.8 12.8zm96 0h22.4c6.4 0 12.8-6.4 12.8-12.8V204.8c0-6.4-6.4-12.8-12.8-12.8h-22.4c-6.4 0-12.8 6.4-12.8 12.8v134.4c0 6.4 6.4 12.8 12.8 12.8zM496 400H48V80c0-8.84-7.16-16-16-16H16C7.16 64 0 71.16 0 80v336c0 17.67 14.33 32 32 32h464c8.84 0 16-7.16 16-16v-16c0-8.84-7.16-16-16-16zm-387.2-48h22.4c6.4 0 12.8-6.4 12.8-12.8v-70.4c0-6.4-6.4-12.8-12.8-12.8h-22.4c-6.4 0-12.8 6.4-12.8 12.8v70.4c0 6.4 6.4 12.8 12.8 12.8z\" class=\"\"><\/path><\/svg><\/i> <img loading=\"lazy\" decoding=\"async\" width=\"16\" height=\"16\" alt=\"Loading\" src=\"https:\/\/temucotelevision.cl\/web\/wp-content\/plugins\/page-views-count\/ajax-loader-2x.gif\" border=0 \/><\/p><div class=\"pvc_clear\"><\/div>\n<p><strong><em>El artista mexicano se presentar\u00e1 esta semana en Chile, por lo que sus fieles fan\u00e1ticas han estado investigando qu\u00e9 es el tinnitus y si esto pone en riesgo su carrera como cantante.<\/em><\/strong><\/p>\n\n\n\n<p>Luis Miguel, uno de los artistas mexicanos m\u00e1s destacados de la historia, est\u00e1 a d\u00edas de presentarse en Chile, a tan s\u00f3lo meses de sus \u00faltimos 10 conciertos en el pa\u00eds, donde actu\u00f3 frente a un Movistar Arena completo.<\/p>\n\n\n\n<p>El Sol de M\u00e9xico, como es conocido, no s\u00f3lo ha hecho noticia por su venida a nuestro pa\u00eds, sino que tambi\u00e9n lo ha hecho por la enfermedad auditiva que padece y que, seg\u00fan se ha dicho, podr\u00eda alejarlo de los escenarios en alg\u00fan futuro pr\u00f3ximo.<\/p>\n\n\n\n<p>\u00bfQu\u00e9 enfermedad tiene Luis Miguel?<\/p>\n\n\n\n<p>La voz de Culpable o No padece tinnitus, tambi\u00e9n conocida como ac\u00fafeno, la cual es descrita como un sonido que es percibido en ausencia de un est\u00edmulo que lo provoque, seg\u00fan explic\u00f3 la acad\u00e9mica de Fonoaudiolog\u00eda de UST Santiago, Lilian Sierra.<\/p>\n\n\n\n<p>La Mg. En Audiolog\u00eda coment\u00f3 que este sonido \u201cpuede ser continuo, intermitente o puls\u00e1til, de todo agudo, grave o como un sonido de banda estrecha, similar al ruido de una radio sin sintonizar. Tambi\u00e9n puede escucharse como un silbido o chicharreo, y puede presentarse en uno o ambos o\u00eddos, e incluso hay quienes lo oyen en toda su cabeza\u201d.<\/p>\n\n\n\n<p>\u201cRespecto a su percepci\u00f3n temporal, \u00e9sta puede ser espor\u00e1dica, en especial en momentos de silencio o de presentaci\u00f3n permanente\u201d, a\u00f1adi\u00f3 Sierra, quien detall\u00f3 que el tinnitus es un s\u00edntoma, \u201cpor tanto puede presentarse junto a otros, tales como la p\u00e9rdida auditiva, y dentro de una multiplicidad de condiciones de salud. Adem\u00e1s, existen h\u00e1bitos y acciones que contribuyen a su aparici\u00f3n\u201d.<\/p>\n\n\n\n<p>En este contexto, la Licenciada en Fonoaudiolog\u00eda sostuvo que \u201cdentro de las enfermedades auditivas, es reportado en casos de presbiacusia o disminuci\u00f3n auditiva en las personas mayores, da\u00f1o auditivo inducido por ruido cr\u00f3nico de origen laboral o recreativo, traumas ac\u00fasticos agudos, consumo de medicamentos t\u00f3xicos para la audici\u00f3n u otot\u00f3xicos, e infecciones de o\u00eddo medio, entre otros\u201d.<\/p>\n\n\n\n<p>Lilian Sierra explic\u00f3 que \u201csin embargo, existen casos en que el tinnitus se presenta en ausencia de una alteraci\u00f3n auditiva evidente, y otras incluyen enfermedades sistem\u00e1ticas cardiovasculares, endocrinas, hematol\u00f3gicas, trastornos psiqui\u00e1tricos como cuadros de ansiedad, depresi\u00f3n y estr\u00e9s, alteraciones musculares cervicales, disfunci\u00f3n temporomandibular y tambi\u00e9n trastornos degenerativos\u201d.<\/p>\n\n\n\n<p>La acad\u00e9mica UST Santiago enfatiz\u00f3 en que \u201ces importante comprender que el tinnitus, por s\u00ed solo, no necesariamente indica alguna de las condiciones antes descritas, es relevante consultar a un profesional que oriente en el diagn\u00f3stico de la causa tras el s\u00edntoma para evitar una respuesta negativa condicionada\u201d, a\u00f1adiendo que cada caso ser\u00e1 diferente.<\/p>\n\n\n\n<p>\u00bfExiste tratamiento para el tinnitus?<\/p>\n\n\n\n<p>\u201cEn cuanto al tratamiento del Tinnitus, no existen medicamentos o suplementos diet\u00e9ticos que lo curen, pero s\u00ed opciones que buscan eliminar su percepci\u00f3n y efectos negativos. Por tanto, es necesario una evaluaci\u00f3n m\u00e9dica y auditiva previa que facilitar\u00e1 el diagn\u00f3stico, que incluye desde una entrevista espec\u00edfica y valoraci\u00f3n del impacto funcional hasta pruebas auditivas y ex\u00e1menes m\u00e9dicos complementarios\u201d<\/p>\n\n\n\n<p>Algunas de las sugerencias actuales incluyen uso de aud\u00edfonos auditivos, terapia de reentrenamiento del Tinnitus, terapias de estimulaci\u00f3n sonora, apoyo psicol\u00f3gico, intervenci\u00f3n m\u00e9dica espec\u00edfica en casos de depresi\u00f3n, ansiedad y trastorno del sue\u00f1o, desarrollar actividades que favorezcan la relajaci\u00f3n y mantener h\u00e1bitos de alimentaci\u00f3n saludables.<\/p>\n\n\n\n<p>\u201cAdicional a las opciones de tratamiento, es importante tomar medidas de prevenci\u00f3n en cuanto a la exposici\u00f3n a ruido, atendiendo a las recomendaciones sobre el uso de protectores auditivos en el trabajo, conciertos y hobbies, reducir intensidad y tiempo de escucha de auriculares musicales\u201d, concluy\u00f3 Lilian.<\/p>\n","protected":false},"excerpt":{"rendered":"<div class=\"pvc_clear\"><\/div>\n<p id=\"pvc_stats_48348\" class=\"pvc_stats total_only  \" data-element-id=\"48348\" style=\"\"><i class=\"pvc-stats-icon large\" aria-hidden=\"true\"><svg aria-hidden=\"true\" focusable=\"false\" data-prefix=\"far\" data-icon=\"chart-bar\" role=\"img\" xmlns=\"http:\/\/www.w3.org\/2000\/svg\" viewBox=\"0 0 512 512\" class=\"svg-inline--fa fa-chart-bar fa-w-16 fa-2x\"><path fill=\"currentColor\" d=\"M396.8 352h22.4c6.4 0 12.8-6.4 12.8-12.8V108.8c0-6.4-6.4-12.8-12.8-12.8h-22.4c-6.4 0-12.8 6.4-12.8 12.8v230.4c0 6.4 6.4 12.8 12.8 12.8zm-192 0h22.4c6.4 0 12.8-6.4 12.8-12.8V140.8c0-6.4-6.4-12.8-12.8-12.8h-22.4c-6.4 0-12.8 6.4-12.8 12.8v198.4c0 6.4 6.4 12.8 12.8 12.8zm96 0h22.4c6.4 0 12.8-6.4 12.8-12.8V204.8c0-6.4-6.4-12.8-12.8-12.8h-22.4c-6.4 0-12.8 6.4-12.8 12.8v134.4c0 6.4 6.4 12.8 12.8 12.8zM496 400H48V80c0-8.84-7.16-16-16-16H16C7.16 64 0 71.16 0 80v336c0 17.67 14.33 32 32 32h464c8.84 0 16-7.16 16-16v-16c0-8.84-7.16-16-16-16zm-387.2-48h22.4c6.4 0 12.8-6.4 12.8-12.8v-70.4c0-6.4-6.4-12.8-12.8-12.8h-22.4c-6.4 0-12.8 6.4-12.8 12.8v70.4c0 6.4 6.4 12.8 12.8 12.8z\" class=\"\"><\/path><\/svg><\/i> <img loading=\"lazy\" decoding=\"async\" width=\"16\" height=\"16\" alt=\"Loading\" src=\"https:\/\/temucotelevision.cl\/web\/wp-content\/plugins\/page-views-count\/ajax-loader-2x.gif\" border=0 \/><\/p>\n<div class=\"pvc_clear\"><\/div>\n<p>El artista mexicano se presentar\u00e1 esta semana en Chile, por lo que sus fieles fan\u00e1ticas han estado investigando qu\u00e9 es<\/p>\n","protected":false},"author":1,"featured_media":48349,"comment_status":"open","ping_status":"open","sticky":false,"template":"","format":"standard","meta":{"colormag_page_container_layout":"default_layout","colormag_page_sidebar_layout":"default_layout","footnotes":""},"categories":[101],"tags":[561,6946],"class_list":["post-48348","post","type-post","status-publish","format-standard","has-post-thumbnail","hentry","category-actualidad","tag-enfermedad","tag-tinnitus"],"a3_pvc":{"activated":true,"total_views":3289,"today_views":0},"_links":{"self":[{"href":"https:\/\/temucotelevision.cl\/web\/wp-json\/wp\/v2\/posts\/48348","targetHints":{"allow":["GET"]}}],"collection":[{"href":"https:\/\/temucotelevision.cl\/web\/wp-json\/wp\/v2\/posts"}],"about":[{"href":"https:\/\/temucotelevision.cl\/web\/wp-json\/wp\/v2\/types\/post"}],"author":[{"embeddable":true,"href":"https:\/\/temucotelevision.cl\/web\/wp-json\/wp\/v2\/users\/1"}],"replies":[{"embeddable":true,"href":"https:\/\/temucotelevision.cl\/web\/wp-json\/wp\/v2\/comments?post=48348"}],"version-history":[{"count":1,"href":"https:\/\/temucotelevision.cl\/web\/wp-json\/wp\/v2\/posts\/48348\/revisions"}],"predecessor-version":[{"id":48350,"href":"https:\/\/temucotelevision.cl\/web\/wp-json\/wp\/v2\/posts\/48348\/revisions\/48350"}],"wp:featuredmedia":[{"embeddable":true,"href":"https:\/\/temucotelevision.cl\/web\/wp-json\/wp\/v2\/media\/48349"}],"wp:attachment":[{"href":"https:\/\/temucotelevision.cl\/web\/wp-json\/wp\/v2\/media?parent=48348"}],"wp:term":[{"taxonomy":"category","embeddable":true,"href":"https:\/\/temucotelevision.cl\/web\/wp-json\/wp\/v2\/categories?post=48348"},{"taxonomy":"post_tag","embeddable":true,"href":"https:\/\/temucotelevision.cl\/web\/wp-json\/wp\/v2\/tags?post=48348"}],"curies":[{"name":"wp","href":"https:\/\/api.w.org\/{rel}","templated":true}]}}