{"id":48345,"date":"2024-03-04T16:02:30","date_gmt":"2024-03-04T19:02:30","guid":{"rendered":"https:\/\/temucotelevision.cl\/web\/?p=48345"},"modified":"2024-03-04T16:02:31","modified_gmt":"2024-03-04T19:02:31","slug":"tras-anos-de-lucha-vecinos-lograron-cierre-de-vertedero-ilegal-en-ercilla","status":"publish","type":"post","link":"https:\/\/temucotelevision.cl\/web\/2024\/03\/04\/tras-anos-de-lucha-vecinos-lograron-cierre-de-vertedero-ilegal-en-ercilla\/","title":{"rendered":"Tras a\u00f1os de lucha, vecinos lograron cierre de vertedero ilegal en Ercilla"},"content":{"rendered":"<div class=\"pvc_clear\"><\/div><p id=\"pvc_stats_48345\" class=\"pvc_stats total_only  \" data-element-id=\"48345\" style=\"\"><i class=\"pvc-stats-icon large\" aria-hidden=\"true\"><svg aria-hidden=\"true\" focusable=\"false\" data-prefix=\"far\" data-icon=\"chart-bar\" role=\"img\" xmlns=\"http:\/\/www.w3.org\/2000\/svg\" viewBox=\"0 0 512 512\" class=\"svg-inline--fa fa-chart-bar fa-w-16 fa-2x\"><path fill=\"currentColor\" d=\"M396.8 352h22.4c6.4 0 12.8-6.4 12.8-12.8V108.8c0-6.4-6.4-12.8-12.8-12.8h-22.4c-6.4 0-12.8 6.4-12.8 12.8v230.4c0 6.4 6.4 12.8 12.8 12.8zm-192 0h22.4c6.4 0 12.8-6.4 12.8-12.8V140.8c0-6.4-6.4-12.8-12.8-12.8h-22.4c-6.4 0-12.8 6.4-12.8 12.8v198.4c0 6.4 6.4 12.8 12.8 12.8zm96 0h22.4c6.4 0 12.8-6.4 12.8-12.8V204.8c0-6.4-6.4-12.8-12.8-12.8h-22.4c-6.4 0-12.8 6.4-12.8 12.8v134.4c0 6.4 6.4 12.8 12.8 12.8zM496 400H48V80c0-8.84-7.16-16-16-16H16C7.16 64 0 71.16 0 80v336c0 17.67 14.33 32 32 32h464c8.84 0 16-7.16 16-16v-16c0-8.84-7.16-16-16-16zm-387.2-48h22.4c6.4 0 12.8-6.4 12.8-12.8v-70.4c0-6.4-6.4-12.8-12.8-12.8h-22.4c-6.4 0-12.8 6.4-12.8 12.8v70.4c0 6.4 6.4 12.8 12.8 12.8z\" class=\"\"><\/path><\/svg><\/i> <img loading=\"lazy\" decoding=\"async\" width=\"16\" height=\"16\" alt=\"Loading\" src=\"https:\/\/temucotelevision.cl\/web\/wp-content\/plugins\/page-views-count\/ajax-loader-2x.gif\" border=0 \/><\/p><div class=\"pvc_clear\"><\/div>\n<p>UN LOGRO DE LOS VECINOS. Despu\u00e9s de vivir muchos a\u00f1os con un vertedero ilegal en sus inmediaciones, vecinos de la comunidad S.A.R.A Malleco, Regi\u00f3n de la Araucan\u00eda, lograron que sus peticiones fueran escuchadas.<\/p>\n\n\n\n<p>La Municipalidad de Ercilla puso fin a ese vertedero clandestino enterrando con maquinaria especial los miles de kilos de basura acumulados en el sector y que, incluso, amenazaban con cortar el camino principal de la ruta R-525, camino a La Monta\u00f1a, distante 19 kms de la ciudad de Ercilla.<\/p>\n\n\n\n<p>Los vecinos agrupados en un comit\u00e9 de la Red de Prevenci\u00f3n Comunitaria enviaron una carta formal a la autoridad local explicando la lamentable situaci\u00f3n que viv\u00edan d\u00eda a d\u00eda debido al vertedero, ubicado en Camino a La Monta\u00f1a km 18.6, y advirtiendo de los altos riesgos a la salud de las personas. Ello por los continuos malos olores, combusti\u00f3n de materiales, animales abandonados, ratas, moscas y tambi\u00e9n por la alta probabilidad de tener un incendio forestal.<\/p>\n\n\n\n<p>Tras plantear esta situaci\u00f3n a diversas autoridades, finalmente sus peticiones fueron escuchadas, asumiendo el municipio de Ercilla el compromiso de cuidar ese lugar. Hace s\u00f3lo unos d\u00edas integrantes de las unidades de Obras y Medio Ambiente visitaron la zona y se reunieron con vecinos, quienes explicaron la grave situaci\u00f3n que se ha vivido por a\u00f1os.<\/p>\n\n\n\n<p>De hecho, este vertedero ilegal ha existido por casi una d\u00e9cada y cada a\u00f1o fue creciendo hasta acumular varias toneladas de basura proveniente no s\u00f3lo de la misma comuna, sino tambi\u00e9n de otros lugares de la regi\u00f3n.<\/p>\n\n\n\n<p>Jos\u00e9 Jara, presidente Junta Vecina S.A.R.A Malleco, integrante de la comunidad Malalche y miembro del Comit\u00e9 de la Red de Prevenci\u00f3n Comunitaria, recuerda que en su ni\u00f1ez ese lugar fue una escuela, luego pas\u00f3 a ser un relleno sanitario y \u201cten\u00eda que haber sido cerrado hace 13 a\u00f1os, pero no fue as\u00ed y se convirti\u00f3 en un vertedero clandestino. Todos ven\u00edan a botar ah\u00ed la basura\u201d, dice.<\/p>\n\n\n\n<p>Felipe Ram\u00edrez tambi\u00e9n vecino e integrante del comit\u00e9 de prevenci\u00f3n estuvo presente todas las horas y d\u00edas que trabajaron la retroexcavadora y bulldozer, las que acumularon la basura y luego fueron tapando y limpiando. Su misi\u00f3n era ir chequeando el trabajo e informarles a quienes llegaban a botar basura que ese vertedero ilegal ya no exist\u00eda. \u201cEl bulldozer hizo su trabajo, tap\u00f3 con tierra la basura y cerr\u00f3 con troncos de \u00e1rboles y piedras para evitar el acceso de camiones y veh\u00edculos. Vali\u00f3 nuestro reclamo y agradecer a todos los integrantes de la junta de vecinos\u201d, se\u00f1ala.<\/p>\n\n\n\n<p>Ahora se espera hacer nuevas acciones con el municipio, CMPC y vecinos para cuidar el lugar y paralelamente hacer an\u00e1lisis de agua para los vecinos que consumen agua de pozos.<\/p>\n\n\n\n<p>Para la Red de Prevenci\u00f3n Comunitaria este logro de los vecinos es muy importante por cuanto eliminaron un riesgo de incendio que era muy complejo en la zona. \u201cLos vecinos y la comunidad cumplen un rol muy importante para cuidar sus sectores, paisajes y entornos y ese cuidado pasa por identificar sus riesgos y mitigarlos. Ese vertedero ilegal ten\u00eda una gran complejidad por la cantidad de material combustible, que al contacto con fuego genera alta carga de elementos qu\u00edmicos t\u00f3xicos para la salud. Que se haya podido tapar con tierra y comenzar a gestionar los impactos que genera la acumulaci\u00f3n de basura, es muy importante para la calidad de vida de los vecinos\u201d, comenta Carlos Fuentes, gestor de la Red de Prevenci\u00f3n Comunitaria. Esta entidad trabaja con m\u00e1s de 6.000 vecinos en distintas regiones del pa\u00eds para que puedan prevenir incendios y proteger su entorno.<\/p>\n","protected":false},"excerpt":{"rendered":"<div class=\"pvc_clear\"><\/div>\n<p id=\"pvc_stats_48345\" class=\"pvc_stats total_only  \" data-element-id=\"48345\" style=\"\"><i class=\"pvc-stats-icon large\" aria-hidden=\"true\"><svg aria-hidden=\"true\" focusable=\"false\" data-prefix=\"far\" data-icon=\"chart-bar\" role=\"img\" xmlns=\"http:\/\/www.w3.org\/2000\/svg\" viewBox=\"0 0 512 512\" class=\"svg-inline--fa fa-chart-bar fa-w-16 fa-2x\"><path fill=\"currentColor\" d=\"M396.8 352h22.4c6.4 0 12.8-6.4 12.8-12.8V108.8c0-6.4-6.4-12.8-12.8-12.8h-22.4c-6.4 0-12.8 6.4-12.8 12.8v230.4c0 6.4 6.4 12.8 12.8 12.8zm-192 0h22.4c6.4 0 12.8-6.4 12.8-12.8V140.8c0-6.4-6.4-12.8-12.8-12.8h-22.4c-6.4 0-12.8 6.4-12.8 12.8v198.4c0 6.4 6.4 12.8 12.8 12.8zm96 0h22.4c6.4 0 12.8-6.4 12.8-12.8V204.8c0-6.4-6.4-12.8-12.8-12.8h-22.4c-6.4 0-12.8 6.4-12.8 12.8v134.4c0 6.4 6.4 12.8 12.8 12.8zM496 400H48V80c0-8.84-7.16-16-16-16H16C7.16 64 0 71.16 0 80v336c0 17.67 14.33 32 32 32h464c8.84 0 16-7.16 16-16v-16c0-8.84-7.16-16-16-16zm-387.2-48h22.4c6.4 0 12.8-6.4 12.8-12.8v-70.4c0-6.4-6.4-12.8-12.8-12.8h-22.4c-6.4 0-12.8 6.4-12.8 12.8v70.4c0 6.4 6.4 12.8 12.8 12.8z\" class=\"\"><\/path><\/svg><\/i> <img loading=\"lazy\" decoding=\"async\" width=\"16\" height=\"16\" alt=\"Loading\" src=\"https:\/\/temucotelevision.cl\/web\/wp-content\/plugins\/page-views-count\/ajax-loader-2x.gif\" border=0 \/><\/p>\n<div class=\"pvc_clear\"><\/div>\n<p>UN LOGRO DE LOS VECINOS. Despu\u00e9s de vivir muchos a\u00f1os con un vertedero ilegal en sus inmediaciones, vecinos de la<\/p>\n","protected":false},"author":1,"featured_media":48346,"comment_status":"open","ping_status":"open","sticky":false,"template":"","format":"standard","meta":{"colormag_page_container_layout":"default_layout","colormag_page_sidebar_layout":"default_layout","footnotes":""},"categories":[15],"tags":[712,1970],"class_list":["post-48345","post","type-post","status-publish","format-standard","has-post-thumbnail","hentry","category-la-araucania","tag-ercilla","tag-vertedero"],"a3_pvc":{"activated":true,"total_views":1723,"today_views":0},"_links":{"self":[{"href":"https:\/\/temucotelevision.cl\/web\/wp-json\/wp\/v2\/posts\/48345","targetHints":{"allow":["GET"]}}],"collection":[{"href":"https:\/\/temucotelevision.cl\/web\/wp-json\/wp\/v2\/posts"}],"about":[{"href":"https:\/\/temucotelevision.cl\/web\/wp-json\/wp\/v2\/types\/post"}],"author":[{"embeddable":true,"href":"https:\/\/temucotelevision.cl\/web\/wp-json\/wp\/v2\/users\/1"}],"replies":[{"embeddable":true,"href":"https:\/\/temucotelevision.cl\/web\/wp-json\/wp\/v2\/comments?post=48345"}],"version-history":[{"count":1,"href":"https:\/\/temucotelevision.cl\/web\/wp-json\/wp\/v2\/posts\/48345\/revisions"}],"predecessor-version":[{"id":48347,"href":"https:\/\/temucotelevision.cl\/web\/wp-json\/wp\/v2\/posts\/48345\/revisions\/48347"}],"wp:featuredmedia":[{"embeddable":true,"href":"https:\/\/temucotelevision.cl\/web\/wp-json\/wp\/v2\/media\/48346"}],"wp:attachment":[{"href":"https:\/\/temucotelevision.cl\/web\/wp-json\/wp\/v2\/media?parent=48345"}],"wp:term":[{"taxonomy":"category","embeddable":true,"href":"https:\/\/temucotelevision.cl\/web\/wp-json\/wp\/v2\/categories?post=48345"},{"taxonomy":"post_tag","embeddable":true,"href":"https:\/\/temucotelevision.cl\/web\/wp-json\/wp\/v2\/tags?post=48345"}],"curies":[{"name":"wp","href":"https:\/\/api.w.org\/{rel}","templated":true}]}}