{"id":48337,"date":"2024-03-04T15:50:58","date_gmt":"2024-03-04T18:50:58","guid":{"rendered":"https:\/\/temucotelevision.cl\/web\/?p=48337"},"modified":"2024-03-04T15:50:59","modified_gmt":"2024-03-04T18:50:59","slug":"tirua-advierten-posible-intencionalidad-por-19-focos-de-incendios-simultaneos-que-afectan-a-la-comuna","status":"publish","type":"post","link":"https:\/\/temucotelevision.cl\/web\/2024\/03\/04\/tirua-advierten-posible-intencionalidad-por-19-focos-de-incendios-simultaneos-que-afectan-a-la-comuna\/","title":{"rendered":"Tir\u00faa: Advierten posible intencionalidad por 19 focos de incendios simult\u00e1neos que afectan a la comuna"},"content":{"rendered":"<div class=\"pvc_clear\"><\/div><p id=\"pvc_stats_48337\" class=\"pvc_stats total_only  \" data-element-id=\"48337\" style=\"\"><i class=\"pvc-stats-icon large\" aria-hidden=\"true\"><svg aria-hidden=\"true\" focusable=\"false\" data-prefix=\"far\" data-icon=\"chart-bar\" role=\"img\" xmlns=\"http:\/\/www.w3.org\/2000\/svg\" viewBox=\"0 0 512 512\" class=\"svg-inline--fa fa-chart-bar fa-w-16 fa-2x\"><path fill=\"currentColor\" d=\"M396.8 352h22.4c6.4 0 12.8-6.4 12.8-12.8V108.8c0-6.4-6.4-12.8-12.8-12.8h-22.4c-6.4 0-12.8 6.4-12.8 12.8v230.4c0 6.4 6.4 12.8 12.8 12.8zm-192 0h22.4c6.4 0 12.8-6.4 12.8-12.8V140.8c0-6.4-6.4-12.8-12.8-12.8h-22.4c-6.4 0-12.8 6.4-12.8 12.8v198.4c0 6.4 6.4 12.8 12.8 12.8zm96 0h22.4c6.4 0 12.8-6.4 12.8-12.8V204.8c0-6.4-6.4-12.8-12.8-12.8h-22.4c-6.4 0-12.8 6.4-12.8 12.8v134.4c0 6.4 6.4 12.8 12.8 12.8zM496 400H48V80c0-8.84-7.16-16-16-16H16C7.16 64 0 71.16 0 80v336c0 17.67 14.33 32 32 32h464c8.84 0 16-7.16 16-16v-16c0-8.84-7.16-16-16-16zm-387.2-48h22.4c6.4 0 12.8-6.4 12.8-12.8v-70.4c0-6.4-6.4-12.8-12.8-12.8h-22.4c-6.4 0-12.8 6.4-12.8 12.8v70.4c0 6.4 6.4 12.8 12.8 12.8z\" class=\"\"><\/path><\/svg><\/i> <img loading=\"lazy\" decoding=\"async\" width=\"16\" height=\"16\" alt=\"Loading\" src=\"https:\/\/temucotelevision.cl\/web\/wp-content\/plugins\/page-views-count\/ajax-loader-2x.gif\" border=0 \/><\/p><div class=\"pvc_clear\"><\/div>\n<ul class=\"wp-block-list\">\n<li><em>Un registro audiovisual evidencia c\u00f3mo los siniestros surgieron en paralelo en varios sectores y cuando comenzaba la noche, momento en el cual se hace imposible atacar el fuego desde el aire.<\/em><\/li>\n<\/ul>\n\n\n\n<p>Un total de 19 focos de incendios en la comuna de Tir\u00faa se han detectado desde este domingo 03 de marzo, lo cual ha obligado a Senapred a decretar desalojo preventivo en la zona de Tranaquepe, ante el peligro de afectar a viviendas. &nbsp;Adem\u00e1s de la citada localidad, los siniestros se han centrado tambi\u00e9n en las zonas de Cardal y Matraqu\u00edn, y por las caracter\u00edsticas de los focos se presume intencionalidad, dado que han surgido de manera simult\u00e1nea y de noche, lo cual es sabido que dificulta las labores de combate.<\/p>\n\n\n\n<p>Los focos partieron el domingo cerca de las 19:00 horas en zonas en las que no suele haber circulaci\u00f3n de personas o donde se suelan realizar actividades recreativas, por lo que resulta poco probable que se trate de una acci\u00f3n negligente. Adem\u00e1s, cabe destacar que a la hora de inicio de estos incendios se hace m\u00e1s complejo el combate, ya que las aeronaves no pueden volar ante la falta de luz. Esto fue captado por un video de un avi\u00f3n de coordinaci\u00f3n, donde se observa claramente la multiplicidad y simultaneidad de los focos. Adem\u00e1s, cabe recordar que el s\u00e1bado, cerca del lugar de estos multifocos, hubo otros incendios y ataques a las brigadas que estaban combatiendo en el sector, lo cual ha obligado a reforzar la presencia policial en dicha zona para garantizar la seguridad de quienes participan de las labores de contenci\u00f3n del fuego.<\/p>\n\n\n\n<p>Esta ma\u00f1ana, nueve brigadas pertenecientes a empresas forestales, entre ellas CMPC, se movilizaron hacia dichos sectores para sumarse a los esfuerzos de Conaf para combatir las llamas. Adem\u00e1s, contar\u00e1n con el respaldo de aviones cisterna y helic\u00f3pteros forestales. &nbsp;&nbsp;<\/p>\n\n\n\n<p><strong>Despliegue de CMPC en Tir\u00faa<\/strong><\/p>\n\n\n\n<p>\u201cHoy estamos concentrados en desplegar todos nuestros recursos disponibles para trabajar en conjunto con la Delegaci\u00f3n Provincial del Biob\u00edo, Conaf, Bomberos, Carabineros y las Fuerzas Armadas que est\u00e1n desplegadas por el territorio, siempre poniendo como primera prioridad el resguardo de las personas, de las familias y de sus propiedades, en el control de esta emergencia\u201d, se\u00f1al\u00f3 Ignacio Lira, gerente de Asuntos Corporativos de CMPC Bosques.<\/p>\n\n\n\n<p>Lira agreg\u00f3 que \u201clos videos nos dan cuenta de posible intencionalidad, lo cual es de la mayor gravedad, pues pone en riesgo la vida de numerosas personas del sector. Llamamos a denunciar a quienes est\u00e9n incurriendo en estas acciones\u201d. El ejecutivo de CMPC tambi\u00e9n record\u00f3 que \u201ctodav\u00eda estamos con d\u00edas con condiciones clim\u00e1ticas bastante complejas. La guardia no hay que bajarla, sino que mantenerla, cuidando y extremando las medidas de precauci\u00f3n, porque todav\u00eda estamos en la temporada de incendios\u201d.<\/p>\n\n\n\n<p>Desde el municipio de Tir\u00faa, a trav\u00e9s de un comunicado, se\u00f1alaron que se mantiene la Alerta Roja y que est\u00e1n trabajando coordinadamente con distintos actores de la emergencia. El alcalde Jos\u00e9 Linco Garrido destac\u00f3 que &#8220;los vecinos y vecinas de comunidades han puesto a disposici\u00f3n todo lo que corresponde para hacer cortafuegos. Hasta el momento no se han visto viviendas afectadas. Continuamos trabajando todos juntos con mucho compromiso para combatir esta emergencia&#8221;.<\/p>\n\n\n\n<p>El municipio agradeci\u00f3 el trabajo de los voluntarios de Bomberos de Tir\u00faa y de otras comunas que se han sumado a las labores de combate y contenci\u00f3n.<\/p>\n\n\n\n<p><\/p>\n","protected":false},"excerpt":{"rendered":"<div class=\"pvc_clear\"><\/div>\n<p id=\"pvc_stats_48337\" class=\"pvc_stats total_only  \" data-element-id=\"48337\" style=\"\"><i class=\"pvc-stats-icon large\" aria-hidden=\"true\"><svg aria-hidden=\"true\" focusable=\"false\" data-prefix=\"far\" data-icon=\"chart-bar\" role=\"img\" xmlns=\"http:\/\/www.w3.org\/2000\/svg\" viewBox=\"0 0 512 512\" class=\"svg-inline--fa fa-chart-bar fa-w-16 fa-2x\"><path fill=\"currentColor\" d=\"M396.8 352h22.4c6.4 0 12.8-6.4 12.8-12.8V108.8c0-6.4-6.4-12.8-12.8-12.8h-22.4c-6.4 0-12.8 6.4-12.8 12.8v230.4c0 6.4 6.4 12.8 12.8 12.8zm-192 0h22.4c6.4 0 12.8-6.4 12.8-12.8V140.8c0-6.4-6.4-12.8-12.8-12.8h-22.4c-6.4 0-12.8 6.4-12.8 12.8v198.4c0 6.4 6.4 12.8 12.8 12.8zm96 0h22.4c6.4 0 12.8-6.4 12.8-12.8V204.8c0-6.4-6.4-12.8-12.8-12.8h-22.4c-6.4 0-12.8 6.4-12.8 12.8v134.4c0 6.4 6.4 12.8 12.8 12.8zM496 400H48V80c0-8.84-7.16-16-16-16H16C7.16 64 0 71.16 0 80v336c0 17.67 14.33 32 32 32h464c8.84 0 16-7.16 16-16v-16c0-8.84-7.16-16-16-16zm-387.2-48h22.4c6.4 0 12.8-6.4 12.8-12.8v-70.4c0-6.4-6.4-12.8-12.8-12.8h-22.4c-6.4 0-12.8 6.4-12.8 12.8v70.4c0 6.4 6.4 12.8 12.8 12.8z\" class=\"\"><\/path><\/svg><\/i> <img loading=\"lazy\" decoding=\"async\" width=\"16\" height=\"16\" alt=\"Loading\" src=\"https:\/\/temucotelevision.cl\/web\/wp-content\/plugins\/page-views-count\/ajax-loader-2x.gif\" border=0 \/><\/p>\n<div class=\"pvc_clear\"><\/div>\n<p>Un total de 19 focos de incendios en la comuna de Tir\u00faa se han detectado desde este domingo 03 de<\/p>\n","protected":false},"author":1,"featured_media":48338,"comment_status":"open","ping_status":"open","sticky":false,"template":"","format":"standard","meta":{"colormag_page_container_layout":"default_layout","colormag_page_sidebar_layout":"default_layout","footnotes":""},"categories":[14],"tags":[547,6149,266],"class_list":["post-48337","post","type-post","status-publish","format-standard","has-post-thumbnail","hentry","category-temuco","tag-focos","tag-if","tag-incendios"],"a3_pvc":{"activated":true,"total_views":2421,"today_views":0},"_links":{"self":[{"href":"https:\/\/temucotelevision.cl\/web\/wp-json\/wp\/v2\/posts\/48337","targetHints":{"allow":["GET"]}}],"collection":[{"href":"https:\/\/temucotelevision.cl\/web\/wp-json\/wp\/v2\/posts"}],"about":[{"href":"https:\/\/temucotelevision.cl\/web\/wp-json\/wp\/v2\/types\/post"}],"author":[{"embeddable":true,"href":"https:\/\/temucotelevision.cl\/web\/wp-json\/wp\/v2\/users\/1"}],"replies":[{"embeddable":true,"href":"https:\/\/temucotelevision.cl\/web\/wp-json\/wp\/v2\/comments?post=48337"}],"version-history":[{"count":1,"href":"https:\/\/temucotelevision.cl\/web\/wp-json\/wp\/v2\/posts\/48337\/revisions"}],"predecessor-version":[{"id":48339,"href":"https:\/\/temucotelevision.cl\/web\/wp-json\/wp\/v2\/posts\/48337\/revisions\/48339"}],"wp:featuredmedia":[{"embeddable":true,"href":"https:\/\/temucotelevision.cl\/web\/wp-json\/wp\/v2\/media\/48338"}],"wp:attachment":[{"href":"https:\/\/temucotelevision.cl\/web\/wp-json\/wp\/v2\/media?parent=48337"}],"wp:term":[{"taxonomy":"category","embeddable":true,"href":"https:\/\/temucotelevision.cl\/web\/wp-json\/wp\/v2\/categories?post=48337"},{"taxonomy":"post_tag","embeddable":true,"href":"https:\/\/temucotelevision.cl\/web\/wp-json\/wp\/v2\/tags?post=48337"}],"curies":[{"name":"wp","href":"https:\/\/api.w.org\/{rel}","templated":true}]}}