{"id":48303,"date":"2024-03-02T11:52:24","date_gmt":"2024-03-02T14:52:24","guid":{"rendered":"https:\/\/temucotelevision.cl\/web\/?p=48303"},"modified":"2024-03-02T11:53:09","modified_gmt":"2024-03-02T14:53:09","slug":"el-esplendor-del-festival-raices-araucanas-iluminara-la-capital-regional","status":"publish","type":"post","link":"https:\/\/temucotelevision.cl\/web\/2024\/03\/02\/el-esplendor-del-festival-raices-araucanas-iluminara-la-capital-regional\/","title":{"rendered":"El Esplendor del Festival Ra\u00edces Araucanas Iluminar\u00e1 la capital regional"},"content":{"rendered":"<div class=\"pvc_clear\"><\/div><p id=\"pvc_stats_48303\" class=\"pvc_stats total_only  \" data-element-id=\"48303\" style=\"\"><i class=\"pvc-stats-icon large\" aria-hidden=\"true\"><svg aria-hidden=\"true\" focusable=\"false\" data-prefix=\"far\" data-icon=\"chart-bar\" role=\"img\" xmlns=\"http:\/\/www.w3.org\/2000\/svg\" viewBox=\"0 0 512 512\" class=\"svg-inline--fa fa-chart-bar fa-w-16 fa-2x\"><path fill=\"currentColor\" d=\"M396.8 352h22.4c6.4 0 12.8-6.4 12.8-12.8V108.8c0-6.4-6.4-12.8-12.8-12.8h-22.4c-6.4 0-12.8 6.4-12.8 12.8v230.4c0 6.4 6.4 12.8 12.8 12.8zm-192 0h22.4c6.4 0 12.8-6.4 12.8-12.8V140.8c0-6.4-6.4-12.8-12.8-12.8h-22.4c-6.4 0-12.8 6.4-12.8 12.8v198.4c0 6.4 6.4 12.8 12.8 12.8zm96 0h22.4c6.4 0 12.8-6.4 12.8-12.8V204.8c0-6.4-6.4-12.8-12.8-12.8h-22.4c-6.4 0-12.8 6.4-12.8 12.8v134.4c0 6.4 6.4 12.8 12.8 12.8zM496 400H48V80c0-8.84-7.16-16-16-16H16C7.16 64 0 71.16 0 80v336c0 17.67 14.33 32 32 32h464c8.84 0 16-7.16 16-16v-16c0-8.84-7.16-16-16-16zm-387.2-48h22.4c6.4 0 12.8-6.4 12.8-12.8v-70.4c0-6.4-6.4-12.8-12.8-12.8h-22.4c-6.4 0-12.8 6.4-12.8 12.8v70.4c0 6.4 6.4 12.8 12.8 12.8z\" class=\"\"><\/path><\/svg><\/i> <img loading=\"lazy\" decoding=\"async\" width=\"16\" height=\"16\" alt=\"Loading\" src=\"https:\/\/temucotelevision.cl\/web\/wp-content\/plugins\/page-views-count\/ajax-loader-2x.gif\" border=0 \/><\/p><div class=\"pvc_clear\"><\/div>\n<p>Este fin de semana Temuco se convertir\u00e1 en el escenario de la quinta versi\u00f3n de un evento que promete ser el cierre de verano m\u00e1s espectacular de la regi\u00f3n.<\/p>\n\n\n\n<p><\/p>\n\n\n\n<p>Los d\u00edas 2 y 3 de marzo, el Parque Urbano Isla Caut\u00edn se llenar\u00e1 de vida con la mejor selecci\u00f3n de casas cerveceras, emprendedores destacados y una amplia oferta de carros de comida, todo ello en un ambiente musical vibrante y en uno de los entornos naturales m\u00e1s encantadores de la ciudad.<\/p>\n\n\n\n<p>Organizado por Araucania Cervecera, el festival ha logrado posicionarse como un evento de car\u00e1cter familiar, que destaca por la calidad y variedad de sus cervezas artesanales y por la promoci\u00f3n de las tradiciones y la cultura de la regi\u00f3n de La Araucan\u00eda.<\/p>\n\n\n\n<p>Para el presidente de la asociaci\u00f3n gremial organizadora Luis Villalobos Castro, el \u00e9xito y la expansi\u00f3n del festival no habr\u00edan sido posible sin el firme apoyo de diversas autoridades y organizaciones. \u201cEn primer lugar quiero agradecer p\u00fablicamente al Alcalde Roberto Neira Aburto y al honorable Consejo Municipal de Temuco que han sido pilar fundamental brindando un soporte constante que ha permitido que el festival florezca a\u00f1o tras a\u00f1o\u201d expres\u00f3 el dirigente, quien tambi\u00e9n tuvo palabras para el gobierno regional a trav\u00e9s de la Corporaci\u00f3n Desarrollo Araucan\u00eda representado por su Gerente Sebasti\u00e1n Hunter que, a su juicio, ha sido crucial su apoyo, visi\u00f3n y liderazgo que han impulsado el desarrollo econ\u00f3mico y tur\u00edstico de la regi\u00f3n, creando un entorno propicio para el \u00e9xito de iniciativas como el Festival Ra\u00edces Araucanas.<\/p>\n\n\n\n<p><em>Reconocimiento<\/em><\/p>\n\n\n\n<p>Otra de las entidades clave en este tipo de encuentros es Sercotec, bajo la direcci\u00f3n de don Cristian Epuin Brevis. \u201cEste \u00f3rgano del estado ha jugado un papel determinante en el apoyo al crecimiento y la visibilidad de nuestro gremio, lo que ha generado no solo estos eventos sino tambi\u00e9n seminarios que mejoran nuestra calidad y apoyan el fomento productivo. La colaboraci\u00f3n y los recursos proporcionados por Sercotec han sido esenciales para el desarrollo de los emprendedores y la industria cervecera regional\u201d, resalt\u00f3 Villalobos quien tuvo palabras de agradecimiento por el apoyo brindado por el Seremi de Econom\u00eda, Fomento y Turismo de La Araucan\u00eda, Nelson Curi\u00f1ir Venegas. \u201cSu compromiso con el fomento de la econom\u00eda local, el turismo y la cultura cervecera ha sido clave para el desarrollo de importantes proyectos innovadores y sostenibles en el sector. La colaboraci\u00f3n entre Araucania Cervecera AG. y el Seremi ha marcado un hito en el desarrollo econ\u00f3mico y tur\u00edstico de la regi\u00f3n, asegurando un futuro brillante para la industria cervecera regional\u201d, enfatiz\u00f3 .<\/p>\n\n\n\n<p>El 5to Festival Ra\u00edces Araucanas no es solo una celebraci\u00f3n de la cerveza artesanal y la cultura de La Araucan\u00eda, sino tambi\u00e9n un testimonio del poder de la colaboraci\u00f3n entre el sector p\u00fablico y privado. Este fin de semana, Temuco se prepara para ofrecer una experiencia inolvidable, marcando el final del verano con una fiesta que promete ser memorable para todos los asistentes.<\/p>\n","protected":false},"excerpt":{"rendered":"<div class=\"pvc_clear\"><\/div>\n<p id=\"pvc_stats_48303\" class=\"pvc_stats total_only  \" data-element-id=\"48303\" style=\"\"><i class=\"pvc-stats-icon large\" aria-hidden=\"true\"><svg aria-hidden=\"true\" focusable=\"false\" data-prefix=\"far\" data-icon=\"chart-bar\" role=\"img\" xmlns=\"http:\/\/www.w3.org\/2000\/svg\" viewBox=\"0 0 512 512\" class=\"svg-inline--fa fa-chart-bar fa-w-16 fa-2x\"><path fill=\"currentColor\" d=\"M396.8 352h22.4c6.4 0 12.8-6.4 12.8-12.8V108.8c0-6.4-6.4-12.8-12.8-12.8h-22.4c-6.4 0-12.8 6.4-12.8 12.8v230.4c0 6.4 6.4 12.8 12.8 12.8zm-192 0h22.4c6.4 0 12.8-6.4 12.8-12.8V140.8c0-6.4-6.4-12.8-12.8-12.8h-22.4c-6.4 0-12.8 6.4-12.8 12.8v198.4c0 6.4 6.4 12.8 12.8 12.8zm96 0h22.4c6.4 0 12.8-6.4 12.8-12.8V204.8c0-6.4-6.4-12.8-12.8-12.8h-22.4c-6.4 0-12.8 6.4-12.8 12.8v134.4c0 6.4 6.4 12.8 12.8 12.8zM496 400H48V80c0-8.84-7.16-16-16-16H16C7.16 64 0 71.16 0 80v336c0 17.67 14.33 32 32 32h464c8.84 0 16-7.16 16-16v-16c0-8.84-7.16-16-16-16zm-387.2-48h22.4c6.4 0 12.8-6.4 12.8-12.8v-70.4c0-6.4-6.4-12.8-12.8-12.8h-22.4c-6.4 0-12.8 6.4-12.8 12.8v70.4c0 6.4 6.4 12.8 12.8 12.8z\" class=\"\"><\/path><\/svg><\/i> <img loading=\"lazy\" decoding=\"async\" width=\"16\" height=\"16\" alt=\"Loading\" src=\"https:\/\/temucotelevision.cl\/web\/wp-content\/plugins\/page-views-count\/ajax-loader-2x.gif\" border=0 \/><\/p>\n<div class=\"pvc_clear\"><\/div>\n<p>Este fin de semana Temuco se convertir\u00e1 en el escenario de la quinta versi\u00f3n de un evento que promete ser<\/p>\n","protected":false},"author":1,"featured_media":48302,"comment_status":"open","ping_status":"open","sticky":false,"template":"","format":"standard","meta":{"colormag_page_container_layout":"default_layout","colormag_page_sidebar_layout":"default_layout","footnotes":""},"categories":[86],"tags":[],"class_list":["post-48303","post","type-post","status-publish","format-standard","has-post-thumbnail","hentry","category-panoramas"],"a3_pvc":{"activated":true,"total_views":880,"today_views":0},"_links":{"self":[{"href":"https:\/\/temucotelevision.cl\/web\/wp-json\/wp\/v2\/posts\/48303","targetHints":{"allow":["GET"]}}],"collection":[{"href":"https:\/\/temucotelevision.cl\/web\/wp-json\/wp\/v2\/posts"}],"about":[{"href":"https:\/\/temucotelevision.cl\/web\/wp-json\/wp\/v2\/types\/post"}],"author":[{"embeddable":true,"href":"https:\/\/temucotelevision.cl\/web\/wp-json\/wp\/v2\/users\/1"}],"replies":[{"embeddable":true,"href":"https:\/\/temucotelevision.cl\/web\/wp-json\/wp\/v2\/comments?post=48303"}],"version-history":[{"count":1,"href":"https:\/\/temucotelevision.cl\/web\/wp-json\/wp\/v2\/posts\/48303\/revisions"}],"predecessor-version":[{"id":48304,"href":"https:\/\/temucotelevision.cl\/web\/wp-json\/wp\/v2\/posts\/48303\/revisions\/48304"}],"wp:featuredmedia":[{"embeddable":true,"href":"https:\/\/temucotelevision.cl\/web\/wp-json\/wp\/v2\/media\/48302"}],"wp:attachment":[{"href":"https:\/\/temucotelevision.cl\/web\/wp-json\/wp\/v2\/media?parent=48303"}],"wp:term":[{"taxonomy":"category","embeddable":true,"href":"https:\/\/temucotelevision.cl\/web\/wp-json\/wp\/v2\/categories?post=48303"},{"taxonomy":"post_tag","embeddable":true,"href":"https:\/\/temucotelevision.cl\/web\/wp-json\/wp\/v2\/tags?post=48303"}],"curies":[{"name":"wp","href":"https:\/\/api.w.org\/{rel}","templated":true}]}}