{"id":48298,"date":"2024-03-01T16:44:46","date_gmt":"2024-03-01T19:44:46","guid":{"rendered":"https:\/\/temucotelevision.cl\/web\/?p=48298"},"modified":"2024-03-01T16:44:47","modified_gmt":"2024-03-01T19:44:47","slug":"el-genero-urbano-se-prepara-para-triple-s-el-lanzamiento-de-balvin-en-colaboracion-con-jowel-y-randy-y-de-la-ghetto-que-promete-los-tiempos-de-antes","status":"publish","type":"post","link":"https:\/\/temucotelevision.cl\/web\/2024\/03\/01\/el-genero-urbano-se-prepara-para-triple-s-el-lanzamiento-de-balvin-en-colaboracion-con-jowel-y-randy-y-de-la-ghetto-que-promete-los-tiempos-de-antes\/","title":{"rendered":"El g\u00e9nero urbano se prepara para &#8220;Triple S&#8221;\u00a0el lanzamiento de Balvin en colaboraci\u00f3n con Jowel y Randy y De La Ghetto que promete los tiempos de antes"},"content":{"rendered":"<div class=\"pvc_clear\"><\/div><p id=\"pvc_stats_48298\" class=\"pvc_stats total_only  \" data-element-id=\"48298\" style=\"\"><i class=\"pvc-stats-icon large\" aria-hidden=\"true\"><svg aria-hidden=\"true\" focusable=\"false\" data-prefix=\"far\" data-icon=\"chart-bar\" role=\"img\" xmlns=\"http:\/\/www.w3.org\/2000\/svg\" viewBox=\"0 0 512 512\" class=\"svg-inline--fa fa-chart-bar fa-w-16 fa-2x\"><path fill=\"currentColor\" d=\"M396.8 352h22.4c6.4 0 12.8-6.4 12.8-12.8V108.8c0-6.4-6.4-12.8-12.8-12.8h-22.4c-6.4 0-12.8 6.4-12.8 12.8v230.4c0 6.4 6.4 12.8 12.8 12.8zm-192 0h22.4c6.4 0 12.8-6.4 12.8-12.8V140.8c0-6.4-6.4-12.8-12.8-12.8h-22.4c-6.4 0-12.8 6.4-12.8 12.8v198.4c0 6.4 6.4 12.8 12.8 12.8zm96 0h22.4c6.4 0 12.8-6.4 12.8-12.8V204.8c0-6.4-6.4-12.8-12.8-12.8h-22.4c-6.4 0-12.8 6.4-12.8 12.8v134.4c0 6.4 6.4 12.8 12.8 12.8zM496 400H48V80c0-8.84-7.16-16-16-16H16C7.16 64 0 71.16 0 80v336c0 17.67 14.33 32 32 32h464c8.84 0 16-7.16 16-16v-16c0-8.84-7.16-16-16-16zm-387.2-48h22.4c6.4 0 12.8-6.4 12.8-12.8v-70.4c0-6.4-6.4-12.8-12.8-12.8h-22.4c-6.4 0-12.8 6.4-12.8 12.8v70.4c0 6.4 6.4 12.8 12.8 12.8z\" class=\"\"><\/path><\/svg><\/i> <img loading=\"lazy\" decoding=\"async\" width=\"16\" height=\"16\" alt=\"Loading\" src=\"https:\/\/temucotelevision.cl\/web\/wp-content\/plugins\/page-views-count\/ajax-loader-2x.gif\" border=0 \/><\/p><div class=\"pvc_clear\"><\/div>\n<p class=\"has-medium-font-size\"><strong>El artista paisa anuncia su gira europea &#8220;Que Bueno Volver a Verte Tour&#8221;<\/strong><\/p>\n\n\n\n<p>Esta canci\u00f3n,&nbsp;es un himno de autoconfianza para las mujeres, que transmite un mensaje de fortaleza y resiliencia.<\/p>\n\n\n\n<p>Para&nbsp;<strong>J Balvin, &#8220;Triple S&#8221;<\/strong>&nbsp;representa un regreso a sus ra\u00edces al colaborar nuevamente con los legendarios&nbsp;<strong>Jowell y Randy<\/strong>, quienes fueron fundamentales en sus inicios en la industria musical. Adem\u00e1s, la oportunidad de trabajar con&nbsp;<strong>De La Ghetto,<\/strong>&nbsp;a quien admira profundamente, ha sido un orgullo y una experiencia gratificante para el artista.<\/p>\n\n\n\n<p>La producci\u00f3n de&nbsp;<strong>&#8220;Triple S&#8221;<\/strong>&nbsp;estuvo a cargo de los talentosos&nbsp;<strong>Tainy y Subelo Neo<\/strong>, quienes crearon un sonido fresco, pero que rescata el ADN del reggaeton cl\u00e1sico,&nbsp; de los primeros sencillos de&nbsp;<strong>Balvin<\/strong>.<\/p>\n\n\n\n<p>Dirigi\u00e9ndose a sus fans y a todas las mujeres que escuchar\u00e1n la canci\u00f3n,&nbsp;<strong>J Balvin<\/strong>&nbsp;quiere transmitir un mensaje de empoderamiento y autoconfianza. Les recuerda que son las jefas y due\u00f1as de su propio destino<\/p>\n\n\n\n<p><em><strong>\u201cTriple S<\/strong>&nbsp;no es una historia de amor, es la historia de ese tipo de mujer que todos hemos perseguido alguna vez\u201d<\/em>&nbsp;reflexiona el artista;&nbsp;<em>\u201cel sonido era perfecto para que Jowelly Randy y De la Ghetto le dieran esa textura con el flow cl\u00e1sico del reggaeton\u201d.<\/em><\/p>\n\n\n\n<p><strong>&#8220;Triple S&#8221;&nbsp;<\/strong>promete ser un \u00e9xito rotundo, no solo por su contagioso ritmo, sino tambi\u00e9n por el poderoso mensaje de empoderamiento que transmite.&nbsp;<\/p>\n\n\n\n<p><strong>Balvin<\/strong>, tambi\u00e9n emocion\u00f3 a sus fans alrededor del mundo con el anuncio de su pr\u00f3xima gira europea&nbsp;<strong>&#8220;Que Bueno Volver a Verte Tour&#8221;<\/strong>. Esta gira, que se llevar\u00e1 a cabo desde el 26 de abril hasta el 5 de junio de 2024.<\/p>\n\n\n\n<p>Durante la gira,&nbsp;<strong>J Balvin<\/strong>&nbsp;llevar\u00e1 su espect\u00e1culo en\u00e9rgico y vibrante a pa\u00edses como Alemania, Francia, Italia, B\u00e9lgica, Espa\u00f1a, Portugal, entre otros. Ser\u00e1 una oportunidad \u00fanica para los fan\u00e1ticos europeos de experimentar la magia y el talento de uno de los artistas m\u00e1s influyentes de la m\u00fasica latina en la actualidad.<\/p>\n\n\n\n<p>La gira\u00a0<strong>&#8220;Que Bueno Volver a Verte Tour&#8221;<\/strong>\u00a0ser\u00e1 una experiencia inolvidable para todos los asistentes, con un repertorio lleno de \u00e9xitos y una producci\u00f3n de primer nivel que capturar\u00e1 la esencia \u00fanica de\u00a0<strong>J Balvin.<\/strong><\/p>\n\n\n\n<figure class=\"wp-block-embed is-type-video is-provider-youtube wp-block-embed-youtube wp-embed-aspect-16-9 wp-has-aspect-ratio\"><div class=\"wp-block-embed__wrapper\">\n<div class=\"epyt-video-wrapper\"><iframe loading=\"lazy\"  id=\"_ytid_93090\"  width=\"800\" height=\"450\"  data-origwidth=\"800\" data-origheight=\"450\" src=\"https:\/\/www.youtube.com\/embed\/mmES8Yb1Txc?enablejsapi=1&#038;autoplay=0&#038;cc_load_policy=0&#038;cc_lang_pref=&#038;iv_load_policy=1&#038;loop=0&#038;rel=1&#038;fs=1&#038;playsinline=0&#038;autohide=2&#038;theme=dark&#038;color=red&#038;controls=1&#038;disablekb=0&#038;\" class=\"__youtube_prefs__  epyt-is-override  no-lazyload\" title=\"YouTube player\"  allow=\"fullscreen; accelerometer; autoplay; clipboard-write; encrypted-media; gyroscope; picture-in-picture; web-share\" referrerpolicy=\"strict-origin-when-cross-origin\" allowfullscreen data-no-lazy=\"1\" data-skipgform_ajax_framebjll=\"\"><\/iframe><\/div>\n<\/div><\/figure>\n\n\n\n<p><\/p>\n\n\n\n<p><\/p>\n\n\n\n<p><\/p>\n\n\n\n<p><\/p>\n\n\n\n<p><\/p>\n\n\n\n<p><\/p>\n","protected":false},"excerpt":{"rendered":"<div class=\"pvc_clear\"><\/div>\n<p id=\"pvc_stats_48298\" class=\"pvc_stats total_only  \" data-element-id=\"48298\" style=\"\"><i class=\"pvc-stats-icon large\" aria-hidden=\"true\"><svg aria-hidden=\"true\" focusable=\"false\" data-prefix=\"far\" data-icon=\"chart-bar\" role=\"img\" xmlns=\"http:\/\/www.w3.org\/2000\/svg\" viewBox=\"0 0 512 512\" class=\"svg-inline--fa fa-chart-bar fa-w-16 fa-2x\"><path fill=\"currentColor\" d=\"M396.8 352h22.4c6.4 0 12.8-6.4 12.8-12.8V108.8c0-6.4-6.4-12.8-12.8-12.8h-22.4c-6.4 0-12.8 6.4-12.8 12.8v230.4c0 6.4 6.4 12.8 12.8 12.8zm-192 0h22.4c6.4 0 12.8-6.4 12.8-12.8V140.8c0-6.4-6.4-12.8-12.8-12.8h-22.4c-6.4 0-12.8 6.4-12.8 12.8v198.4c0 6.4 6.4 12.8 12.8 12.8zm96 0h22.4c6.4 0 12.8-6.4 12.8-12.8V204.8c0-6.4-6.4-12.8-12.8-12.8h-22.4c-6.4 0-12.8 6.4-12.8 12.8v134.4c0 6.4 6.4 12.8 12.8 12.8zM496 400H48V80c0-8.84-7.16-16-16-16H16C7.16 64 0 71.16 0 80v336c0 17.67 14.33 32 32 32h464c8.84 0 16-7.16 16-16v-16c0-8.84-7.16-16-16-16zm-387.2-48h22.4c6.4 0 12.8-6.4 12.8-12.8v-70.4c0-6.4-6.4-12.8-12.8-12.8h-22.4c-6.4 0-12.8 6.4-12.8 12.8v70.4c0 6.4 6.4 12.8 12.8 12.8z\" class=\"\"><\/path><\/svg><\/i> <img loading=\"lazy\" decoding=\"async\" width=\"16\" height=\"16\" alt=\"Loading\" src=\"https:\/\/temucotelevision.cl\/web\/wp-content\/plugins\/page-views-count\/ajax-loader-2x.gif\" border=0 \/><\/p>\n<div class=\"pvc_clear\"><\/div>\n<p>El artista paisa anuncia su gira europea &#8220;Que Bueno Volver a Verte Tour&#8221; Esta canci\u00f3n,&nbsp;es un himno de autoconfianza para<\/p>\n","protected":false},"author":143,"featured_media":48301,"comment_status":"open","ping_status":"open","sticky":false,"template":"","format":"standard","meta":{"colormag_page_container_layout":"default_layout","colormag_page_sidebar_layout":"default_layout","footnotes":""},"categories":[369],"tags":[],"class_list":["post-48298","post","type-post","status-publish","format-standard","has-post-thumbnail","hentry","category-musica"],"a3_pvc":{"activated":true,"total_views":66,"today_views":0},"_links":{"self":[{"href":"https:\/\/temucotelevision.cl\/web\/wp-json\/wp\/v2\/posts\/48298","targetHints":{"allow":["GET"]}}],"collection":[{"href":"https:\/\/temucotelevision.cl\/web\/wp-json\/wp\/v2\/posts"}],"about":[{"href":"https:\/\/temucotelevision.cl\/web\/wp-json\/wp\/v2\/types\/post"}],"author":[{"embeddable":true,"href":"https:\/\/temucotelevision.cl\/web\/wp-json\/wp\/v2\/users\/143"}],"replies":[{"embeddable":true,"href":"https:\/\/temucotelevision.cl\/web\/wp-json\/wp\/v2\/comments?post=48298"}],"version-history":[{"count":1,"href":"https:\/\/temucotelevision.cl\/web\/wp-json\/wp\/v2\/posts\/48298\/revisions"}],"predecessor-version":[{"id":48300,"href":"https:\/\/temucotelevision.cl\/web\/wp-json\/wp\/v2\/posts\/48298\/revisions\/48300"}],"wp:featuredmedia":[{"embeddable":true,"href":"https:\/\/temucotelevision.cl\/web\/wp-json\/wp\/v2\/media\/48301"}],"wp:attachment":[{"href":"https:\/\/temucotelevision.cl\/web\/wp-json\/wp\/v2\/media?parent=48298"}],"wp:term":[{"taxonomy":"category","embeddable":true,"href":"https:\/\/temucotelevision.cl\/web\/wp-json\/wp\/v2\/categories?post=48298"},{"taxonomy":"post_tag","embeddable":true,"href":"https:\/\/temucotelevision.cl\/web\/wp-json\/wp\/v2\/tags?post=48298"}],"curies":[{"name":"wp","href":"https:\/\/api.w.org\/{rel}","templated":true}]}}