{"id":48294,"date":"2024-02-29T18:02:39","date_gmt":"2024-02-29T21:02:39","guid":{"rendered":"https:\/\/temucotelevision.cl\/web\/?p=48294"},"modified":"2024-02-29T18:02:40","modified_gmt":"2024-02-29T21:02:40","slug":"este-lunes-04-de-marzo-inician-operaciones-las-nuevas-camaras-de-fiscalizacion-en-temuco","status":"publish","type":"post","link":"https:\/\/temucotelevision.cl\/web\/2024\/02\/29\/este-lunes-04-de-marzo-inician-operaciones-las-nuevas-camaras-de-fiscalizacion-en-temuco\/","title":{"rendered":"Este lunes 04 de marzo inician operaciones las nuevas c\u00e1maras de fiscalizaci\u00f3n en Temuco"},"content":{"rendered":"<div class=\"pvc_clear\"><\/div><p id=\"pvc_stats_48294\" class=\"pvc_stats total_only  \" data-element-id=\"48294\" style=\"\"><i class=\"pvc-stats-icon large\" aria-hidden=\"true\"><svg aria-hidden=\"true\" focusable=\"false\" data-prefix=\"far\" data-icon=\"chart-bar\" role=\"img\" xmlns=\"http:\/\/www.w3.org\/2000\/svg\" viewBox=\"0 0 512 512\" class=\"svg-inline--fa fa-chart-bar fa-w-16 fa-2x\"><path fill=\"currentColor\" d=\"M396.8 352h22.4c6.4 0 12.8-6.4 12.8-12.8V108.8c0-6.4-6.4-12.8-12.8-12.8h-22.4c-6.4 0-12.8 6.4-12.8 12.8v230.4c0 6.4 6.4 12.8 12.8 12.8zm-192 0h22.4c6.4 0 12.8-6.4 12.8-12.8V140.8c0-6.4-6.4-12.8-12.8-12.8h-22.4c-6.4 0-12.8 6.4-12.8 12.8v198.4c0 6.4 6.4 12.8 12.8 12.8zm96 0h22.4c6.4 0 12.8-6.4 12.8-12.8V204.8c0-6.4-6.4-12.8-12.8-12.8h-22.4c-6.4 0-12.8 6.4-12.8 12.8v134.4c0 6.4 6.4 12.8 12.8 12.8zM496 400H48V80c0-8.84-7.16-16-16-16H16C7.16 64 0 71.16 0 80v336c0 17.67 14.33 32 32 32h464c8.84 0 16-7.16 16-16v-16c0-8.84-7.16-16-16-16zm-387.2-48h22.4c6.4 0 12.8-6.4 12.8-12.8v-70.4c0-6.4-6.4-12.8-12.8-12.8h-22.4c-6.4 0-12.8 6.4-12.8 12.8v70.4c0 6.4 6.4 12.8 12.8 12.8z\" class=\"\"><\/path><\/svg><\/i> <img loading=\"lazy\" decoding=\"async\" width=\"16\" height=\"16\" alt=\"Loading\" src=\"https:\/\/temucotelevision.cl\/web\/wp-content\/plugins\/page-views-count\/ajax-loader-2x.gif\" border=0 \/><\/p><div class=\"pvc_clear\"><\/div>\n<p>\u00b7&nbsp;&nbsp;&nbsp;&nbsp;&nbsp;&nbsp;&nbsp;&nbsp;&nbsp;<em>A partir de ahora, conductores que circulen por las calles Portales y Rodr\u00edguez en el centro de Temuco estar\u00e1n sujetos a multas con la puesta en marcha de las nuevas c\u00e1maras de fiscalizaci\u00f3n instaladas en estas v\u00edas exclusivas del transporte p\u00fablico mayor.<\/em><em><\/em><\/p>\n\n\n\n<p>\u00a0Este lunes 04 de marzo termina la marcha blanca e inician operaciones las nuevas c\u00e1maras de fiscalizaci\u00f3n instaladas en las concurridas calles Manuel Rodr\u00edguez y Diego Portales, ubicadas en el coraz\u00f3n del centro de Temuco. A partir de este momento, comenzar\u00e1n a ser efectivas las multas que podr\u00edan llegar hasta una UTM para los conductores que no respeten las v\u00edas exclusivas de transporte p\u00fablico en el sector.<\/p>\n\n\n\n<p>Durante la fase de prueba o &#8220;marcha blanca&#8221; de la implementaci\u00f3n de las C\u00e1maras de Fiscalizaci\u00f3n en Temuco, que comenz\u00f3 el 8 de enero pasado, se han registrado un total de 17.530 infracciones de cortes\u00eda. Esta fase de prueba, que se extendi\u00f3 por 45 d\u00edas, ha sido vital para la adaptaci\u00f3n y ajuste del sistema.<\/p>\n\n\n\n<p>La seremi de Transportes y Telecomunicaciones, Mary Valdebenito, destac\u00f3 hoy el progreso positivo experimentado durante la marcha blanca de las nuevas c\u00e1maras de fiscalizaci\u00f3n en las avenidas Manuel Rodr\u00edguez y Diego Portales. Desde el inicio de este per\u00edodo, se ha emitido un promedio de 515 partes de cortes\u00eda diarios como parte del proceso de adaptaci\u00f3n a la nueva normativa.<\/p>\n\n\n\n<p>Valdebenito hizo un llamado a los conductores particulares para que eviten transitar por estas v\u00edas, con el objetivo de evitar infracciones.&nbsp;&#8220;Hacemos un llamado a los conductores de veh\u00edculos particulares a evitar circular por estas v\u00edas, a menos que sea absolutamente necesario. Para facilitar esto, se ha habilitado un desplazamiento de dos cuadras para salir del sector y evitar sanciones. Nuestro objetivo es prevenir infracciones y garantizar que este proceso beneficie a toda la comunidad. La cooperaci\u00f3n de cada individuo es esencial para el \u00e9xito de esta iniciativa&#8221;, subray\u00f3.<\/p>\n\n\n\n<p>La seremi resalt\u00f3 que esta iniciativa contribuir\u00e1 significativamente a mejorar la movilidad urbana y a sancionar conductas indebidas en las v\u00edas exclusivas, teniendo un impacto positivo en la calidad de vida de la poblaci\u00f3n temuquense.&nbsp;Asimismo, destac\u00f3 el trabajo de colaboraci\u00f3n en conjunto con el municipio de Temuco, quienes instalaron letreros viales que refuerzan en toda la v\u00eda y sectores aleda\u00f1os la informaci\u00f3n de horarios de restricci\u00f3n de ambas calles. \u201cEsta acci\u00f3n conjunta es crucial para garantizar que los conductores est\u00e9n debidamente informados y puedan cumplir con las normativas establecidas\u201d, destac\u00f3 la autoridad.<\/p>\n\n\n\n<p>Adem\u00e1s, record\u00f3 a la comunidad que el per\u00edodo marcha blanca termina este lunes 04 de marzo, tras lo cual las multas podr\u00edan llegar hasta una UTM para los conductores que no respeten las v\u00edas exclusivas de transporte p\u00fablico en el sector.<\/p>\n\n\n\n<p>La seremi tambi\u00e9n enfatiz\u00f3 la importancia de la colaboraci\u00f3n de la comunidad en este proceso para garantizar un tr\u00e1nsito m\u00e1s eficiente y seguro. &#8220;Estamos trabajando arduamente para garantizar un tr\u00e1nsito m\u00e1s eficiente y mejorar la calidad del transporte p\u00fablico en Temuco. Agradezco a la comunidad por su comprensi\u00f3n y colaboraci\u00f3n en este proceso&#8221;, asegur\u00f3.<\/p>\n\n\n\n<p>Es importante destacar que los horarios de restricci\u00f3n para la circulaci\u00f3n de veh\u00edculos particulares por estas v\u00edas son de lunes a viernes, desde las 07:00 hasta las 20:00 horas, excluyendo los d\u00edas festivos.<\/p>\n\n\n\n<p>Esta iniciativa, parte de un proyecto enmarcado en el convenio de transferencia entre el Ministerio de Transportes y Telecomunicaciones y el Ministerio de Vivienda, con una inversi\u00f3n que supera los 70 millones de pesos, busca modernizar los controles de tr\u00e1fico y mejorar la velocidad del transporte p\u00fablico, beneficiando a los m\u00e1s de 300 mil habitantes de Temuco.<\/p>\n\n\n\n<figure class=\"wp-block-image size-large\"><img loading=\"lazy\" decoding=\"async\" width=\"1024\" height=\"576\" src=\"https:\/\/temucotelevision.cl\/web\/wp-content\/uploads\/2024\/02\/Fiscalizacion3-1024x576.jpg\" alt=\"\" class=\"wp-image-48296\" srcset=\"https:\/\/temucotelevision.cl\/web\/wp-content\/uploads\/2024\/02\/Fiscalizacion3-1024x576.jpg 1024w, https:\/\/temucotelevision.cl\/web\/wp-content\/uploads\/2024\/02\/Fiscalizacion3-768x432.jpg 768w, https:\/\/temucotelevision.cl\/web\/wp-content\/uploads\/2024\/02\/Fiscalizacion3-1536x864.jpg 1536w, https:\/\/temucotelevision.cl\/web\/wp-content\/uploads\/2024\/02\/Fiscalizacion3.jpg 2016w\" sizes=\"auto, (max-width: 1024px) 100vw, 1024px\" \/><\/figure>\n","protected":false},"excerpt":{"rendered":"<div class=\"pvc_clear\"><\/div>\n<p id=\"pvc_stats_48294\" class=\"pvc_stats total_only  \" data-element-id=\"48294\" style=\"\"><i class=\"pvc-stats-icon large\" aria-hidden=\"true\"><svg aria-hidden=\"true\" focusable=\"false\" data-prefix=\"far\" data-icon=\"chart-bar\" role=\"img\" xmlns=\"http:\/\/www.w3.org\/2000\/svg\" viewBox=\"0 0 512 512\" class=\"svg-inline--fa fa-chart-bar fa-w-16 fa-2x\"><path fill=\"currentColor\" d=\"M396.8 352h22.4c6.4 0 12.8-6.4 12.8-12.8V108.8c0-6.4-6.4-12.8-12.8-12.8h-22.4c-6.4 0-12.8 6.4-12.8 12.8v230.4c0 6.4 6.4 12.8 12.8 12.8zm-192 0h22.4c6.4 0 12.8-6.4 12.8-12.8V140.8c0-6.4-6.4-12.8-12.8-12.8h-22.4c-6.4 0-12.8 6.4-12.8 12.8v198.4c0 6.4 6.4 12.8 12.8 12.8zm96 0h22.4c6.4 0 12.8-6.4 12.8-12.8V204.8c0-6.4-6.4-12.8-12.8-12.8h-22.4c-6.4 0-12.8 6.4-12.8 12.8v134.4c0 6.4 6.4 12.8 12.8 12.8zM496 400H48V80c0-8.84-7.16-16-16-16H16C7.16 64 0 71.16 0 80v336c0 17.67 14.33 32 32 32h464c8.84 0 16-7.16 16-16v-16c0-8.84-7.16-16-16-16zm-387.2-48h22.4c6.4 0 12.8-6.4 12.8-12.8v-70.4c0-6.4-6.4-12.8-12.8-12.8h-22.4c-6.4 0-12.8 6.4-12.8 12.8v70.4c0 6.4 6.4 12.8 12.8 12.8z\" class=\"\"><\/path><\/svg><\/i> <img loading=\"lazy\" decoding=\"async\" width=\"16\" height=\"16\" alt=\"Loading\" src=\"https:\/\/temucotelevision.cl\/web\/wp-content\/plugins\/page-views-count\/ajax-loader-2x.gif\" border=0 \/><\/p>\n<div class=\"pvc_clear\"><\/div>\n<p>\u00b7&nbsp;&nbsp;&nbsp;&nbsp;&nbsp;&nbsp;&nbsp;&nbsp;&nbsp;A partir de ahora, conductores que circulen por las calles Portales y Rodr\u00edguez en el centro de Temuco estar\u00e1n sujetos<\/p>\n","protected":false},"author":1,"featured_media":48295,"comment_status":"open","ping_status":"open","sticky":false,"template":"","format":"standard","meta":{"colormag_page_container_layout":"default_layout","colormag_page_sidebar_layout":"default_layout","footnotes":""},"categories":[15],"tags":[263,1745,4080],"class_list":["post-48294","post","type-post","status-publish","format-standard","has-post-thumbnail","hentry","category-la-araucania","tag-camaras","tag-fiscalizacion","tag-operaciones"],"a3_pvc":{"activated":true,"total_views":2816,"today_views":0},"_links":{"self":[{"href":"https:\/\/temucotelevision.cl\/web\/wp-json\/wp\/v2\/posts\/48294","targetHints":{"allow":["GET"]}}],"collection":[{"href":"https:\/\/temucotelevision.cl\/web\/wp-json\/wp\/v2\/posts"}],"about":[{"href":"https:\/\/temucotelevision.cl\/web\/wp-json\/wp\/v2\/types\/post"}],"author":[{"embeddable":true,"href":"https:\/\/temucotelevision.cl\/web\/wp-json\/wp\/v2\/users\/1"}],"replies":[{"embeddable":true,"href":"https:\/\/temucotelevision.cl\/web\/wp-json\/wp\/v2\/comments?post=48294"}],"version-history":[{"count":1,"href":"https:\/\/temucotelevision.cl\/web\/wp-json\/wp\/v2\/posts\/48294\/revisions"}],"predecessor-version":[{"id":48297,"href":"https:\/\/temucotelevision.cl\/web\/wp-json\/wp\/v2\/posts\/48294\/revisions\/48297"}],"wp:featuredmedia":[{"embeddable":true,"href":"https:\/\/temucotelevision.cl\/web\/wp-json\/wp\/v2\/media\/48295"}],"wp:attachment":[{"href":"https:\/\/temucotelevision.cl\/web\/wp-json\/wp\/v2\/media?parent=48294"}],"wp:term":[{"taxonomy":"category","embeddable":true,"href":"https:\/\/temucotelevision.cl\/web\/wp-json\/wp\/v2\/categories?post=48294"},{"taxonomy":"post_tag","embeddable":true,"href":"https:\/\/temucotelevision.cl\/web\/wp-json\/wp\/v2\/tags?post=48294"}],"curies":[{"name":"wp","href":"https:\/\/api.w.org\/{rel}","templated":true}]}}