{"id":48290,"date":"2024-02-28T22:40:14","date_gmt":"2024-02-29T01:40:14","guid":{"rendered":"https:\/\/temucotelevision.cl\/web\/?p=48290"},"modified":"2024-02-28T22:40:15","modified_gmt":"2024-02-29T01:40:15","slug":"en-162-operativos-a-nivel-nacional-spd-cerro-el-plan-verano-preventivo-con-mas-de-10-500-controles-vehiculares-y-un-total-de-289-detenidos","status":"publish","type":"post","link":"https:\/\/temucotelevision.cl\/web\/2024\/02\/28\/en-162-operativos-a-nivel-nacional-spd-cerro-el-plan-verano-preventivo-con-mas-de-10-500-controles-vehiculares-y-un-total-de-289-detenidos\/","title":{"rendered":"En 162 operativos a nivel nacional: SPD cerr\u00f3 el Plan Verano Preventivo con m\u00e1s de 10.500 controles vehiculares y un total de 289 detenidos"},"content":{"rendered":"<div class=\"pvc_clear\"><\/div><p id=\"pvc_stats_48290\" class=\"pvc_stats total_only  \" data-element-id=\"48290\" style=\"\"><i class=\"pvc-stats-icon large\" aria-hidden=\"true\"><svg aria-hidden=\"true\" focusable=\"false\" data-prefix=\"far\" data-icon=\"chart-bar\" role=\"img\" xmlns=\"http:\/\/www.w3.org\/2000\/svg\" viewBox=\"0 0 512 512\" class=\"svg-inline--fa fa-chart-bar fa-w-16 fa-2x\"><path fill=\"currentColor\" d=\"M396.8 352h22.4c6.4 0 12.8-6.4 12.8-12.8V108.8c0-6.4-6.4-12.8-12.8-12.8h-22.4c-6.4 0-12.8 6.4-12.8 12.8v230.4c0 6.4 6.4 12.8 12.8 12.8zm-192 0h22.4c6.4 0 12.8-6.4 12.8-12.8V140.8c0-6.4-6.4-12.8-12.8-12.8h-22.4c-6.4 0-12.8 6.4-12.8 12.8v198.4c0 6.4 6.4 12.8 12.8 12.8zm96 0h22.4c6.4 0 12.8-6.4 12.8-12.8V204.8c0-6.4-6.4-12.8-12.8-12.8h-22.4c-6.4 0-12.8 6.4-12.8 12.8v134.4c0 6.4 6.4 12.8 12.8 12.8zM496 400H48V80c0-8.84-7.16-16-16-16H16C7.16 64 0 71.16 0 80v336c0 17.67 14.33 32 32 32h464c8.84 0 16-7.16 16-16v-16c0-8.84-7.16-16-16-16zm-387.2-48h22.4c6.4 0 12.8-6.4 12.8-12.8v-70.4c0-6.4-6.4-12.8-12.8-12.8h-22.4c-6.4 0-12.8 6.4-12.8 12.8v70.4c0 6.4 6.4 12.8 12.8 12.8z\" class=\"\"><\/path><\/svg><\/i> <img loading=\"lazy\" decoding=\"async\" width=\"16\" height=\"16\" alt=\"Loading\" src=\"https:\/\/temucotelevision.cl\/web\/wp-content\/plugins\/page-views-count\/ajax-loader-2x.gif\" border=0 \/><\/p><div class=\"pvc_clear\"><\/div>\n<ul class=\"wp-block-list\">\n<li>El Subsecretario de Prevenci\u00f3n del Delito, Eduardo Vergara, relev\u00f3 el fortalecimiento de las pesquisas a nivel nacional, las que permitieron el retiro de circulaci\u00f3n de 487 veh\u00edculos y el curso de 2.727 multas por distintas infracciones a la ley de tr\u00e1nsito.<\/li>\n<\/ul>\n\n\n\n<p>Tras el compromiso de aumentar las fiscalizaciones preventivas a nivel pa\u00eds en un 25% respecto al a\u00f1o anterior, la Subsecretar\u00eda de Prevenci\u00f3n del Delito entreg\u00f3 el balance de los operativos realizados a nivel nacional en el marco del Plan Verano Preventivo, que apunt\u00f3 a maximizar los recursos del Estado para entregar mayor seguridad a la comunidad y prevenir la ocurrencia de delitos en las 16 regiones del pa\u00eds.<\/p>\n\n\n\n<p>Con el apoyo de Carabineros, inspectores del Ministerio de Transporte, SAG, Aduanas, municipios y las respectivas delegaciones presidenciales regionales, se realizaron&nbsp;<strong>un total de 162 operativos de fiscalizaci\u00f3n preventivo en todo el territorio nacional&nbsp;<\/strong>entre el 1 enero y el 17 de febrero de 2024<strong>,&nbsp;<\/strong>en los cuales se ejecutaron&nbsp;<strong>10.500 controles vehiculares y 5.614 controles de identidad<\/strong>, a fin de verificar eventuales \u00f3rdenes de detenci\u00f3n pendientes con la justicia. En esa l\u00ednea, se cursaron&nbsp;<strong>2.727 infracciones<\/strong>&nbsp;por diferentes faltas a la ley de tr\u00e1nsito,&nbsp;<strong>se incautaron 487 veh\u00edculos y se detuvo a 289 personas<\/strong>, de las cuales 99 de ellas, ten\u00edan causas vigentes de detenci\u00f3n.<\/p>\n\n\n\n<p>\u201cLa seguridad para el Gobierno del Presidente Boric en una de nuestras prioridades, por lo que estamos desplegando acciones para ampliar las capacidades del Estado y tener un mayor control territorial junto a una serie de instituciones en todo el pa\u00eds. Los resultados que hoy conocemos nos alientan a perseverar por este camino, porque cuando se maximizan los esfuerzos, el crimen y la inseguridad retroceden\u201d, dijo el Subsecretario de Prevenci\u00f3n del Delito, Eduardo Vergara.<\/p>\n\n\n\n<p>La autoridad agreg\u00f3 que esperan dar continuidad a los operativos a nivel nacional y relev\u00f3 la efectividad de los controles tras la detenci\u00f3n de casi un centenar de personas con causas vigentes. \u201cNos hemos comprometido a aumentar los controles en el marco del Plan Nacional de Fiscalizaciones Preventivas en un 25%, con tal de dar una se\u00f1al de que nadie est\u00e1 por sobre la ley, que a quienes tienen causas pendientes con la justicia los vamos a encontrar y a quienes eligen el camino del delito, el Estado ser\u00e1 implacable para que no exista impunidad\u201d, cerr\u00f3 Vergara.<\/p>\n\n\n\n<p>En cuanto al trabajo desarrollado en La Araucan\u00eda, el Coordinador Regional de Seguridad P\u00fablica, Francisco Vega Duarte, sostuvo que \u201cel trabajo contempl\u00f3 una coordinaci\u00f3n permanente con las prefecturas de Malleco,&nbsp; Caut\u00edn y Villarrica, as\u00ed como con la autoridad mar\u00edtima. Destacar el compromiso de los servicios p\u00fablicos en los procedimientos realizados, as\u00ed como la buena percepci\u00f3n de las comunidades locales frente a tener al Estado Presente en sus comunas\u201d.<\/p>\n\n\n\n<p>Los controles vehiculares se han coordinado en el marco de la planificaci\u00f3n realizada en los planes regionales de seguridad p\u00fablica, y se han realizado en puntos estrat\u00e9gicos definidos por Carabineros y la autoridad competente, dirigidos tanto a autos particulares, veh\u00edculos de carga y al transporte p\u00fablico. Con esto, se apunta a pesquisar la eventual comisi\u00f3n de faltas a la ley de tr\u00e1nsito, as\u00ed como tambi\u00e9n la participaci\u00f3n de conductores y\/o pasajeros en delitos como el tr\u00e1fico de drogas, el contrabando, la pirater\u00eda y la clonaci\u00f3n de autos.<\/p>\n\n\n\n<figure class=\"wp-block-image size-large\"><img loading=\"lazy\" decoding=\"async\" width=\"1024\" height=\"682\" src=\"https:\/\/temucotelevision.cl\/web\/wp-content\/uploads\/2024\/02\/Fiscalizacion-spd-verano-1-6-1024x682.jpeg\" alt=\"\" class=\"wp-image-48292\" srcset=\"https:\/\/temucotelevision.cl\/web\/wp-content\/uploads\/2024\/02\/Fiscalizacion-spd-verano-1-6-1024x682.jpeg 1024w, https:\/\/temucotelevision.cl\/web\/wp-content\/uploads\/2024\/02\/Fiscalizacion-spd-verano-1-6-768x512.jpeg 768w, https:\/\/temucotelevision.cl\/web\/wp-content\/uploads\/2024\/02\/Fiscalizacion-spd-verano-1-6-1536x1023.jpeg 1536w, https:\/\/temucotelevision.cl\/web\/wp-content\/uploads\/2024\/02\/Fiscalizacion-spd-verano-1-6.jpeg 1600w\" sizes=\"auto, (max-width: 1024px) 100vw, 1024px\" \/><\/figure>\n","protected":false},"excerpt":{"rendered":"<div class=\"pvc_clear\"><\/div>\n<p id=\"pvc_stats_48290\" class=\"pvc_stats total_only  \" data-element-id=\"48290\" style=\"\"><i class=\"pvc-stats-icon large\" aria-hidden=\"true\"><svg aria-hidden=\"true\" focusable=\"false\" data-prefix=\"far\" data-icon=\"chart-bar\" role=\"img\" xmlns=\"http:\/\/www.w3.org\/2000\/svg\" viewBox=\"0 0 512 512\" class=\"svg-inline--fa fa-chart-bar fa-w-16 fa-2x\"><path fill=\"currentColor\" d=\"M396.8 352h22.4c6.4 0 12.8-6.4 12.8-12.8V108.8c0-6.4-6.4-12.8-12.8-12.8h-22.4c-6.4 0-12.8 6.4-12.8 12.8v230.4c0 6.4 6.4 12.8 12.8 12.8zm-192 0h22.4c6.4 0 12.8-6.4 12.8-12.8V140.8c0-6.4-6.4-12.8-12.8-12.8h-22.4c-6.4 0-12.8 6.4-12.8 12.8v198.4c0 6.4 6.4 12.8 12.8 12.8zm96 0h22.4c6.4 0 12.8-6.4 12.8-12.8V204.8c0-6.4-6.4-12.8-12.8-12.8h-22.4c-6.4 0-12.8 6.4-12.8 12.8v134.4c0 6.4 6.4 12.8 12.8 12.8zM496 400H48V80c0-8.84-7.16-16-16-16H16C7.16 64 0 71.16 0 80v336c0 17.67 14.33 32 32 32h464c8.84 0 16-7.16 16-16v-16c0-8.84-7.16-16-16-16zm-387.2-48h22.4c6.4 0 12.8-6.4 12.8-12.8v-70.4c0-6.4-6.4-12.8-12.8-12.8h-22.4c-6.4 0-12.8 6.4-12.8 12.8v70.4c0 6.4 6.4 12.8 12.8 12.8z\" class=\"\"><\/path><\/svg><\/i> <img loading=\"lazy\" decoding=\"async\" width=\"16\" height=\"16\" alt=\"Loading\" src=\"https:\/\/temucotelevision.cl\/web\/wp-content\/plugins\/page-views-count\/ajax-loader-2x.gif\" border=0 \/><\/p>\n<div class=\"pvc_clear\"><\/div>\n<p>Tras el compromiso de aumentar las fiscalizaciones preventivas a nivel pa\u00eds en un 25% respecto al a\u00f1o anterior, la Subsecretar\u00eda<\/p>\n","protected":false},"author":1,"featured_media":48291,"comment_status":"open","ping_status":"open","sticky":false,"template":"","format":"standard","meta":{"colormag_page_container_layout":"default_layout","colormag_page_sidebar_layout":"default_layout","footnotes":""},"categories":[15,18],"tags":[846,205,93],"class_list":["post-48290","post","type-post","status-publish","format-standard","has-post-thumbnail","hentry","category-la-araucania","category-nacional","tag-operativos","tag-plan","tag-verano"],"a3_pvc":{"activated":true,"total_views":1880,"today_views":0},"_links":{"self":[{"href":"https:\/\/temucotelevision.cl\/web\/wp-json\/wp\/v2\/posts\/48290","targetHints":{"allow":["GET"]}}],"collection":[{"href":"https:\/\/temucotelevision.cl\/web\/wp-json\/wp\/v2\/posts"}],"about":[{"href":"https:\/\/temucotelevision.cl\/web\/wp-json\/wp\/v2\/types\/post"}],"author":[{"embeddable":true,"href":"https:\/\/temucotelevision.cl\/web\/wp-json\/wp\/v2\/users\/1"}],"replies":[{"embeddable":true,"href":"https:\/\/temucotelevision.cl\/web\/wp-json\/wp\/v2\/comments?post=48290"}],"version-history":[{"count":1,"href":"https:\/\/temucotelevision.cl\/web\/wp-json\/wp\/v2\/posts\/48290\/revisions"}],"predecessor-version":[{"id":48293,"href":"https:\/\/temucotelevision.cl\/web\/wp-json\/wp\/v2\/posts\/48290\/revisions\/48293"}],"wp:featuredmedia":[{"embeddable":true,"href":"https:\/\/temucotelevision.cl\/web\/wp-json\/wp\/v2\/media\/48291"}],"wp:attachment":[{"href":"https:\/\/temucotelevision.cl\/web\/wp-json\/wp\/v2\/media?parent=48290"}],"wp:term":[{"taxonomy":"category","embeddable":true,"href":"https:\/\/temucotelevision.cl\/web\/wp-json\/wp\/v2\/categories?post=48290"},{"taxonomy":"post_tag","embeddable":true,"href":"https:\/\/temucotelevision.cl\/web\/wp-json\/wp\/v2\/tags?post=48290"}],"curies":[{"name":"wp","href":"https:\/\/api.w.org\/{rel}","templated":true}]}}