{"id":48286,"date":"2024-02-28T22:35:13","date_gmt":"2024-02-29T01:35:13","guid":{"rendered":"https:\/\/temucotelevision.cl\/web\/?p=48286"},"modified":"2024-02-28T22:35:14","modified_gmt":"2024-02-29T01:35:14","slug":"cuenta-regresiva-para-la-international-cup-xco-cmpc-angol-2024-en-parque-junquillar-este-fin-de-semana","status":"publish","type":"post","link":"https:\/\/temucotelevision.cl\/web\/2024\/02\/28\/cuenta-regresiva-para-la-international-cup-xco-cmpc-angol-2024-en-parque-junquillar-este-fin-de-semana\/","title":{"rendered":"Cuenta regresiva para la \u201cInternational Cup XCO CMPC Angol 2024\u201d en Parque Junquillar este fin de semana"},"content":{"rendered":"<div class=\"pvc_clear\"><\/div><p id=\"pvc_stats_48286\" class=\"pvc_stats total_only  \" data-element-id=\"48286\" style=\"\"><i class=\"pvc-stats-icon large\" aria-hidden=\"true\"><svg aria-hidden=\"true\" focusable=\"false\" data-prefix=\"far\" data-icon=\"chart-bar\" role=\"img\" xmlns=\"http:\/\/www.w3.org\/2000\/svg\" viewBox=\"0 0 512 512\" class=\"svg-inline--fa fa-chart-bar fa-w-16 fa-2x\"><path fill=\"currentColor\" d=\"M396.8 352h22.4c6.4 0 12.8-6.4 12.8-12.8V108.8c0-6.4-6.4-12.8-12.8-12.8h-22.4c-6.4 0-12.8 6.4-12.8 12.8v230.4c0 6.4 6.4 12.8 12.8 12.8zm-192 0h22.4c6.4 0 12.8-6.4 12.8-12.8V140.8c0-6.4-6.4-12.8-12.8-12.8h-22.4c-6.4 0-12.8 6.4-12.8 12.8v198.4c0 6.4 6.4 12.8 12.8 12.8zm96 0h22.4c6.4 0 12.8-6.4 12.8-12.8V204.8c0-6.4-6.4-12.8-12.8-12.8h-22.4c-6.4 0-12.8 6.4-12.8 12.8v134.4c0 6.4 6.4 12.8 12.8 12.8zM496 400H48V80c0-8.84-7.16-16-16-16H16C7.16 64 0 71.16 0 80v336c0 17.67 14.33 32 32 32h464c8.84 0 16-7.16 16-16v-16c0-8.84-7.16-16-16-16zm-387.2-48h22.4c6.4 0 12.8-6.4 12.8-12.8v-70.4c0-6.4-6.4-12.8-12.8-12.8h-22.4c-6.4 0-12.8 6.4-12.8 12.8v70.4c0 6.4 6.4 12.8 12.8 12.8z\" class=\"\"><\/path><\/svg><\/i> <img loading=\"lazy\" decoding=\"async\" width=\"16\" height=\"16\" alt=\"Loading\" src=\"https:\/\/temucotelevision.cl\/web\/wp-content\/plugins\/page-views-count\/ajax-loader-2x.gif\" border=0 \/><\/p><div class=\"pvc_clear\"><\/div>\n<ul class=\"wp-block-list\">\n<li><em>Con el patrocinio de CMPC y la Municipalidad de Angol, este mi\u00e9rcoles se lanz\u00f3 la versi\u00f3n clase 1 de la carrera, que, desde este viernes hasta el domingo, espera reunir a m\u00e1s de 300 deportistas de todas las edades en torno a una competencia que tambi\u00e9n ser\u00e1 selectiva para los juegos Panamericanos de Utah, EE.UU.<\/em><\/li>\n<\/ul>\n\n\n\n<p>\u201cInternational Cup XCO CMPC Angol 2024, clase 1\u201d es el nombre de la competencia nacional e internacional que se desarrollar\u00e1 este fin de semana en el Parque CMPC Junquillar, ubicado en la comuna de Angol, instancia donde m\u00e1s de 300 deportistas se reunir\u00e1n en una carrera que forma parte del calendario de la Uni\u00f3n de Ciclismo Internacional y de la Federaci\u00f3n Ciclista de Chile.<\/p>\n\n\n\n<p>Con la colaboraci\u00f3n de CMPC, Angol se prepara para recibir a grandes exponentes del ciclismo de monta\u00f1a en la especialidad de Cross Country durante el 1, 2 y 3 de marzo. Los corredores profesionales de Chile tendr\u00e1n la oportunidad para que, quienes integren la Federaci\u00f3n, acumulen puntaje para clasificar a los juegos Panamericanos de Utah, EE.UU, adem\u00e1s de los World Cup, la liga mayor de la disciplina, que tendr\u00e1 fechas en Europa, Brasil y EE.UU.<\/p>\n\n\n\n<p>En ese sentido, Jos\u00e9 Luis Partarrieu, vicepresidente del Club Mountain Bike Angol y miembro del directorio de la Federaci\u00f3n Nacional de Ciclismo de Chile, destac\u00f3 el aporte y coordinaci\u00f3n p\u00fablico-privado para concretar este tipo de eventos masivos en la capital de la Provincia de Malleco: \u201cAgrademos a la Municipalidad de Angol y a CMPC, porque sin ellos, este evento no ser\u00eda posible. El sentido m\u00e1s importante de esta carrera organizada en conjunto con la municipalidad y a CMPC, es el impacto positivo que tiene para la comuna de Angol y sus habitantes en \u00e1mbitos tur\u00edsticos, econ\u00f3micos y de reconocimiento territorial\u201d.<\/p>\n\n\n\n<p>Por su parte, el alcalde de Angol, Enrique Neira, valor\u00f3 el aporte de la empresa privada en la materializaci\u00f3n de este tipo de celebraciones, destacando que \u201cesta alianza estrat\u00e9gica entre el municipio y CMPC nos permite coordinar con nuestra gente y potenciar la econom\u00eda local a trav\u00e9s de los puestos de emprendimiento, turismo y capacidad hotelera\u201d.<\/p>\n\n\n\n<p>Cabe mencionar que el circuito de 3,6 kil\u00f3metros de extensi\u00f3n est\u00e1 dentro del Parque Junquillar del proyecto Bosque Vivo de CMPC. En espec\u00edfico, el circuito est\u00e1 emplazado en el sector del bikepark, que es el m\u00e1s grande del sur de Chile, y que se encuentra a solo 10 minutos de la plaza de armas de Angol, en direcci\u00f3n al Parque Nacional Nahuelbuta.<\/p>\n\n\n\n<p>\u201cEl Parque Junquillar fue creado dentro del programa Bosque Vivo, con el objetivo de potenciar a las comunas y otorgarle una identidad deportiva. Desde CMPC invitamos a todas y todos los habitantes de Angol y de la regi\u00f3n en general a que conozcan este entorno, sobre todo en un ambiente sano y familiar como el deportivo. Nos interesa que la comunidad pueda disfrutar de un evento internacional, participando en distintas formas para potenciar el territorio\u201d, concluy\u00f3 Roberto Mart\u00ednez, jefe de relacionamiento territorial de CMPC.<\/p>\n\n\n\n<p><strong>Programa International Cup XCO CMPC Angol 2024<\/strong><\/p>\n\n\n\n<p>El evento es de car\u00e1cter gratuito para todo espectador, y comienza el viernes 1 de marzo a 10:00 horas, con la entrega de placas y kits para las y los competidores de las distintas categor\u00edas; y finaliza el domingo 3 de marzo, con la premiaci\u00f3n general, programada para las 15:30 horas.<\/p>\n\n\n\n<p>El cronograma de competencias y la distribuci\u00f3n de la programaci\u00f3n oficial se puede revisar en el siguiente sitio: <a href=\"https:\/\/guca.cl\/att_tickets\/public\/e\/455\/international-cup-xco-cmpc-angol-2024-clase-1\">https:\/\/guca.cl\/att_tickets\/public\/e\/455\/international-cup-xco-cmpc-angol-2024-clase-1<\/a><\/p>\n\n\n\n<p><br><br><\/p>\n\n\n\n<figure class=\"wp-block-image size-full\"><img loading=\"lazy\" decoding=\"async\" width=\"800\" height=\"455\" src=\"https:\/\/temucotelevision.cl\/web\/wp-content\/uploads\/2024\/02\/Angol2.jpg\" alt=\"\" class=\"wp-image-48288\" srcset=\"https:\/\/temucotelevision.cl\/web\/wp-content\/uploads\/2024\/02\/Angol2.jpg 800w, https:\/\/temucotelevision.cl\/web\/wp-content\/uploads\/2024\/02\/Angol2-768x437.jpg 768w\" sizes=\"auto, (max-width: 800px) 100vw, 800px\" \/><\/figure>\n","protected":false},"excerpt":{"rendered":"<div class=\"pvc_clear\"><\/div>\n<p id=\"pvc_stats_48286\" class=\"pvc_stats total_only  \" data-element-id=\"48286\" style=\"\"><i class=\"pvc-stats-icon large\" aria-hidden=\"true\"><svg aria-hidden=\"true\" focusable=\"false\" data-prefix=\"far\" data-icon=\"chart-bar\" role=\"img\" xmlns=\"http:\/\/www.w3.org\/2000\/svg\" viewBox=\"0 0 512 512\" class=\"svg-inline--fa fa-chart-bar fa-w-16 fa-2x\"><path fill=\"currentColor\" d=\"M396.8 352h22.4c6.4 0 12.8-6.4 12.8-12.8V108.8c0-6.4-6.4-12.8-12.8-12.8h-22.4c-6.4 0-12.8 6.4-12.8 12.8v230.4c0 6.4 6.4 12.8 12.8 12.8zm-192 0h22.4c6.4 0 12.8-6.4 12.8-12.8V140.8c0-6.4-6.4-12.8-12.8-12.8h-22.4c-6.4 0-12.8 6.4-12.8 12.8v198.4c0 6.4 6.4 12.8 12.8 12.8zm96 0h22.4c6.4 0 12.8-6.4 12.8-12.8V204.8c0-6.4-6.4-12.8-12.8-12.8h-22.4c-6.4 0-12.8 6.4-12.8 12.8v134.4c0 6.4 6.4 12.8 12.8 12.8zM496 400H48V80c0-8.84-7.16-16-16-16H16C7.16 64 0 71.16 0 80v336c0 17.67 14.33 32 32 32h464c8.84 0 16-7.16 16-16v-16c0-8.84-7.16-16-16-16zm-387.2-48h22.4c6.4 0 12.8-6.4 12.8-12.8v-70.4c0-6.4-6.4-12.8-12.8-12.8h-22.4c-6.4 0-12.8 6.4-12.8 12.8v70.4c0 6.4 6.4 12.8 12.8 12.8z\" class=\"\"><\/path><\/svg><\/i> <img loading=\"lazy\" decoding=\"async\" width=\"16\" height=\"16\" alt=\"Loading\" src=\"https:\/\/temucotelevision.cl\/web\/wp-content\/plugins\/page-views-count\/ajax-loader-2x.gif\" border=0 \/><\/p>\n<div class=\"pvc_clear\"><\/div>\n<p>\u201cInternational Cup XCO CMPC Angol 2024, clase 1\u201d es el nombre de la competencia nacional e internacional que se desarrollar\u00e1<\/p>\n","protected":false},"author":1,"featured_media":48287,"comment_status":"open","ping_status":"open","sticky":false,"template":"","format":"standard","meta":{"colormag_page_container_layout":"default_layout","colormag_page_sidebar_layout":"default_layout","footnotes":""},"categories":[86,14],"tags":[559,1366,279],"class_list":["post-48286","post","type-post","status-publish","format-standard","has-post-thumbnail","hentry","category-panoramas","category-temuco","tag-angol","tag-carrera","tag-parque"],"a3_pvc":{"activated":true,"total_views":2215,"today_views":0},"_links":{"self":[{"href":"https:\/\/temucotelevision.cl\/web\/wp-json\/wp\/v2\/posts\/48286","targetHints":{"allow":["GET"]}}],"collection":[{"href":"https:\/\/temucotelevision.cl\/web\/wp-json\/wp\/v2\/posts"}],"about":[{"href":"https:\/\/temucotelevision.cl\/web\/wp-json\/wp\/v2\/types\/post"}],"author":[{"embeddable":true,"href":"https:\/\/temucotelevision.cl\/web\/wp-json\/wp\/v2\/users\/1"}],"replies":[{"embeddable":true,"href":"https:\/\/temucotelevision.cl\/web\/wp-json\/wp\/v2\/comments?post=48286"}],"version-history":[{"count":1,"href":"https:\/\/temucotelevision.cl\/web\/wp-json\/wp\/v2\/posts\/48286\/revisions"}],"predecessor-version":[{"id":48289,"href":"https:\/\/temucotelevision.cl\/web\/wp-json\/wp\/v2\/posts\/48286\/revisions\/48289"}],"wp:featuredmedia":[{"embeddable":true,"href":"https:\/\/temucotelevision.cl\/web\/wp-json\/wp\/v2\/media\/48287"}],"wp:attachment":[{"href":"https:\/\/temucotelevision.cl\/web\/wp-json\/wp\/v2\/media?parent=48286"}],"wp:term":[{"taxonomy":"category","embeddable":true,"href":"https:\/\/temucotelevision.cl\/web\/wp-json\/wp\/v2\/categories?post=48286"},{"taxonomy":"post_tag","embeddable":true,"href":"https:\/\/temucotelevision.cl\/web\/wp-json\/wp\/v2\/tags?post=48286"}],"curies":[{"name":"wp","href":"https:\/\/api.w.org\/{rel}","templated":true}]}}