{"id":48275,"date":"2024-02-28T16:26:43","date_gmt":"2024-02-28T19:26:43","guid":{"rendered":"https:\/\/temucotelevision.cl\/web\/?p=48275"},"modified":"2024-02-28T16:26:43","modified_gmt":"2024-02-28T19:26:43","slug":"volvamosaclases-intensifica-despliegue-en-terreno-de-autoridades-de-educacion","status":"publish","type":"post","link":"https:\/\/temucotelevision.cl\/web\/2024\/02\/28\/volvamosaclases-intensifica-despliegue-en-terreno-de-autoridades-de-educacion\/","title":{"rendered":"#VolvamosaClases intensifica despliegue en terreno de autoridades de educaci\u00f3n"},"content":{"rendered":"<div class=\"pvc_clear\"><\/div><p id=\"pvc_stats_48275\" class=\"pvc_stats total_only  \" data-element-id=\"48275\" style=\"\"><i class=\"pvc-stats-icon large\" aria-hidden=\"true\"><svg aria-hidden=\"true\" focusable=\"false\" data-prefix=\"far\" data-icon=\"chart-bar\" role=\"img\" xmlns=\"http:\/\/www.w3.org\/2000\/svg\" viewBox=\"0 0 512 512\" class=\"svg-inline--fa fa-chart-bar fa-w-16 fa-2x\"><path fill=\"currentColor\" d=\"M396.8 352h22.4c6.4 0 12.8-6.4 12.8-12.8V108.8c0-6.4-6.4-12.8-12.8-12.8h-22.4c-6.4 0-12.8 6.4-12.8 12.8v230.4c0 6.4 6.4 12.8 12.8 12.8zm-192 0h22.4c6.4 0 12.8-6.4 12.8-12.8V140.8c0-6.4-6.4-12.8-12.8-12.8h-22.4c-6.4 0-12.8 6.4-12.8 12.8v198.4c0 6.4 6.4 12.8 12.8 12.8zm96 0h22.4c6.4 0 12.8-6.4 12.8-12.8V204.8c0-6.4-6.4-12.8-12.8-12.8h-22.4c-6.4 0-12.8 6.4-12.8 12.8v134.4c0 6.4 6.4 12.8 12.8 12.8zM496 400H48V80c0-8.84-7.16-16-16-16H16C7.16 64 0 71.16 0 80v336c0 17.67 14.33 32 32 32h464c8.84 0 16-7.16 16-16v-16c0-8.84-7.16-16-16-16zm-387.2-48h22.4c6.4 0 12.8-6.4 12.8-12.8v-70.4c0-6.4-6.4-12.8-12.8-12.8h-22.4c-6.4 0-12.8 6.4-12.8 12.8v70.4c0 6.4 6.4 12.8 12.8 12.8z\" class=\"\"><\/path><\/svg><\/i> <img loading=\"lazy\" decoding=\"async\" width=\"16\" height=\"16\" alt=\"Loading\" src=\"https:\/\/temucotelevision.cl\/web\/wp-content\/plugins\/page-views-count\/ajax-loader-2x.gif\" border=0 \/><\/p><div class=\"pvc_clear\"><\/div>\n<p><em>Los despliegues incluyen distintas comunas de la regi\u00f3n en la previa al inicio oficial de clases que en La Araucan\u00eda ser\u00e1 el pr\u00f3ximo 6 de marzo<\/em><\/p>\n\n\n\n<p><strong>\u00a0<\/strong>Un intenso despliegue por las distintas comunas que integran los 3 departamentos provinciales de educaci\u00f3n ha realizado el equipo de la seremi de Educaci\u00f3n de La Araucan\u00eda en el marco del inicio del a\u00f1o escolar 2024.<\/p>\n\n\n\n<p>En dicho contexto, durante esta jornada, la seremi de Educaci\u00f3n, Marcela Castro, se traslad\u00f3 a la comuna de Villarrica para junto al alcalde Germ\u00e1n Vergara y el jefe DAEM revisar el avance de obras en establecimientos educacionales.<\/p>\n\n\n\n<p>Destaca entre ellas el avance de la Escuela Estadio, obra de infraestructura rural y que signific\u00f3 una inversi\u00f3n al Mineduc de 150 millones de pesos y que se espera entregar en abril pr\u00f3ximo, mientras sus estudiantes iniciar\u00e1n el a\u00f1o en un establecimiento vecino a pocos kil\u00f3metros como plan de contingencia dispuesto por el municipio.<\/p>\n\n\n\n<p>La autoridad regional de educaci\u00f3n visit\u00f3 tambi\u00e9n el mejoramiento del internado del Liceo Bicentenario Polit\u00e9cnico y las obras en la Escuela Especial Beato Luis Orione, que beneficiar\u00e1n directamente brindando confort a las instalaciones en este nuevo a\u00f1o escolar.<\/p>\n\n\n\n<p><strong>TRABAJO PROVINCIAL<\/strong><\/p>\n\n\n\n<p>En paralelo, el jefe provincial de Malleco, Marco Benedetti ha visitado obras en Lonquimay y Lumaco, donde las obras financiadas por el Ministerio son&nbsp; cercanas a los 300 millones de pesos en total, correspondientes a la Escuela Justo Shweitzer y Buta Rinc\u00f3n, respectivamente.<\/p>\n\n\n\n<p>Por su parte, el equipo provincial de Caut\u00edn Sur, liderado por Nicol\u00e1s Masciocchi, se traslad\u00f3 hasta la comuna de Padre Las Casas para revisar el avance de obras en las escuelas Metrenco y \u00d1irrimapu, donde la inversi\u00f3n del Mineduc es cercana a los 900 millones de pesos en total.<\/p>\n\n\n\n<p>Diego Vrsalovic, como jefe de la Deprov Caut\u00edn Norte ha recorrido obras en Temuco, Lautaro y Galvarino, las que presentan un importante avance, asegurando que han cambiado no solo el rostro a la escuela sino a los barrios en las cuales se emplazan.<\/p>\n\n\n\n<p>La seremi Marcela Castro precis\u00f3 que durante el Gobierno del Presidente Gabriel Boric se han adjudicado cerca de 14 mil millones de pesos en obras para el mejoramiento de la infraestructura educativa, lo que sin duda es una de las inversiones m\u00e1s importantes de la \u00faltima d\u00e9cada en nuestra regi\u00f3n.<\/p>\n","protected":false},"excerpt":{"rendered":"<div class=\"pvc_clear\"><\/div>\n<p id=\"pvc_stats_48275\" class=\"pvc_stats total_only  \" data-element-id=\"48275\" style=\"\"><i class=\"pvc-stats-icon large\" aria-hidden=\"true\"><svg aria-hidden=\"true\" focusable=\"false\" data-prefix=\"far\" data-icon=\"chart-bar\" role=\"img\" xmlns=\"http:\/\/www.w3.org\/2000\/svg\" viewBox=\"0 0 512 512\" class=\"svg-inline--fa fa-chart-bar fa-w-16 fa-2x\"><path fill=\"currentColor\" d=\"M396.8 352h22.4c6.4 0 12.8-6.4 12.8-12.8V108.8c0-6.4-6.4-12.8-12.8-12.8h-22.4c-6.4 0-12.8 6.4-12.8 12.8v230.4c0 6.4 6.4 12.8 12.8 12.8zm-192 0h22.4c6.4 0 12.8-6.4 12.8-12.8V140.8c0-6.4-6.4-12.8-12.8-12.8h-22.4c-6.4 0-12.8 6.4-12.8 12.8v198.4c0 6.4 6.4 12.8 12.8 12.8zm96 0h22.4c6.4 0 12.8-6.4 12.8-12.8V204.8c0-6.4-6.4-12.8-12.8-12.8h-22.4c-6.4 0-12.8 6.4-12.8 12.8v134.4c0 6.4 6.4 12.8 12.8 12.8zM496 400H48V80c0-8.84-7.16-16-16-16H16C7.16 64 0 71.16 0 80v336c0 17.67 14.33 32 32 32h464c8.84 0 16-7.16 16-16v-16c0-8.84-7.16-16-16-16zm-387.2-48h22.4c6.4 0 12.8-6.4 12.8-12.8v-70.4c0-6.4-6.4-12.8-12.8-12.8h-22.4c-6.4 0-12.8 6.4-12.8 12.8v70.4c0 6.4 6.4 12.8 12.8 12.8z\" class=\"\"><\/path><\/svg><\/i> <img loading=\"lazy\" decoding=\"async\" width=\"16\" height=\"16\" alt=\"Loading\" src=\"https:\/\/temucotelevision.cl\/web\/wp-content\/plugins\/page-views-count\/ajax-loader-2x.gif\" border=0 \/><\/p>\n<div class=\"pvc_clear\"><\/div>\n<p>Los despliegues incluyen distintas comunas de la regi\u00f3n en la previa al inicio oficial de clases que en La Araucan\u00eda<\/p>\n","protected":false},"author":1,"featured_media":48276,"comment_status":"open","ping_status":"open","sticky":false,"template":"","format":"standard","meta":{"colormag_page_container_layout":"default_layout","colormag_page_sidebar_layout":"default_layout","footnotes":""},"categories":[14],"tags":[659],"class_list":["post-48275","post","type-post","status-publish","format-standard","has-post-thumbnail","hentry","category-temuco","tag-clases"],"a3_pvc":{"activated":true,"total_views":51,"today_views":0},"_links":{"self":[{"href":"https:\/\/temucotelevision.cl\/web\/wp-json\/wp\/v2\/posts\/48275","targetHints":{"allow":["GET"]}}],"collection":[{"href":"https:\/\/temucotelevision.cl\/web\/wp-json\/wp\/v2\/posts"}],"about":[{"href":"https:\/\/temucotelevision.cl\/web\/wp-json\/wp\/v2\/types\/post"}],"author":[{"embeddable":true,"href":"https:\/\/temucotelevision.cl\/web\/wp-json\/wp\/v2\/users\/1"}],"replies":[{"embeddable":true,"href":"https:\/\/temucotelevision.cl\/web\/wp-json\/wp\/v2\/comments?post=48275"}],"version-history":[{"count":1,"href":"https:\/\/temucotelevision.cl\/web\/wp-json\/wp\/v2\/posts\/48275\/revisions"}],"predecessor-version":[{"id":48277,"href":"https:\/\/temucotelevision.cl\/web\/wp-json\/wp\/v2\/posts\/48275\/revisions\/48277"}],"wp:featuredmedia":[{"embeddable":true,"href":"https:\/\/temucotelevision.cl\/web\/wp-json\/wp\/v2\/media\/48276"}],"wp:attachment":[{"href":"https:\/\/temucotelevision.cl\/web\/wp-json\/wp\/v2\/media?parent=48275"}],"wp:term":[{"taxonomy":"category","embeddable":true,"href":"https:\/\/temucotelevision.cl\/web\/wp-json\/wp\/v2\/categories?post=48275"},{"taxonomy":"post_tag","embeddable":true,"href":"https:\/\/temucotelevision.cl\/web\/wp-json\/wp\/v2\/tags?post=48275"}],"curies":[{"name":"wp","href":"https:\/\/api.w.org\/{rel}","templated":true}]}}