{"id":48269,"date":"2024-02-28T15:15:42","date_gmt":"2024-02-28T18:15:42","guid":{"rendered":"https:\/\/temucotelevision.cl\/web\/?p=48269"},"modified":"2024-02-28T16:18:56","modified_gmt":"2024-02-28T19:18:56","slug":"festival-kamikazes-delrock-fest-vol-1anuncia-su-primera-version-en-santiago","status":"publish","type":"post","link":"https:\/\/temucotelevision.cl\/web\/2024\/02\/28\/festival-kamikazes-delrock-fest-vol-1anuncia-su-primera-version-en-santiago\/","title":{"rendered":"Festival &#8220;Kamikazes delRock Fest vol.1&#8243;anuncia su primera versi\u00f3n en Santiago"},"content":{"rendered":"<div class=\"pvc_clear\"><\/div><p id=\"pvc_stats_48269\" class=\"pvc_stats total_only  \" data-element-id=\"48269\" style=\"\"><i class=\"pvc-stats-icon large\" aria-hidden=\"true\"><svg aria-hidden=\"true\" focusable=\"false\" data-prefix=\"far\" data-icon=\"chart-bar\" role=\"img\" xmlns=\"http:\/\/www.w3.org\/2000\/svg\" viewBox=\"0 0 512 512\" class=\"svg-inline--fa fa-chart-bar fa-w-16 fa-2x\"><path fill=\"currentColor\" d=\"M396.8 352h22.4c6.4 0 12.8-6.4 12.8-12.8V108.8c0-6.4-6.4-12.8-12.8-12.8h-22.4c-6.4 0-12.8 6.4-12.8 12.8v230.4c0 6.4 6.4 12.8 12.8 12.8zm-192 0h22.4c6.4 0 12.8-6.4 12.8-12.8V140.8c0-6.4-6.4-12.8-12.8-12.8h-22.4c-6.4 0-12.8 6.4-12.8 12.8v198.4c0 6.4 6.4 12.8 12.8 12.8zm96 0h22.4c6.4 0 12.8-6.4 12.8-12.8V204.8c0-6.4-6.4-12.8-12.8-12.8h-22.4c-6.4 0-12.8 6.4-12.8 12.8v134.4c0 6.4 6.4 12.8 12.8 12.8zM496 400H48V80c0-8.84-7.16-16-16-16H16C7.16 64 0 71.16 0 80v336c0 17.67 14.33 32 32 32h464c8.84 0 16-7.16 16-16v-16c0-8.84-7.16-16-16-16zm-387.2-48h22.4c6.4 0 12.8-6.4 12.8-12.8v-70.4c0-6.4-6.4-12.8-12.8-12.8h-22.4c-6.4 0-12.8 6.4-12.8 12.8v70.4c0 6.4 6.4 12.8 12.8 12.8z\" class=\"\"><\/path><\/svg><\/i> <img loading=\"lazy\" decoding=\"async\" width=\"16\" height=\"16\" alt=\"Loading\" src=\"https:\/\/temucotelevision.cl\/web\/wp-content\/plugins\/page-views-count\/ajax-loader-2x.gif\" border=0 \/><\/p><div class=\"pvc_clear\"><\/div>\n<p class=\"has-medium-font-size\"><strong>La producci\u00f3n del evento en un acto de solidaridad y compromiso con la comunidad, recibir\u00e1 donaciones para ir en ayuda de las familias damnificadas en los incendios de la V regi\u00f3n.<\/strong><\/p>\n\n\n\n<p>Los fan\u00e1ticos del<strong>\u00a0rock y metal nacional<\/strong>, contar\u00e1n con un nuevo festival, el que se realizar\u00e1 el pr\u00f3ximo\u00a0<strong>s\u00e1bado 9 de marzo en el ex\u00a0<\/strong>\u201c<strong>Teatro Mundo M\u00e1gico<\/strong>\u201c<strong>.<\/strong>\u00a0Contar\u00e1 con la participaci\u00f3n de los ic\u00f3nicos\u00a0<strong>Panzer, Hielo Negro, Tugurio,<\/strong>\u00a0entre otros.<br><br>Se trata de la esperada primera versi\u00f3n de \u201c<strong>Kamikazes del Rock Fest vol.1<\/strong>\u201c, que llega acompa\u00f1ado con todo el rock and roll de emblem\u00e1ticas bandas de la escena chilena y nuevos talentos; en la ocasi\u00f3n, maestros, disc\u00edpulos y fan\u00e1ticos se reunir\u00e1n en una imperdible jornada\u00a0<strong>cargada de m\u00fasica a la vena.<\/strong><\/p>\n\n\n\n<p>En la oportunidad la destacada agrupaci\u00f3n nacional de\u00a0<strong>heavy rock\u00a0<\/strong>\u201c<strong>Tugurio<\/strong>\u201c presentar\u00e1 por primera vez en vivo su disco\u00a0<strong>Tierra maldita<\/strong>, en un show lleno de\u00a0<strong>energ\u00eda y m\u00edstica<\/strong>.<\/p>\n\n\n\n<p>Esta iniciativa no solo se trata de escuchar buena m\u00fasica, tambi\u00e9n se recibir\u00e1n donaciones y alimentos no perecibles para ir en ayuda de las familias afectadas por los recientes incendios de la<strong>&nbsp;V regi\u00f3n<\/strong>. Como fomento para que realicen su aporte, por cada asistente que realice&nbsp;<strong>donaci\u00f3n la organizaci\u00f3n del evento entregar\u00e1 un cover. (1 por persona).<\/strong><\/p>\n\n\n\n<p>\u201c<strong>Kamikazes del rock fest vol.1<\/strong>\u201ces la alternativa para que los asistentes disfruten de sus bandas favoritas de rock en vivo, adem\u00e1s podr\u00e1n conocer a nuevos artistas, los que encender\u00e1n el escenario con un show de primer nivel el&nbsp;<strong>pr\u00f3ximo 9 de marzo desde las 15:00 hrs.<\/strong>&nbsp;Para compartir con los amigos de una tarde vibrante, la organizaci\u00f3n habilitar\u00e1 la venta de&nbsp;<strong>alcohol y alimentos.<\/strong><\/p>\n\n\n\n<p><strong>La invitaci\u00f3n es para asistir al ex Teatro Mundo M\u00e1gico, ubicado en Av. General Bonilla n\u00b06100 a partir de las 15:00 hrs.<\/strong><\/p>\n\n\n\n<p class=\"has-text-align-center has-medium-font-size\"><strong>Venta de tickets v\u00eda\u00a0<a href=\"https:\/\/www.portaldisc.com\/evento\/kamikazesdelrockfestvol1\" target=\"_blank\" rel=\"noreferrer noopener\">Portaldisc<\/a><\/strong><\/p>\n\n\n\n<figure class=\"wp-block-image aligncenter size-large is-resized\"><img loading=\"lazy\" decoding=\"async\" width=\"724\" height=\"1024\" src=\"https:\/\/temucotelevision.cl\/web\/wp-content\/uploads\/2024\/02\/image-724x1024.png\" alt=\"\" class=\"wp-image-48271\" style=\"width:514px;height:auto\" srcset=\"https:\/\/temucotelevision.cl\/web\/wp-content\/uploads\/2024\/02\/image-724x1024.png 724w, https:\/\/temucotelevision.cl\/web\/wp-content\/uploads\/2024\/02\/image-768x1086.png 768w, https:\/\/temucotelevision.cl\/web\/wp-content\/uploads\/2024\/02\/image-1086x1536.png 1086w, https:\/\/temucotelevision.cl\/web\/wp-content\/uploads\/2024\/02\/image.png 1414w\" sizes=\"auto, (max-width: 724px) 100vw, 724px\" \/><\/figure>\n\n\n\n<p><\/p>\n\n\n\n<p><br>\u00a0<\/p>\n\n\n\n<p><\/p>\n\n\n\n<p><\/p>\n","protected":false},"excerpt":{"rendered":"<div class=\"pvc_clear\"><\/div>\n<p id=\"pvc_stats_48269\" class=\"pvc_stats total_only  \" data-element-id=\"48269\" style=\"\"><i class=\"pvc-stats-icon large\" aria-hidden=\"true\"><svg aria-hidden=\"true\" focusable=\"false\" data-prefix=\"far\" data-icon=\"chart-bar\" role=\"img\" xmlns=\"http:\/\/www.w3.org\/2000\/svg\" viewBox=\"0 0 512 512\" class=\"svg-inline--fa fa-chart-bar fa-w-16 fa-2x\"><path fill=\"currentColor\" d=\"M396.8 352h22.4c6.4 0 12.8-6.4 12.8-12.8V108.8c0-6.4-6.4-12.8-12.8-12.8h-22.4c-6.4 0-12.8 6.4-12.8 12.8v230.4c0 6.4 6.4 12.8 12.8 12.8zm-192 0h22.4c6.4 0 12.8-6.4 12.8-12.8V140.8c0-6.4-6.4-12.8-12.8-12.8h-22.4c-6.4 0-12.8 6.4-12.8 12.8v198.4c0 6.4 6.4 12.8 12.8 12.8zm96 0h22.4c6.4 0 12.8-6.4 12.8-12.8V204.8c0-6.4-6.4-12.8-12.8-12.8h-22.4c-6.4 0-12.8 6.4-12.8 12.8v134.4c0 6.4 6.4 12.8 12.8 12.8zM496 400H48V80c0-8.84-7.16-16-16-16H16C7.16 64 0 71.16 0 80v336c0 17.67 14.33 32 32 32h464c8.84 0 16-7.16 16-16v-16c0-8.84-7.16-16-16-16zm-387.2-48h22.4c6.4 0 12.8-6.4 12.8-12.8v-70.4c0-6.4-6.4-12.8-12.8-12.8h-22.4c-6.4 0-12.8 6.4-12.8 12.8v70.4c0 6.4 6.4 12.8 12.8 12.8z\" class=\"\"><\/path><\/svg><\/i> <img loading=\"lazy\" decoding=\"async\" width=\"16\" height=\"16\" alt=\"Loading\" src=\"https:\/\/temucotelevision.cl\/web\/wp-content\/plugins\/page-views-count\/ajax-loader-2x.gif\" border=0 \/><\/p>\n<div class=\"pvc_clear\"><\/div>\n<p>La producci\u00f3n del evento en un acto de solidaridad y compromiso con la comunidad, recibir\u00e1 donaciones para ir en ayuda<\/p>\n","protected":false},"author":143,"featured_media":48270,"comment_status":"open","ping_status":"open","sticky":false,"template":"","format":"standard","meta":{"colormag_page_container_layout":"default_layout","colormag_page_sidebar_layout":"default_layout","footnotes":""},"categories":[369],"tags":[],"class_list":["post-48269","post","type-post","status-publish","format-standard","has-post-thumbnail","hentry","category-musica"],"a3_pvc":{"activated":true,"total_views":893,"today_views":1},"_links":{"self":[{"href":"https:\/\/temucotelevision.cl\/web\/wp-json\/wp\/v2\/posts\/48269","targetHints":{"allow":["GET"]}}],"collection":[{"href":"https:\/\/temucotelevision.cl\/web\/wp-json\/wp\/v2\/posts"}],"about":[{"href":"https:\/\/temucotelevision.cl\/web\/wp-json\/wp\/v2\/types\/post"}],"author":[{"embeddable":true,"href":"https:\/\/temucotelevision.cl\/web\/wp-json\/wp\/v2\/users\/143"}],"replies":[{"embeddable":true,"href":"https:\/\/temucotelevision.cl\/web\/wp-json\/wp\/v2\/comments?post=48269"}],"version-history":[{"count":1,"href":"https:\/\/temucotelevision.cl\/web\/wp-json\/wp\/v2\/posts\/48269\/revisions"}],"predecessor-version":[{"id":48272,"href":"https:\/\/temucotelevision.cl\/web\/wp-json\/wp\/v2\/posts\/48269\/revisions\/48272"}],"wp:featuredmedia":[{"embeddable":true,"href":"https:\/\/temucotelevision.cl\/web\/wp-json\/wp\/v2\/media\/48270"}],"wp:attachment":[{"href":"https:\/\/temucotelevision.cl\/web\/wp-json\/wp\/v2\/media?parent=48269"}],"wp:term":[{"taxonomy":"category","embeddable":true,"href":"https:\/\/temucotelevision.cl\/web\/wp-json\/wp\/v2\/categories?post=48269"},{"taxonomy":"post_tag","embeddable":true,"href":"https:\/\/temucotelevision.cl\/web\/wp-json\/wp\/v2\/tags?post=48269"}],"curies":[{"name":"wp","href":"https:\/\/api.w.org\/{rel}","templated":true}]}}