{"id":48266,"date":"2024-02-28T14:30:39","date_gmt":"2024-02-28T17:30:39","guid":{"rendered":"https:\/\/temucotelevision.cl\/web\/?p=48266"},"modified":"2024-02-28T14:41:40","modified_gmt":"2024-02-28T17:41:40","slug":"marisela-se-presentara-en-vina-del-mar","status":"publish","type":"post","link":"https:\/\/temucotelevision.cl\/web\/2024\/02\/28\/marisela-se-presentara-en-vina-del-mar\/","title":{"rendered":"Marisela se presentar\u00e1 en Vi\u00f1a del Mar"},"content":{"rendered":"<div class=\"pvc_clear\"><\/div><p id=\"pvc_stats_48266\" class=\"pvc_stats total_only  \" data-element-id=\"48266\" style=\"\"><i class=\"pvc-stats-icon large\" aria-hidden=\"true\"><svg aria-hidden=\"true\" focusable=\"false\" data-prefix=\"far\" data-icon=\"chart-bar\" role=\"img\" xmlns=\"http:\/\/www.w3.org\/2000\/svg\" viewBox=\"0 0 512 512\" class=\"svg-inline--fa fa-chart-bar fa-w-16 fa-2x\"><path fill=\"currentColor\" d=\"M396.8 352h22.4c6.4 0 12.8-6.4 12.8-12.8V108.8c0-6.4-6.4-12.8-12.8-12.8h-22.4c-6.4 0-12.8 6.4-12.8 12.8v230.4c0 6.4 6.4 12.8 12.8 12.8zm-192 0h22.4c6.4 0 12.8-6.4 12.8-12.8V140.8c0-6.4-6.4-12.8-12.8-12.8h-22.4c-6.4 0-12.8 6.4-12.8 12.8v198.4c0 6.4 6.4 12.8 12.8 12.8zm96 0h22.4c6.4 0 12.8-6.4 12.8-12.8V204.8c0-6.4-6.4-12.8-12.8-12.8h-22.4c-6.4 0-12.8 6.4-12.8 12.8v134.4c0 6.4 6.4 12.8 12.8 12.8zM496 400H48V80c0-8.84-7.16-16-16-16H16C7.16 64 0 71.16 0 80v336c0 17.67 14.33 32 32 32h464c8.84 0 16-7.16 16-16v-16c0-8.84-7.16-16-16-16zm-387.2-48h22.4c6.4 0 12.8-6.4 12.8-12.8v-70.4c0-6.4-6.4-12.8-12.8-12.8h-22.4c-6.4 0-12.8 6.4-12.8 12.8v70.4c0 6.4 6.4 12.8 12.8 12.8z\" class=\"\"><\/path><\/svg><\/i> <img loading=\"lazy\" decoding=\"async\" width=\"16\" height=\"16\" alt=\"Loading\" src=\"https:\/\/temucotelevision.cl\/web\/wp-content\/plugins\/page-views-count\/ajax-loader-2x.gif\" border=0 \/><\/p><div class=\"pvc_clear\"><\/div>\n<p class=\"has-medium-font-size\"><strong>La reconocida artista por primera vez realizar\u00e1 un concierto en la Quinta Vergara, para celebrar a las madres chilenas este 18 de mayo.<\/strong><\/p>\n\n\n\n<p>La celebraci\u00f3n del pr\u00f3ximo d\u00eda de la madre continuar\u00e1 hasta el s\u00e1bado&nbsp;<strong>18 de mayo<\/strong>&nbsp;con el regreso a nuestro pa\u00eds de&nbsp;<strong>Marisela<\/strong>, quien debutar\u00e1 en la&nbsp;<strong>Quinta Vergara<\/strong>&nbsp;para presentar sus m\u00e1s grandes \u00e9xitos en el marco de su actual gira llamada&nbsp;<strong>\u201cCon Amor\u201d.<\/strong>&nbsp;Este es un show dedicado a todas las madres chilenas. Cabe destacar que este escenario ya es conocido para la cantante, ya que fue parte del jurado del&nbsp;<strong>Festival de la Canci\u00f3n de Vi\u00f1a del Mar en 1990<\/strong>. Entradas a trav\u00e9s de<strong><a href=\"https:\/\/trackercl1.fidelizador.com\/L107FAB3EGE1EB7313H10B44FJ10F35D1E0885K107FAB3E940260BCE9F489E173\" rel=\"noreferrer noopener\" target=\"_blank\">&nbsp;Ticketplus<\/a>.<\/strong><\/p>\n\n\n\n<p>La<strong>\u00a0\u201cDama de Hierro\u201d<\/strong>\u00a0vuelve a escenarios nacionales tras su exitoso paso por ciudades como Temuco, La Serena y Puerto Montt el pasado mes de diciembre, como parte de su\u00a0<strong>\u201cZaz! World Tour 2023\u201d<\/strong>. Como era de esperar, su fanaticada local se hizo presente en cada una de esas fechas, y se espera el mismo \u00e9xito en esta especial presentaci\u00f3n en el emblem\u00e1tico recinto de\u00a0<strong>Vi\u00f1a del Mar.<\/strong><\/p>\n\n\n\n<p>Hits infaltables como&nbsp;<strong>\u2018La Pareja Ideal\u2019<\/strong>,<strong>&nbsp;\u2018Tu Dama de Hierro\u2019<\/strong>,<strong>&nbsp;\u2018Sin \u00e9l\u2019<\/strong>&nbsp;y&nbsp;<strong>\u2018Sola con mi Soledad\u2019&nbsp;<\/strong>ser\u00e1n parte de este regreso a Chile, adem\u00e1s de seguir presentando su m\u00e1s reciente<strong>&nbsp;\u00e1lbum&nbsp;<\/strong>a la fecha, titulado<strong>&nbsp;\u201cDos Almas\u201d<\/strong>, el cual fue lanzado en mayo de&nbsp;<strong>2023<\/strong>, y que dej\u00f3 en claro que Marisela todav\u00eda algo que decir dentro del actual panorama musical.<\/p>\n\n\n\n<p>Con m\u00e1s de&nbsp;<strong>40 a\u00f1os de trayectoria art\u00edstica<\/strong>,&nbsp;<strong>Marisela<\/strong>&nbsp;sigue siendo una de las artistas m\u00e1s importantes dentro de la balada rom\u00e1ntica en espa\u00f1ol, con m\u00e1s de&nbsp;<strong>40 millones de \u00e1lbumes vendidos<\/strong>&nbsp;y<strong>&nbsp;5,4 millones de oyentes en Spotify<\/strong>. Como si fuera poco, reconocidas voces de la talla de Shakira, Amaia Montero, Thal\u00eda, y la recordada Selena han expresado su admiraci\u00f3n a la cantante, junto con haber colaborado con Marco Antonio Solis, Jos\u00e9 Jos\u00e9, Paquita la del Barrio, Joan Sebasti\u00e1n y Celia Cruz, entre muchos otros.<\/p>\n\n\n\n<p>Las entradas para esta especial velada est\u00e1n disponibles<strong>\u00a0a trav\u00e9s del sistema\u00a0<a href=\"https:\/\/trackercl1.fidelizador.com\/L107FAB3EGE1EB7313H10B44FJ10F35D1E0839K107FAB3E940260BCE9F489E173\" target=\"_blank\" rel=\"noreferrer noopener\">Ticketplus<\/a>.<\/strong><\/p>\n\n\n\n<p><\/p>\n","protected":false},"excerpt":{"rendered":"<div class=\"pvc_clear\"><\/div>\n<p id=\"pvc_stats_48266\" class=\"pvc_stats total_only  \" data-element-id=\"48266\" style=\"\"><i class=\"pvc-stats-icon large\" aria-hidden=\"true\"><svg aria-hidden=\"true\" focusable=\"false\" data-prefix=\"far\" data-icon=\"chart-bar\" role=\"img\" xmlns=\"http:\/\/www.w3.org\/2000\/svg\" viewBox=\"0 0 512 512\" class=\"svg-inline--fa fa-chart-bar fa-w-16 fa-2x\"><path fill=\"currentColor\" d=\"M396.8 352h22.4c6.4 0 12.8-6.4 12.8-12.8V108.8c0-6.4-6.4-12.8-12.8-12.8h-22.4c-6.4 0-12.8 6.4-12.8 12.8v230.4c0 6.4 6.4 12.8 12.8 12.8zm-192 0h22.4c6.4 0 12.8-6.4 12.8-12.8V140.8c0-6.4-6.4-12.8-12.8-12.8h-22.4c-6.4 0-12.8 6.4-12.8 12.8v198.4c0 6.4 6.4 12.8 12.8 12.8zm96 0h22.4c6.4 0 12.8-6.4 12.8-12.8V204.8c0-6.4-6.4-12.8-12.8-12.8h-22.4c-6.4 0-12.8 6.4-12.8 12.8v134.4c0 6.4 6.4 12.8 12.8 12.8zM496 400H48V80c0-8.84-7.16-16-16-16H16C7.16 64 0 71.16 0 80v336c0 17.67 14.33 32 32 32h464c8.84 0 16-7.16 16-16v-16c0-8.84-7.16-16-16-16zm-387.2-48h22.4c6.4 0 12.8-6.4 12.8-12.8v-70.4c0-6.4-6.4-12.8-12.8-12.8h-22.4c-6.4 0-12.8 6.4-12.8 12.8v70.4c0 6.4 6.4 12.8 12.8 12.8z\" class=\"\"><\/path><\/svg><\/i> <img loading=\"lazy\" decoding=\"async\" width=\"16\" height=\"16\" alt=\"Loading\" src=\"https:\/\/temucotelevision.cl\/web\/wp-content\/plugins\/page-views-count\/ajax-loader-2x.gif\" border=0 \/><\/p>\n<div class=\"pvc_clear\"><\/div>\n<p>La reconocida artista por primera vez realizar\u00e1 un concierto en la Quinta Vergara, para celebrar a las madres chilenas este<\/p>\n","protected":false},"author":143,"featured_media":48267,"comment_status":"open","ping_status":"open","sticky":false,"template":"","format":"standard","meta":{"colormag_page_container_layout":"default_layout","colormag_page_sidebar_layout":"default_layout","footnotes":""},"categories":[369],"tags":[],"class_list":["post-48266","post","type-post","status-publish","format-standard","has-post-thumbnail","hentry","category-musica"],"a3_pvc":{"activated":true,"total_views":475,"today_views":0},"_links":{"self":[{"href":"https:\/\/temucotelevision.cl\/web\/wp-json\/wp\/v2\/posts\/48266","targetHints":{"allow":["GET"]}}],"collection":[{"href":"https:\/\/temucotelevision.cl\/web\/wp-json\/wp\/v2\/posts"}],"about":[{"href":"https:\/\/temucotelevision.cl\/web\/wp-json\/wp\/v2\/types\/post"}],"author":[{"embeddable":true,"href":"https:\/\/temucotelevision.cl\/web\/wp-json\/wp\/v2\/users\/143"}],"replies":[{"embeddable":true,"href":"https:\/\/temucotelevision.cl\/web\/wp-json\/wp\/v2\/comments?post=48266"}],"version-history":[{"count":1,"href":"https:\/\/temucotelevision.cl\/web\/wp-json\/wp\/v2\/posts\/48266\/revisions"}],"predecessor-version":[{"id":48268,"href":"https:\/\/temucotelevision.cl\/web\/wp-json\/wp\/v2\/posts\/48266\/revisions\/48268"}],"wp:featuredmedia":[{"embeddable":true,"href":"https:\/\/temucotelevision.cl\/web\/wp-json\/wp\/v2\/media\/48267"}],"wp:attachment":[{"href":"https:\/\/temucotelevision.cl\/web\/wp-json\/wp\/v2\/media?parent=48266"}],"wp:term":[{"taxonomy":"category","embeddable":true,"href":"https:\/\/temucotelevision.cl\/web\/wp-json\/wp\/v2\/categories?post=48266"},{"taxonomy":"post_tag","embeddable":true,"href":"https:\/\/temucotelevision.cl\/web\/wp-json\/wp\/v2\/tags?post=48266"}],"curies":[{"name":"wp","href":"https:\/\/api.w.org\/{rel}","templated":true}]}}