{"id":48262,"date":"2024-02-28T13:48:11","date_gmt":"2024-02-28T16:48:11","guid":{"rendered":"https:\/\/temucotelevision.cl\/web\/?p=48262"},"modified":"2024-02-28T13:48:12","modified_gmt":"2024-02-28T16:48:12","slug":"dulce-y-agraz-realiza-sus-ultimo-shows-en-santiago-a-su-despedida-de-chile","status":"publish","type":"post","link":"https:\/\/temucotelevision.cl\/web\/2024\/02\/28\/dulce-y-agraz-realiza-sus-ultimo-shows-en-santiago-a-su-despedida-de-chile\/","title":{"rendered":"Dulce y Agraz realiza sus \u00faltimo shows en\u00a0 Santiago a su despedida de Chile"},"content":{"rendered":"<div class=\"pvc_clear\"><\/div><p id=\"pvc_stats_48262\" class=\"pvc_stats total_only  \" data-element-id=\"48262\" style=\"\"><i class=\"pvc-stats-icon large\" aria-hidden=\"true\"><svg aria-hidden=\"true\" focusable=\"false\" data-prefix=\"far\" data-icon=\"chart-bar\" role=\"img\" xmlns=\"http:\/\/www.w3.org\/2000\/svg\" viewBox=\"0 0 512 512\" class=\"svg-inline--fa fa-chart-bar fa-w-16 fa-2x\"><path fill=\"currentColor\" d=\"M396.8 352h22.4c6.4 0 12.8-6.4 12.8-12.8V108.8c0-6.4-6.4-12.8-12.8-12.8h-22.4c-6.4 0-12.8 6.4-12.8 12.8v230.4c0 6.4 6.4 12.8 12.8 12.8zm-192 0h22.4c6.4 0 12.8-6.4 12.8-12.8V140.8c0-6.4-6.4-12.8-12.8-12.8h-22.4c-6.4 0-12.8 6.4-12.8 12.8v198.4c0 6.4 6.4 12.8 12.8 12.8zm96 0h22.4c6.4 0 12.8-6.4 12.8-12.8V204.8c0-6.4-6.4-12.8-12.8-12.8h-22.4c-6.4 0-12.8 6.4-12.8 12.8v134.4c0 6.4 6.4 12.8 12.8 12.8zM496 400H48V80c0-8.84-7.16-16-16-16H16C7.16 64 0 71.16 0 80v336c0 17.67 14.33 32 32 32h464c8.84 0 16-7.16 16-16v-16c0-8.84-7.16-16-16-16zm-387.2-48h22.4c6.4 0 12.8-6.4 12.8-12.8v-70.4c0-6.4-6.4-12.8-12.8-12.8h-22.4c-6.4 0-12.8 6.4-12.8 12.8v70.4c0 6.4 6.4 12.8 12.8 12.8z\" class=\"\"><\/path><\/svg><\/i> <img loading=\"lazy\" decoding=\"async\" width=\"16\" height=\"16\" alt=\"Loading\" src=\"https:\/\/temucotelevision.cl\/web\/wp-content\/plugins\/page-views-count\/ajax-loader-2x.gif\" border=0 \/><\/p><div class=\"pvc_clear\"><\/div>\n<p class=\"has-medium-font-size\"><strong>Con la gira \u2018\u00daltimas Canciones Tour\u2019, la talentosa artista nacional se despide para explorar nuevos horizontes en M\u00e9xico.<\/strong><\/p>\n\n\n\n<p>Daniela Gonz\u00e1lez, conocida en la escena como Dulce y Agraz, est\u00e1 cada vez m\u00e1s cerca del viaje que transformar\u00e1 su carrera. A fines de marzo, la cantante, m\u00fasica, poeta interdisciplinaria y ganadora del Premio Pulsar como Mejor Cantautora en 2023, se trasladar\u00e1 a Ciudad de M\u00e9xico para proyectar su carrera desde ese importante polo musical.<\/p>\n\n\n\n<p>Es por esto, que durante el verano la artista ha estado realizando una serie de shows de despedida, a los que ahora se suma la presentaci\u00f3n del<strong>\u00a03 de marzo en Santiago (sold out), en el marco de su \u2018\u00daltimas Canciones Tour\u2019.<\/strong><\/p>\n\n\n\n<p>Sobre sus conciertos \u00edntimos con lleno total en Concepci\u00f3n, Chill\u00e1n, Valdivia y Temuco, Dulce y Agraz comenta que fueron maravillosos,\u00a0\u201cla primera parte de la gira fue muy linda y conmovedora, la verdad es que ha pasado todo muy r\u00e1pido, y en varios lugares tuvimos que hacer doble fecha por el inter\u00e9s del p\u00fablico\u201d.<\/p>\n\n\n\n<p>En esta l\u00ednea, la cantautora destaca la relaci\u00f3n con sus seguidores, especialmente en estos shows de despedida.\u00a0\u201cMe cuentan historias muy lindas, de c\u00f3mo llegaron a mi m\u00fasica y c\u00f3mo \u00e9sta los ha acompa\u00f1ado, cosas muy personales tambi\u00e9n de c\u00f3mo ha trascendido mi m\u00fasica en sus vidas, lo que es muy bonito\u201d, expresa.<\/p>\n\n\n\n<p>En cuanto a las expectativas que tiene con su llegada a M\u00e9xico, la artista declara que tiene muchas ganas de empezar de nuevo en todos los sentidos, adem\u00e1s de llegar a m\u00e1s personas, conocer a otros m\u00fasicos, colaborar con otros artistas y tambi\u00e9n escribir para otros, \u201cen M\u00e9xico hay una industria de songwriting muy activa, por lo que estoy s\u00faper abierta y dispuesta para explorar en otros \u00e1mbitos que van m\u00e1s all\u00e1 de mi propio proyecto\u201d.<\/p>\n\n\n\n<p>A su llegada, precisamente el 4 de abril, Dulce y Agraz lanzar\u00e1 su nuevo single llamado \u201c\u00cdbamos\u201d, el que grab\u00f3 en su anterior visita a M\u00e9xico junto a Sebasti\u00e1n Aracena y Felipe Castro, dos reconocidos productores chilenos, ganadores del premio Latin Grammy y radicados en M\u00e9xico hace algunos a\u00f1os.<\/p>\n\n\n\n<p><strong>Los \u00faltimos shows que Dulce y Agraz realizar\u00e1 en Chile, ser\u00e1 el 3 de marzo en Espacio del \u00c1ngel en Santiago, presentaci\u00f3n que ya est\u00e1 sold out.<\/strong><\/p>\n\n\n\n<figure class=\"wp-block-embed is-type-rich is-provider-spotify wp-block-embed-spotify wp-embed-aspect-21-9 wp-has-aspect-ratio\"><div class=\"wp-block-embed__wrapper\">\n<iframe title=\"Spotify Embed: Ay, Amor \u2665\ufe0e\" style=\"border-radius: 12px\" width=\"100%\" height=\"152\" frameborder=\"0\" allowfullscreen allow=\"autoplay; clipboard-write; encrypted-media; fullscreen; picture-in-picture\" loading=\"lazy\" src=\"https:\/\/open.spotify.com\/embed\/track\/1ZgKtZeMCBkT8inB4HKAtS?si=a842a910227b4d8e&#038;utm_source=oembed\"><\/iframe>\n<\/div><\/figure>\n","protected":false},"excerpt":{"rendered":"<div class=\"pvc_clear\"><\/div>\n<p id=\"pvc_stats_48262\" class=\"pvc_stats total_only  \" data-element-id=\"48262\" style=\"\"><i class=\"pvc-stats-icon large\" aria-hidden=\"true\"><svg aria-hidden=\"true\" focusable=\"false\" data-prefix=\"far\" data-icon=\"chart-bar\" role=\"img\" xmlns=\"http:\/\/www.w3.org\/2000\/svg\" viewBox=\"0 0 512 512\" class=\"svg-inline--fa fa-chart-bar fa-w-16 fa-2x\"><path fill=\"currentColor\" d=\"M396.8 352h22.4c6.4 0 12.8-6.4 12.8-12.8V108.8c0-6.4-6.4-12.8-12.8-12.8h-22.4c-6.4 0-12.8 6.4-12.8 12.8v230.4c0 6.4 6.4 12.8 12.8 12.8zm-192 0h22.4c6.4 0 12.8-6.4 12.8-12.8V140.8c0-6.4-6.4-12.8-12.8-12.8h-22.4c-6.4 0-12.8 6.4-12.8 12.8v198.4c0 6.4 6.4 12.8 12.8 12.8zm96 0h22.4c6.4 0 12.8-6.4 12.8-12.8V204.8c0-6.4-6.4-12.8-12.8-12.8h-22.4c-6.4 0-12.8 6.4-12.8 12.8v134.4c0 6.4 6.4 12.8 12.8 12.8zM496 400H48V80c0-8.84-7.16-16-16-16H16C7.16 64 0 71.16 0 80v336c0 17.67 14.33 32 32 32h464c8.84 0 16-7.16 16-16v-16c0-8.84-7.16-16-16-16zm-387.2-48h22.4c6.4 0 12.8-6.4 12.8-12.8v-70.4c0-6.4-6.4-12.8-12.8-12.8h-22.4c-6.4 0-12.8 6.4-12.8 12.8v70.4c0 6.4 6.4 12.8 12.8 12.8z\" class=\"\"><\/path><\/svg><\/i> <img loading=\"lazy\" decoding=\"async\" width=\"16\" height=\"16\" alt=\"Loading\" src=\"https:\/\/temucotelevision.cl\/web\/wp-content\/plugins\/page-views-count\/ajax-loader-2x.gif\" border=0 \/><\/p>\n<div class=\"pvc_clear\"><\/div>\n<p>Con la gira \u2018\u00daltimas Canciones Tour\u2019, la talentosa artista nacional se despide para explorar nuevos horizontes en M\u00e9xico. Daniela Gonz\u00e1lez,<\/p>\n","protected":false},"author":143,"featured_media":48263,"comment_status":"open","ping_status":"open","sticky":false,"template":"","format":"standard","meta":{"colormag_page_container_layout":"default_layout","colormag_page_sidebar_layout":"default_layout","footnotes":""},"categories":[369],"tags":[],"class_list":["post-48262","post","type-post","status-publish","format-standard","has-post-thumbnail","hentry","category-musica"],"a3_pvc":{"activated":true,"total_views":65,"today_views":0},"_links":{"self":[{"href":"https:\/\/temucotelevision.cl\/web\/wp-json\/wp\/v2\/posts\/48262","targetHints":{"allow":["GET"]}}],"collection":[{"href":"https:\/\/temucotelevision.cl\/web\/wp-json\/wp\/v2\/posts"}],"about":[{"href":"https:\/\/temucotelevision.cl\/web\/wp-json\/wp\/v2\/types\/post"}],"author":[{"embeddable":true,"href":"https:\/\/temucotelevision.cl\/web\/wp-json\/wp\/v2\/users\/143"}],"replies":[{"embeddable":true,"href":"https:\/\/temucotelevision.cl\/web\/wp-json\/wp\/v2\/comments?post=48262"}],"version-history":[{"count":2,"href":"https:\/\/temucotelevision.cl\/web\/wp-json\/wp\/v2\/posts\/48262\/revisions"}],"predecessor-version":[{"id":48265,"href":"https:\/\/temucotelevision.cl\/web\/wp-json\/wp\/v2\/posts\/48262\/revisions\/48265"}],"wp:featuredmedia":[{"embeddable":true,"href":"https:\/\/temucotelevision.cl\/web\/wp-json\/wp\/v2\/media\/48263"}],"wp:attachment":[{"href":"https:\/\/temucotelevision.cl\/web\/wp-json\/wp\/v2\/media?parent=48262"}],"wp:term":[{"taxonomy":"category","embeddable":true,"href":"https:\/\/temucotelevision.cl\/web\/wp-json\/wp\/v2\/categories?post=48262"},{"taxonomy":"post_tag","embeddable":true,"href":"https:\/\/temucotelevision.cl\/web\/wp-json\/wp\/v2\/tags?post=48262"}],"curies":[{"name":"wp","href":"https:\/\/api.w.org\/{rel}","templated":true}]}}