{"id":48078,"date":"2024-02-19T11:06:51","date_gmt":"2024-02-19T14:06:51","guid":{"rendered":"https:\/\/temucotelevision.cl\/web\/?p=48078"},"modified":"2024-02-19T11:06:52","modified_gmt":"2024-02-19T14:06:52","slug":"comienza-primeros-pagos-del-aporte-familiar-permanente-ex-bono-marzo","status":"publish","type":"post","link":"https:\/\/temucotelevision.cl\/web\/2024\/02\/19\/comienza-primeros-pagos-del-aporte-familiar-permanente-ex-bono-marzo\/","title":{"rendered":"Comienza primeros pagos del aporte familiar permanente, ex bono marzo"},"content":{"rendered":"<div class=\"pvc_clear\"><\/div><p id=\"pvc_stats_48078\" class=\"pvc_stats total_only  \" data-element-id=\"48078\" style=\"\"><i class=\"pvc-stats-icon large\" aria-hidden=\"true\"><svg aria-hidden=\"true\" focusable=\"false\" data-prefix=\"far\" data-icon=\"chart-bar\" role=\"img\" xmlns=\"http:\/\/www.w3.org\/2000\/svg\" viewBox=\"0 0 512 512\" class=\"svg-inline--fa fa-chart-bar fa-w-16 fa-2x\"><path fill=\"currentColor\" d=\"M396.8 352h22.4c6.4 0 12.8-6.4 12.8-12.8V108.8c0-6.4-6.4-12.8-12.8-12.8h-22.4c-6.4 0-12.8 6.4-12.8 12.8v230.4c0 6.4 6.4 12.8 12.8 12.8zm-192 0h22.4c6.4 0 12.8-6.4 12.8-12.8V140.8c0-6.4-6.4-12.8-12.8-12.8h-22.4c-6.4 0-12.8 6.4-12.8 12.8v198.4c0 6.4 6.4 12.8 12.8 12.8zm96 0h22.4c6.4 0 12.8-6.4 12.8-12.8V204.8c0-6.4-6.4-12.8-12.8-12.8h-22.4c-6.4 0-12.8 6.4-12.8 12.8v134.4c0 6.4 6.4 12.8 12.8 12.8zM496 400H48V80c0-8.84-7.16-16-16-16H16C7.16 64 0 71.16 0 80v336c0 17.67 14.33 32 32 32h464c8.84 0 16-7.16 16-16v-16c0-8.84-7.16-16-16-16zm-387.2-48h22.4c6.4 0 12.8-6.4 12.8-12.8v-70.4c0-6.4-6.4-12.8-12.8-12.8h-22.4c-6.4 0-12.8 6.4-12.8 12.8v70.4c0 6.4 6.4 12.8 12.8 12.8z\" class=\"\"><\/path><\/svg><\/i> <img loading=\"lazy\" decoding=\"async\" width=\"16\" height=\"16\" alt=\"Loading\" src=\"https:\/\/temucotelevision.cl\/web\/wp-content\/plugins\/page-views-count\/ajax-loader-2x.gif\" border=0 \/><\/p><div class=\"pvc_clear\"><\/div>\n<ul class=\"wp-block-list\">\n<li><strong><em>Este jueves 15 de febrero se inici\u00f3 el pago de los m\u00e1s de 131 mil aportes familiares permanentes en la Regi\u00f3n de La Araucan\u00eda, que corresponden a la primera n\u00f3mina de personas beneficiarias, quienes la segunda mitad de cada mes reciben Subsidio \u00danico Familiar, beneficios por Chile Solidario o del Subsistema de Seguridades y Oportunidades (Ingreso \u00c9tico Familiar), siempre que hayan tenido esos beneficios vigentes a diciembre de 2023.<\/em><\/strong><\/li>\n<\/ul>\n\n\n\n<ul class=\"wp-block-list\">\n<li><strong><em>El pago es autom\u00e1tico y no se debe hacer ning\u00fan tr\u00e1mite. Las personas pueden consultar en&nbsp;<a href=\"http:\/\/www.aportefamiliar.cl\/\" target=\"_blank\" rel=\"noreferrer noopener\">www.aportefamiliar.cl<\/a>.<\/em><\/strong><\/li>\n<\/ul>\n\n\n\n<p>El Instituto de Previsi\u00f3n Social, IPS, informa que desde este jueves 15 de febrero se inici\u00f3 el pago del Aporte Familiar Permanente 2024, tambi\u00e9n conocido como \u201cBono Marzo\u201d, al primer grupo de beneficiarios y beneficiarias.<\/p>\n\n\n\n<p>Estas primeras familias corresponden a personas que durante la segunda mitad de cada mes cobran Subsidio \u00danico Familiar o que pertenecen a los programas Chile Solidario o al Subsistema de Seguridades y Oportunidades (Ingreso \u00c9tico Familiar), siempre que hayan tenido esos beneficios vigentes a diciembre del 2023. Los dem\u00e1s grupos de personas beneficiarias podr\u00e1n consultar desde el 1 de marzo y 15 de marzo, respectivamente.<\/p>\n\n\n\n<p>Para este a\u00f1o 2024, el monto del Aporte Familiar Permanente es de&nbsp;<strong>$61.793<\/strong>&nbsp;por carga familiar o familia, seg\u00fan el tipo de beneficiario. As\u00ed, por ejemplo, una familia en donde la madre (causante de Subsidio Familiar) est\u00e1 al cuidado de sus cuatro hijos y recibe el Subsidio Familiar por cada uno de ellos, tendr\u00e1 derecho a cinco aportes familiares (uno por cada beneficiario del Subsidio Familiar) y recibir\u00e1 un monto total de $308.965.<\/p>\n\n\n\n<p>M\u00e1s del&nbsp;<strong>90 %<\/strong>&nbsp;de las personas de esta primera n\u00f3mina de beneficiarios recibir\u00e1n su Aporte Familiar Permanente directamente en su CuentaRUT u otra cuenta bancaria registrada. Los dem\u00e1s beneficiarios podr\u00e1n cobrar su dinero de forma presencial en Caja Los H\u00e9roes o BancoEstado. El derecho al bono, as\u00ed como el lugar y fecha de pago, se puede consultar en&nbsp;<strong><a href=\"http:\/\/www.aportefamiliar.cl\/\" target=\"_blank\" rel=\"noreferrer noopener\">www.aportefamiliar.cl<\/a><\/strong>. No se requiere tr\u00e1mite de solicitud, dado que el Estado determina a las personas beneficiarias a partir de la informaci\u00f3n disponible en las instituciones que intervienen en este beneficio.<\/p>\n\n\n\n<p><em>\u201cEstimamos que en esta primera n\u00f3mina de beneficiarios se entregar\u00e1n m\u00e1s de 131 mil aportes familiares permanentes en la regi\u00f3n, los que llegar\u00e1n a m\u00e1s de 55 mil familias que comenzar\u00e1n a recibir el beneficio a partir del 15 de febrero. Esto significar\u00e1 un esfuerzo fiscal por parte del Estado por m\u00e1s de 8 mil 115 millones de pesos para llegar con esta ayuda econ\u00f3mica a las familias de menores ingresos, quienes requieren apoyo en una de las \u00e9pocas m\u00e1s complejas del a\u00f1o, por los gastos que conlleva, como es el inicio del a\u00f1o escolar\u201d,&nbsp;<\/em>explic\u00f3 el director regional del IPS, Joaqu\u00edn N\u00fa\u00f1ez.<\/p>\n\n\n\n<p>A nivel nacional, el Gobierno destinar\u00e1 m\u00e1s de 188 mil millones de pesos en total para materializar la entrega de este aporte econ\u00f3mico a las familias que cumplen los requisitos para recibirlo.<\/p>\n\n\n\n<p><em>\u201cHacemos un llamado a las personas a informarse en&nbsp;<a href=\"http:\/\/www.aportefamiliar.cl\/\" target=\"_blank\" rel=\"noreferrer noopener\">www.aportefamiliar.cl<\/a>&nbsp;y en el caso de que no aparezcan en este grupo de beneficiarios, esperar la publicaci\u00f3n de las pr\u00f3ximas dos n\u00f3minas que se dar\u00e1n a conocer el 1 y 15 de marzo, respectivamente. En esta \u00faltima, se incluyen las personas que reciben Asignaci\u00f3n Familiar o Maternal por sus cargas acreditadas a diciembre pasado\u201d,&nbsp;<\/em>agreg\u00f3 el director N\u00fa\u00f1ez.<\/p>\n\n\n\n<p><strong>Atenci\u00f3n con los pr\u00f3ximos pagos<\/strong><\/p>\n\n\n\n<p>Adem\u00e1s de este grupo que parte cobrando su Aporte Familiar el 15 de febrero, las pr\u00f3ximas personas que recibir\u00e1n el beneficio podr\u00e1n consultar en&nbsp;<strong><a href=\"http:\/\/www.aportefamiliar.cl\/\" target=\"_blank\" rel=\"noreferrer noopener\">www.aportefamiliar.cl<\/a><\/strong>&nbsp;y&nbsp;<strong><a href=\"http:\/\/www.chileatiende.cl\/\" target=\"_blank\" rel=\"noreferrer noopener\">www.chileatiende.cl<\/a><\/strong>&nbsp;en estas fechas:<\/p>\n\n\n\n<ul class=\"wp-block-list\">\n<li><strong>Desde el 1 de marzo:<\/strong>&nbsp;personas con Subsidio Familiar, Chile Solidario o del Subsistema de Seguridades y Oportunidades (Ingreso \u00c9tico Familiar), que reciben sus pagos durante la primera mitad de cada mes, adem\u00e1s de pensionados del IPS con cargas familiares registradas a diciembre de 2023.<\/li>\n<\/ul>\n\n\n\n<ul class=\"wp-block-list\">\n<li><strong>Desde el 15 de marzo<\/strong>: personas que reciben Asignaci\u00f3n Familiar o Maternal por sus cargas familiares, ya sean trabajadores de empresas privadas o p\u00fablicas, adem\u00e1s de pensionados de entidades distintas al IPS, con cargas familiares registradas a diciembre de 2023.<\/li>\n<\/ul>\n\n\n\n<p>Hay un plazo de&nbsp;<strong>nueve meses para cobrar<\/strong>&nbsp;el Aporte Familiar, desde la fecha de emisi\u00f3n del documento de pago.<\/p>\n\n\n\n<p>Para m\u00e1s informaci\u00f3n y consultas, est\u00e1n disponibles los sitios&nbsp;<strong><a href=\"http:\/\/www.aportefamiliar.cl\/\" target=\"_blank\" rel=\"noreferrer noopener\">www.aportefamiliar.cl<\/a><\/strong>,&nbsp;<strong><a href=\"http:\/\/www.chileatiende.cl\/\" target=\"_blank\" rel=\"noreferrer noopener\">www.chileatiende.cl<\/a><\/strong>, las redes sociales&nbsp;<strong>@ChileAtiende<\/strong>&nbsp;en Facebook, X (ex Twitter) e Instagram y el&nbsp;<strong>Call Center 101<\/strong>.<\/p>\n\n\n\n<figure class=\"wp-block-image size-large\"><img loading=\"lazy\" decoding=\"async\" width=\"1024\" height=\"1024\" src=\"https:\/\/temucotelevision.cl\/web\/wp-content\/uploads\/2024\/02\/Aporte-1024x1024.jpg\" alt=\"\" class=\"wp-image-48079\" srcset=\"https:\/\/temucotelevision.cl\/web\/wp-content\/uploads\/2024\/02\/Aporte-1024x1024.jpg 1024w, https:\/\/temucotelevision.cl\/web\/wp-content\/uploads\/2024\/02\/Aporte-1000x1000.jpg 1000w, https:\/\/temucotelevision.cl\/web\/wp-content\/uploads\/2024\/02\/Aporte-768x768.jpg 768w, https:\/\/temucotelevision.cl\/web\/wp-content\/uploads\/2024\/02\/Aporte-150x150.jpg 150w, https:\/\/temucotelevision.cl\/web\/wp-content\/uploads\/2024\/02\/Aporte.jpg 1201w\" sizes=\"auto, (max-width: 1024px) 100vw, 1024px\" \/><\/figure>\n","protected":false},"excerpt":{"rendered":"<div class=\"pvc_clear\"><\/div>\n<p id=\"pvc_stats_48078\" class=\"pvc_stats total_only  \" data-element-id=\"48078\" style=\"\"><i class=\"pvc-stats-icon large\" aria-hidden=\"true\"><svg aria-hidden=\"true\" focusable=\"false\" data-prefix=\"far\" data-icon=\"chart-bar\" role=\"img\" xmlns=\"http:\/\/www.w3.org\/2000\/svg\" viewBox=\"0 0 512 512\" class=\"svg-inline--fa fa-chart-bar fa-w-16 fa-2x\"><path fill=\"currentColor\" d=\"M396.8 352h22.4c6.4 0 12.8-6.4 12.8-12.8V108.8c0-6.4-6.4-12.8-12.8-12.8h-22.4c-6.4 0-12.8 6.4-12.8 12.8v230.4c0 6.4 6.4 12.8 12.8 12.8zm-192 0h22.4c6.4 0 12.8-6.4 12.8-12.8V140.8c0-6.4-6.4-12.8-12.8-12.8h-22.4c-6.4 0-12.8 6.4-12.8 12.8v198.4c0 6.4 6.4 12.8 12.8 12.8zm96 0h22.4c6.4 0 12.8-6.4 12.8-12.8V204.8c0-6.4-6.4-12.8-12.8-12.8h-22.4c-6.4 0-12.8 6.4-12.8 12.8v134.4c0 6.4 6.4 12.8 12.8 12.8zM496 400H48V80c0-8.84-7.16-16-16-16H16C7.16 64 0 71.16 0 80v336c0 17.67 14.33 32 32 32h464c8.84 0 16-7.16 16-16v-16c0-8.84-7.16-16-16-16zm-387.2-48h22.4c6.4 0 12.8-6.4 12.8-12.8v-70.4c0-6.4-6.4-12.8-12.8-12.8h-22.4c-6.4 0-12.8 6.4-12.8 12.8v70.4c0 6.4 6.4 12.8 12.8 12.8z\" class=\"\"><\/path><\/svg><\/i> <img loading=\"lazy\" decoding=\"async\" width=\"16\" height=\"16\" alt=\"Loading\" src=\"https:\/\/temucotelevision.cl\/web\/wp-content\/plugins\/page-views-count\/ajax-loader-2x.gif\" border=0 \/><\/p>\n<div class=\"pvc_clear\"><\/div>\n<p>El Instituto de Previsi\u00f3n Social, IPS, informa que desde este jueves 15 de febrero se inici\u00f3 el pago del Aporte<\/p>\n","protected":false},"author":1,"featured_media":9926,"comment_status":"open","ping_status":"open","sticky":false,"template":"","format":"standard","meta":{"colormag_page_container_layout":"default_layout","colormag_page_sidebar_layout":"default_layout","footnotes":""},"categories":[15],"tags":[2286,6934,938],"class_list":["post-48078","post","type-post","status-publish","format-standard","has-post-thumbnail","hentry","category-la-araucania","tag-aporte","tag-ex-bono","tag-pagos"],"a3_pvc":{"activated":true,"total_views":2138,"today_views":0},"_links":{"self":[{"href":"https:\/\/temucotelevision.cl\/web\/wp-json\/wp\/v2\/posts\/48078","targetHints":{"allow":["GET"]}}],"collection":[{"href":"https:\/\/temucotelevision.cl\/web\/wp-json\/wp\/v2\/posts"}],"about":[{"href":"https:\/\/temucotelevision.cl\/web\/wp-json\/wp\/v2\/types\/post"}],"author":[{"embeddable":true,"href":"https:\/\/temucotelevision.cl\/web\/wp-json\/wp\/v2\/users\/1"}],"replies":[{"embeddable":true,"href":"https:\/\/temucotelevision.cl\/web\/wp-json\/wp\/v2\/comments?post=48078"}],"version-history":[{"count":1,"href":"https:\/\/temucotelevision.cl\/web\/wp-json\/wp\/v2\/posts\/48078\/revisions"}],"predecessor-version":[{"id":48080,"href":"https:\/\/temucotelevision.cl\/web\/wp-json\/wp\/v2\/posts\/48078\/revisions\/48080"}],"wp:featuredmedia":[{"embeddable":true,"href":"https:\/\/temucotelevision.cl\/web\/wp-json\/wp\/v2\/media\/9926"}],"wp:attachment":[{"href":"https:\/\/temucotelevision.cl\/web\/wp-json\/wp\/v2\/media?parent=48078"}],"wp:term":[{"taxonomy":"category","embeddable":true,"href":"https:\/\/temucotelevision.cl\/web\/wp-json\/wp\/v2\/categories?post=48078"},{"taxonomy":"post_tag","embeddable":true,"href":"https:\/\/temucotelevision.cl\/web\/wp-json\/wp\/v2\/tags?post=48078"}],"curies":[{"name":"wp","href":"https:\/\/api.w.org\/{rel}","templated":true}]}}