{"id":48075,"date":"2024-02-19T10:07:27","date_gmt":"2024-02-19T13:07:27","guid":{"rendered":"https:\/\/temucotelevision.cl\/web\/?p=48075"},"modified":"2024-02-19T13:33:14","modified_gmt":"2024-02-19T16:33:14","slug":"kella-stambuk-estrena-su-nuevo-sencillo-keep-it-funky-un-feat-con-la-rapera-rvyo","status":"publish","type":"post","link":"https:\/\/temucotelevision.cl\/web\/2024\/02\/19\/kella-stambuk-estrena-su-nuevo-sencillo-keep-it-funky-un-feat-con-la-rapera-rvyo\/","title":{"rendered":"Kella Stambuk estrena su nuevo sencillo\u00a0&#8220;Keep it Funky&#8221; un feat con la rapera Rvyo"},"content":{"rendered":"<div class=\"pvc_clear\"><\/div><p id=\"pvc_stats_48075\" class=\"pvc_stats total_only  \" data-element-id=\"48075\" style=\"\"><i class=\"pvc-stats-icon large\" aria-hidden=\"true\"><svg aria-hidden=\"true\" focusable=\"false\" data-prefix=\"far\" data-icon=\"chart-bar\" role=\"img\" xmlns=\"http:\/\/www.w3.org\/2000\/svg\" viewBox=\"0 0 512 512\" class=\"svg-inline--fa fa-chart-bar fa-w-16 fa-2x\"><path fill=\"currentColor\" d=\"M396.8 352h22.4c6.4 0 12.8-6.4 12.8-12.8V108.8c0-6.4-6.4-12.8-12.8-12.8h-22.4c-6.4 0-12.8 6.4-12.8 12.8v230.4c0 6.4 6.4 12.8 12.8 12.8zm-192 0h22.4c6.4 0 12.8-6.4 12.8-12.8V140.8c0-6.4-6.4-12.8-12.8-12.8h-22.4c-6.4 0-12.8 6.4-12.8 12.8v198.4c0 6.4 6.4 12.8 12.8 12.8zm96 0h22.4c6.4 0 12.8-6.4 12.8-12.8V204.8c0-6.4-6.4-12.8-12.8-12.8h-22.4c-6.4 0-12.8 6.4-12.8 12.8v134.4c0 6.4 6.4 12.8 12.8 12.8zM496 400H48V80c0-8.84-7.16-16-16-16H16C7.16 64 0 71.16 0 80v336c0 17.67 14.33 32 32 32h464c8.84 0 16-7.16 16-16v-16c0-8.84-7.16-16-16-16zm-387.2-48h22.4c6.4 0 12.8-6.4 12.8-12.8v-70.4c0-6.4-6.4-12.8-12.8-12.8h-22.4c-6.4 0-12.8 6.4-12.8 12.8v70.4c0 6.4 6.4 12.8 12.8 12.8z\" class=\"\"><\/path><\/svg><\/i> <img loading=\"lazy\" decoding=\"async\" width=\"16\" height=\"16\" alt=\"Loading\" src=\"https:\/\/temucotelevision.cl\/web\/wp-content\/plugins\/page-views-count\/ajax-loader-2x.gif\" border=0 \/><\/p><div class=\"pvc_clear\"><\/div>\n<p class=\"has-medium-font-size\"><strong>La cantautora nacional\u00a0nos invita a dejar atr\u00e1s todo eso que no suma y enfrentar nuevos desaf\u00edos con su refrescante single \u201cKeep it Funky\u201d.<\/strong><\/p>\n\n\n\n<p>La talentosa artista y productora musical,&nbsp;<a href=\"https:\/\/www.instagram.com\/kellastambuk\/\" target=\"_blank\" rel=\"noreferrer noopener\">Kella Stambuk<\/a>, ha lanzado su \u00faltimo sencillo titulado&nbsp;<a href=\"https:\/\/open.spotify.com\/intl-es\/album\/0xxNOEm9RNi7HAySEWzV2S?si=XGtHQYOZQPOZcYhrYOQaUw\" target=\"_blank\" rel=\"noreferrer noopener\">&#8220;Keep it Funky&#8221;<\/a>, una vibrante declaraci\u00f3n de superaci\u00f3n personal, acompa\u00f1ada de un videoclip bailable y veraniego que captura el esp\u00edritu m\u00e1s&nbsp;<strong>funk pop<\/strong>&nbsp;de la artista.<\/p>\n\n\n\n<p>La inspiraci\u00f3n detr\u00e1s de\u00a0<a href=\"https:\/\/open.spotify.com\/intl-es\/album\/0xxNOEm9RNi7HAySEWzV2S?si=XGtHQYOZQPOZcYhrYOQaUw\" target=\"_blank\" rel=\"noreferrer noopener\">&#8220;Keep it Funky&#8221;<\/a>\u00a0proviene, como en muchos casos de la creaci\u00f3n art\u00edstica, desde un per<strong>io<\/strong>do de crisis en la vida de<strong>\u00a0Stambuk.<\/strong>\u00a0La letra refleja la necesidad de romper con esquemas preestablecidos y alejarse de toxicidades para encontrar una\u00a0<strong>perspectiva, identidad y voz propia<\/strong>.<br><br>La canci\u00f3n parte con un dinamismo introspectivo, con un<strong>\u00a0tono r\u00edtmico y una seductora l\u00ednea de bajo,<\/strong>\u00a0que evoluciona hasta un\u00a0<strong>coro optimista, potente y efervescente,<\/strong>\u00a0que celebra la decisi\u00f3n de dejar atr\u00e1s todo aquello que no sirvi\u00f3 y enfrentar los desaf\u00edos futuros con buen flow y valent\u00eda.<br><br>La\u00a0colaboraci\u00f3n con\u00a0<strong>Rvyo<\/strong>\u00a0en la composici\u00f3n de la canci\u00f3n aporta un estilo \u00fanico, convirtiendo\u00a0<a href=\"https:\/\/open.spotify.com\/intl-es\/album\/0xxNOEm9RNi7HAySEWzV2S?si=XGtHQYOZQPOZcYhrYOQaUw\" target=\"_blank\" rel=\"noreferrer noopener\">&#8220;Keep it Funky&#8221;<\/a>\u00a0en un testimonio de resiliencia y autovaloraci\u00f3n. La importancia de alejarse de las influencias negativas, buscar una mejora de perspectivas y abrazar la supervivencia con determinaci\u00f3n es el mensaje central de esta cautivadora pieza musical.<\/p>\n\n\n\n<p>El lanzamiento destaca por su combinaci\u00f3n \u00fanica de letras reflexivas y ritmos envolventes. El videoclip, dirigido por el realizador,&nbsp;<strong>Dixzon,<\/strong>&nbsp;refleja la frescura y la creatividad del&nbsp;<strong>pop funk<\/strong>, invitando a todos a bailar este verano, sobre todo, al son de la imperdible coreograf\u00eda de&nbsp;<strong>Daniela P\u00e9rez<\/strong>.<\/p>\n\n\n\n<p><a href=\"https:\/\/www.instagram.com\/kellastambuk\/\" target=\"_blank\" rel=\"noreferrer noopener\">Kella Stambuk<\/a>, compositora, productora y cantautora chileno-croata, ha dejado una marca en la escena musical con su en\u00e9rgico pop que fusiona elementos de groove, rock y funk electro mel\u00f3dico. Con dos exitosos discos previos,<strong>&nbsp;&#8220;Corriente de amor&#8221;<\/strong>&nbsp;y&nbsp;<strong>&#8220;Ideas Nuevas&#8221;,<\/strong>&nbsp;y sencillos como&nbsp;<strong>&#8220;Solitario<\/strong>&#8220;, su m\u00fasica ha resonado en radios nacionales e internacionales.<\/p>\n\n\n\n<p><a href=\"https:\/\/open.spotify.com\/intl-es\/album\/0xxNOEm9RNi7HAySEWzV2S?si=ReVPNI2fT4a7tpANsLKHPw\" target=\"_blank\" rel=\"noreferrer noopener\"><strong>&#8220;<\/strong>Keepit Funky<\/a>&#8221; es el adelanto de su nuevo disco pronto a lanzarse, marcando as\u00ed una nueva era en su carrera, con elementos m\u00e1s urbanos. <strong>Kella Stambuk<\/strong> contin\u00faa conquistando el escenario musical, expandiendo su impacto en Chile, M\u00e9xico y m\u00e1s all\u00e1, consolid\u00e1ndose como una artista vers\u00e1til y original en su estilo.<\/p>\n\n\n\n<p class=\"has-text-align-center has-medium-font-size\"><br><strong>Escucha \u00a0\u201cKeep it Funky\u201d<\/strong>\u00a0<strong>en\u00a0<a href=\"https:\/\/open.spotify.com\/intl-es\/album\/0xxNOEm9RNi7HAySEWzV2S?si=XGtHQYOZQPOZcYhrYOQaUw\" target=\"_blank\" rel=\"noreferrer noopener\">Spotify<\/a><\/strong><\/p>\n\n\n\n<figure class=\"wp-block-embed is-type-video is-provider-youtube wp-block-embed-youtube wp-embed-aspect-16-9 wp-has-aspect-ratio\"><div class=\"wp-block-embed__wrapper\">\n<div class=\"epyt-video-wrapper\"><iframe loading=\"lazy\"  id=\"_ytid_65813\"  width=\"800\" height=\"450\"  data-origwidth=\"800\" data-origheight=\"450\" src=\"https:\/\/www.youtube.com\/embed\/wCKO9bRA6Ro?enablejsapi=1&#038;autoplay=0&#038;cc_load_policy=0&#038;cc_lang_pref=&#038;iv_load_policy=1&#038;loop=0&#038;rel=1&#038;fs=1&#038;playsinline=0&#038;autohide=2&#038;theme=dark&#038;color=red&#038;controls=1&#038;disablekb=0&#038;\" class=\"__youtube_prefs__  epyt-is-override  no-lazyload\" title=\"YouTube player\"  allow=\"fullscreen; accelerometer; autoplay; clipboard-write; encrypted-media; gyroscope; picture-in-picture; web-share\" referrerpolicy=\"strict-origin-when-cross-origin\" allowfullscreen data-no-lazy=\"1\" data-skipgform_ajax_framebjll=\"\"><\/iframe><\/div>\n<\/div><\/figure>\n\n\n\n<p><\/p>\n\n\n\n<p><\/p>\n\n\n\n<p><\/p>\n","protected":false},"excerpt":{"rendered":"<div class=\"pvc_clear\"><\/div>\n<p id=\"pvc_stats_48075\" class=\"pvc_stats total_only  \" data-element-id=\"48075\" style=\"\"><i class=\"pvc-stats-icon large\" aria-hidden=\"true\"><svg aria-hidden=\"true\" focusable=\"false\" data-prefix=\"far\" data-icon=\"chart-bar\" role=\"img\" xmlns=\"http:\/\/www.w3.org\/2000\/svg\" viewBox=\"0 0 512 512\" class=\"svg-inline--fa fa-chart-bar fa-w-16 fa-2x\"><path fill=\"currentColor\" d=\"M396.8 352h22.4c6.4 0 12.8-6.4 12.8-12.8V108.8c0-6.4-6.4-12.8-12.8-12.8h-22.4c-6.4 0-12.8 6.4-12.8 12.8v230.4c0 6.4 6.4 12.8 12.8 12.8zm-192 0h22.4c6.4 0 12.8-6.4 12.8-12.8V140.8c0-6.4-6.4-12.8-12.8-12.8h-22.4c-6.4 0-12.8 6.4-12.8 12.8v198.4c0 6.4 6.4 12.8 12.8 12.8zm96 0h22.4c6.4 0 12.8-6.4 12.8-12.8V204.8c0-6.4-6.4-12.8-12.8-12.8h-22.4c-6.4 0-12.8 6.4-12.8 12.8v134.4c0 6.4 6.4 12.8 12.8 12.8zM496 400H48V80c0-8.84-7.16-16-16-16H16C7.16 64 0 71.16 0 80v336c0 17.67 14.33 32 32 32h464c8.84 0 16-7.16 16-16v-16c0-8.84-7.16-16-16-16zm-387.2-48h22.4c6.4 0 12.8-6.4 12.8-12.8v-70.4c0-6.4-6.4-12.8-12.8-12.8h-22.4c-6.4 0-12.8 6.4-12.8 12.8v70.4c0 6.4 6.4 12.8 12.8 12.8z\" class=\"\"><\/path><\/svg><\/i> <img loading=\"lazy\" decoding=\"async\" width=\"16\" height=\"16\" alt=\"Loading\" src=\"https:\/\/temucotelevision.cl\/web\/wp-content\/plugins\/page-views-count\/ajax-loader-2x.gif\" border=0 \/><\/p>\n<div class=\"pvc_clear\"><\/div>\n<p>La cantautora nacional\u00a0nos invita a dejar atr\u00e1s todo eso que no suma y enfrentar nuevos desaf\u00edos con su refrescante single<\/p>\n","protected":false},"author":143,"featured_media":48076,"comment_status":"open","ping_status":"open","sticky":false,"template":"","format":"standard","meta":{"colormag_page_container_layout":"default_layout","colormag_page_sidebar_layout":"default_layout","footnotes":""},"categories":[369],"tags":[],"class_list":["post-48075","post","type-post","status-publish","format-standard","has-post-thumbnail","hentry","category-musica"],"a3_pvc":{"activated":true,"total_views":1152,"today_views":0},"_links":{"self":[{"href":"https:\/\/temucotelevision.cl\/web\/wp-json\/wp\/v2\/posts\/48075","targetHints":{"allow":["GET"]}}],"collection":[{"href":"https:\/\/temucotelevision.cl\/web\/wp-json\/wp\/v2\/posts"}],"about":[{"href":"https:\/\/temucotelevision.cl\/web\/wp-json\/wp\/v2\/types\/post"}],"author":[{"embeddable":true,"href":"https:\/\/temucotelevision.cl\/web\/wp-json\/wp\/v2\/users\/143"}],"replies":[{"embeddable":true,"href":"https:\/\/temucotelevision.cl\/web\/wp-json\/wp\/v2\/comments?post=48075"}],"version-history":[{"count":1,"href":"https:\/\/temucotelevision.cl\/web\/wp-json\/wp\/v2\/posts\/48075\/revisions"}],"predecessor-version":[{"id":48077,"href":"https:\/\/temucotelevision.cl\/web\/wp-json\/wp\/v2\/posts\/48075\/revisions\/48077"}],"wp:featuredmedia":[{"embeddable":true,"href":"https:\/\/temucotelevision.cl\/web\/wp-json\/wp\/v2\/media\/48076"}],"wp:attachment":[{"href":"https:\/\/temucotelevision.cl\/web\/wp-json\/wp\/v2\/media?parent=48075"}],"wp:term":[{"taxonomy":"category","embeddable":true,"href":"https:\/\/temucotelevision.cl\/web\/wp-json\/wp\/v2\/categories?post=48075"},{"taxonomy":"post_tag","embeddable":true,"href":"https:\/\/temucotelevision.cl\/web\/wp-json\/wp\/v2\/tags?post=48075"}],"curies":[{"name":"wp","href":"https:\/\/api.w.org\/{rel}","templated":true}]}}