{"id":48070,"date":"2024-02-17T15:11:44","date_gmt":"2024-02-17T18:11:44","guid":{"rendered":"https:\/\/temucotelevision.cl\/web\/?p=48070"},"modified":"2024-02-17T16:20:15","modified_gmt":"2024-02-17T19:20:15","slug":"en-honor-a-los-valientes-conmemoracion-del-dia-nacional-de-los-brigadistas-forestales-en-la-araucania","status":"publish","type":"post","link":"https:\/\/temucotelevision.cl\/web\/2024\/02\/17\/en-honor-a-los-valientes-conmemoracion-del-dia-nacional-de-los-brigadistas-forestales-en-la-araucania\/","title":{"rendered":"En Honor a los Valientes: Conmemoraci\u00f3n del D\u00eda Nacional de los Brigadistas Forestales en La Araucan\u00eda"},"content":{"rendered":"<div class=\"pvc_clear\"><\/div><p id=\"pvc_stats_48070\" class=\"pvc_stats total_only  \" data-element-id=\"48070\" style=\"\"><i class=\"pvc-stats-icon large\" aria-hidden=\"true\"><svg aria-hidden=\"true\" focusable=\"false\" data-prefix=\"far\" data-icon=\"chart-bar\" role=\"img\" xmlns=\"http:\/\/www.w3.org\/2000\/svg\" viewBox=\"0 0 512 512\" class=\"svg-inline--fa fa-chart-bar fa-w-16 fa-2x\"><path fill=\"currentColor\" d=\"M396.8 352h22.4c6.4 0 12.8-6.4 12.8-12.8V108.8c0-6.4-6.4-12.8-12.8-12.8h-22.4c-6.4 0-12.8 6.4-12.8 12.8v230.4c0 6.4 6.4 12.8 12.8 12.8zm-192 0h22.4c6.4 0 12.8-6.4 12.8-12.8V140.8c0-6.4-6.4-12.8-12.8-12.8h-22.4c-6.4 0-12.8 6.4-12.8 12.8v198.4c0 6.4 6.4 12.8 12.8 12.8zm96 0h22.4c6.4 0 12.8-6.4 12.8-12.8V204.8c0-6.4-6.4-12.8-12.8-12.8h-22.4c-6.4 0-12.8 6.4-12.8 12.8v134.4c0 6.4 6.4 12.8 12.8 12.8zM496 400H48V80c0-8.84-7.16-16-16-16H16C7.16 64 0 71.16 0 80v336c0 17.67 14.33 32 32 32h464c8.84 0 16-7.16 16-16v-16c0-8.84-7.16-16-16-16zm-387.2-48h22.4c6.4 0 12.8-6.4 12.8-12.8v-70.4c0-6.4-6.4-12.8-12.8-12.8h-22.4c-6.4 0-12.8 6.4-12.8 12.8v70.4c0 6.4 6.4 12.8 12.8 12.8z\" class=\"\"><\/path><\/svg><\/i> <img loading=\"lazy\" decoding=\"async\" width=\"16\" height=\"16\" alt=\"Loading\" src=\"https:\/\/temucotelevision.cl\/web\/wp-content\/plugins\/page-views-count\/ajax-loader-2x.gif\" border=0 \/><\/p><div class=\"pvc_clear\"><\/div>\n<p><em>Autoridades recordaron la valiosa labor que realizan estos trabajadores y trabajadoras de la Corporaci\u00f3n Nacional Forestal, Bomberos, Fuerzas Armadas y empresas forestales.<\/em><\/p>\n\n\n\n<p>A\u00fan en plena emergencia, los brigadistas de incendios forestales conmemoraron su d\u00eda nacional, en un momento complejo y tr\u00e1gico por los m\u00faltiples siniestros y v\u00edctimas fatales que han afectado al pa\u00eds.<\/p>\n\n\n\n<p>El D\u00eda Nacional de las y los Brigadistas Forestales se oficializ\u00f3 mediante Decreto Supremo N\u00b0 47, del 2 de junio del 2009, del Ministerio de Agricultura, instaur\u00e1ndose el 15 de febrero, en recuerdo de los 12 brigadistas de Forestal CELCO y el piloto de un helic\u00f3ptero, que fallecieron ese a\u00f1o en un accidente a\u00e9reo en la comuna de Chanco, Regi\u00f3n del Maule; y como un homenaje al esfuerzo y entrega de estos hombres y mujeres de diferentes instituciones p\u00fablicas, como CONAF, Fuerzas Armadas, Bomberos y empresa privada, que realizan la tarea de proteger a la poblaci\u00f3n y a los recursos naturales.<\/p>\n\n\n\n<p>Temprano, autoridades locales junto al seremi de Agricultura H\u00e9ctor Cumilaf y el director regional (s) de CONAF Cesar Ib\u00e1\u00f1ez, acudi\u00f3 a saludar a los brigadas en el momento del despacho en la central de operaciones, Boldo 1, de CONAF Araucan\u00eda, tras lo cual a trav\u00e9s de una cadena radial se entreg\u00f3 un saludo a todo el personal desplegado en la regi\u00f3n, quienes ya, a esa hora, se encontraban combatiendo incendios en Lonquimay, Pur\u00e9n y Temuco, entre otras comunas.<\/p>\n\n\n\n<p>En este sentido desde la delegaci\u00f3n indicaron que \u201ca causa del cambio clim\u00e1tico hemos tenido condiciones favorables para los incendios por lo que hoy m\u00e1s que nunca hay que relevar a los brigadistas y agradecer el trabajo que realizan, personas j\u00f3venes que est\u00e1n incluso dispuestos a dar la vida en el combate de estos incendios. Y por esto es un d\u00eda muy importante para tomar conciencia, que la mejor forma de combatir un incendio es previniendo, \u201cno solo hoy agradecemos el trabajo de los brigadistas, sino tambi\u00e9n, es momento de recordar a los m\u00e1rtires que entregaron su vida combatiendo incendios, el 2012 una brigada en la comuna de Carahue o los 3 pilotos que fallecieron el a\u00f1o reci\u00e9n pasado en la comuna de Galvarino. Y esto nos hace pensar y comprometernos en prevenir los incendios forestales\u201d.<\/p>\n\n\n\n<p><strong>Vocaci\u00f3n de Servicio<\/strong><\/p>\n\n\n\n<p>En la oportunidad, el director regional (s) Cesar Ib\u00e1\u00f1ez coment\u00f3: \u201cLas y los brigadistas son profesionales sobresalientes, que est\u00e1n en una constante labor formativa. Ellos son esenciales para la prevenci\u00f3n y el combate de los incendios, adem\u00e1s realizan educaci\u00f3n con la comunidad, difusi\u00f3n de la problem\u00e1tica, realizan cortafuegos, por lo que son clave en las acciones de CONAF por vocaci\u00f3n de servicio p\u00fablico ya que va m\u00e1s all\u00e1 de un compromiso laboral\u201d.<\/p>\n\n\n\n<p>El seremi de Agricultura H\u00e9ctor Cumilaf, tambi\u00e9n entreg\u00f3 un saludo a nombre del Ministro y resalt\u00f3 el compromiso de las y los brigadistas, as\u00ed como de todo el Ministerio de Agricultura, con la prevenci\u00f3n y protecci\u00f3n contra incendios forestales. \u201cQueremos destacar no s\u00f3lo el combate a los incendios que podamos tener durante esta temporada, sino tambi\u00e9n toda la labor que se realiza durante el a\u00f1o, sobre todo la prevenci\u00f3n, porque finalmente un incendio es m\u00e1s f\u00e1cil prevenirlo que combatirlo. Por lo tanto, extender, un gran abrazo y un saludo a todas y a todos aquellos brigadistas que hoy d\u00eda est\u00e1n ayudando a proteger, no s\u00f3lo el medio ambiente, sino tambi\u00e9n los bienes de las personas en nuestra regi\u00f3n y el pa\u00eds\u201d, dijo el seremi H\u00e9ctor Cumilaf.<\/p>\n\n\n\n<p><strong>Prevenci\u00f3n<\/strong><\/p>\n\n\n\n<p>En la regi\u00f3n, solo en CONAF, trabajan m\u00e1s de 500 personas entre brigadistas, t\u00e9cnicos, operadores de maquinaria, choferes, pilotos, entre otros funcionarios para poder controlar las emergencias forestales, que esta temporada 2023-2024 ya han registrado 6856,97 hect\u00e1reas afectadas (93% menos que el per\u00edodo anterior), producto de 773 incendios forestales (32% menos que el per\u00edodo anterior).<\/p>\n\n\n\n<p>Por \u00faltimo, para no exponer a los brigadistas a esta actividad de alto riesgo para su integridad f\u00edsica, es que cobra enorme relevancia la prevenci\u00f3n de los incendios forestales, no usando fuego cerca de la vegetaci\u00f3n. El llamado, por lo tanto, es a descartar las quemas agr\u00edcolas y forestales, evitar las herramientas el\u00e9ctricas, no hacer fogatas ni usar cocinillas, podar los \u00e1rboles cercanos a tendidos el\u00e9ctricos. De este modo, se est\u00e1 protegiendo la vida de estos valerosos trabajadores y trabajadoras.<\/p>\n","protected":false},"excerpt":{"rendered":"<div class=\"pvc_clear\"><\/div>\n<p id=\"pvc_stats_48070\" class=\"pvc_stats total_only  \" data-element-id=\"48070\" style=\"\"><i class=\"pvc-stats-icon large\" aria-hidden=\"true\"><svg aria-hidden=\"true\" focusable=\"false\" data-prefix=\"far\" data-icon=\"chart-bar\" role=\"img\" xmlns=\"http:\/\/www.w3.org\/2000\/svg\" viewBox=\"0 0 512 512\" class=\"svg-inline--fa fa-chart-bar fa-w-16 fa-2x\"><path fill=\"currentColor\" d=\"M396.8 352h22.4c6.4 0 12.8-6.4 12.8-12.8V108.8c0-6.4-6.4-12.8-12.8-12.8h-22.4c-6.4 0-12.8 6.4-12.8 12.8v230.4c0 6.4 6.4 12.8 12.8 12.8zm-192 0h22.4c6.4 0 12.8-6.4 12.8-12.8V140.8c0-6.4-6.4-12.8-12.8-12.8h-22.4c-6.4 0-12.8 6.4-12.8 12.8v198.4c0 6.4 6.4 12.8 12.8 12.8zm96 0h22.4c6.4 0 12.8-6.4 12.8-12.8V204.8c0-6.4-6.4-12.8-12.8-12.8h-22.4c-6.4 0-12.8 6.4-12.8 12.8v134.4c0 6.4 6.4 12.8 12.8 12.8zM496 400H48V80c0-8.84-7.16-16-16-16H16C7.16 64 0 71.16 0 80v336c0 17.67 14.33 32 32 32h464c8.84 0 16-7.16 16-16v-16c0-8.84-7.16-16-16-16zm-387.2-48h22.4c6.4 0 12.8-6.4 12.8-12.8v-70.4c0-6.4-6.4-12.8-12.8-12.8h-22.4c-6.4 0-12.8 6.4-12.8 12.8v70.4c0 6.4 6.4 12.8 12.8 12.8z\" class=\"\"><\/path><\/svg><\/i> <img loading=\"lazy\" decoding=\"async\" width=\"16\" height=\"16\" alt=\"Loading\" src=\"https:\/\/temucotelevision.cl\/web\/wp-content\/plugins\/page-views-count\/ajax-loader-2x.gif\" border=0 \/><\/p>\n<div class=\"pvc_clear\"><\/div>\n<p>Autoridades recordaron la valiosa labor que realizan estos trabajadores y trabajadoras de la Corporaci\u00f3n Nacional Forestal, Bomberos, Fuerzas Armadas y<\/p>\n","protected":false},"author":1,"featured_media":48071,"comment_status":"open","ping_status":"open","sticky":false,"template":"","format":"standard","meta":{"colormag_page_container_layout":"default_layout","colormag_page_sidebar_layout":"default_layout","footnotes":""},"categories":[15],"tags":[423],"class_list":["post-48070","post","type-post","status-publish","format-standard","has-post-thumbnail","hentry","category-la-araucania","tag-brigadistas"],"a3_pvc":{"activated":true,"total_views":69,"today_views":0},"_links":{"self":[{"href":"https:\/\/temucotelevision.cl\/web\/wp-json\/wp\/v2\/posts\/48070","targetHints":{"allow":["GET"]}}],"collection":[{"href":"https:\/\/temucotelevision.cl\/web\/wp-json\/wp\/v2\/posts"}],"about":[{"href":"https:\/\/temucotelevision.cl\/web\/wp-json\/wp\/v2\/types\/post"}],"author":[{"embeddable":true,"href":"https:\/\/temucotelevision.cl\/web\/wp-json\/wp\/v2\/users\/1"}],"replies":[{"embeddable":true,"href":"https:\/\/temucotelevision.cl\/web\/wp-json\/wp\/v2\/comments?post=48070"}],"version-history":[{"count":3,"href":"https:\/\/temucotelevision.cl\/web\/wp-json\/wp\/v2\/posts\/48070\/revisions"}],"predecessor-version":[{"id":48074,"href":"https:\/\/temucotelevision.cl\/web\/wp-json\/wp\/v2\/posts\/48070\/revisions\/48074"}],"wp:featuredmedia":[{"embeddable":true,"href":"https:\/\/temucotelevision.cl\/web\/wp-json\/wp\/v2\/media\/48071"}],"wp:attachment":[{"href":"https:\/\/temucotelevision.cl\/web\/wp-json\/wp\/v2\/media?parent=48070"}],"wp:term":[{"taxonomy":"category","embeddable":true,"href":"https:\/\/temucotelevision.cl\/web\/wp-json\/wp\/v2\/categories?post=48070"},{"taxonomy":"post_tag","embeddable":true,"href":"https:\/\/temucotelevision.cl\/web\/wp-json\/wp\/v2\/tags?post=48070"}],"curies":[{"name":"wp","href":"https:\/\/api.w.org\/{rel}","templated":true}]}}