{"id":48058,"date":"2024-02-15T17:18:19","date_gmt":"2024-02-15T20:18:19","guid":{"rendered":"https:\/\/temucotelevision.cl\/web\/?p=48058"},"modified":"2024-02-15T17:18:46","modified_gmt":"2024-02-15T20:18:46","slug":"plan-calle-sin-violencia-pdi-detuvo-en-labranza-a-hombre-profugo-de-la-justicia","status":"publish","type":"post","link":"https:\/\/temucotelevision.cl\/web\/2024\/02\/15\/plan-calle-sin-violencia-pdi-detuvo-en-labranza-a-hombre-profugo-de-la-justicia\/","title":{"rendered":"Plan calle sin violencia: PDI detuvo en Labranza a hombre pr\u00f3fugo de la justicia"},"content":{"rendered":"<div class=\"pvc_clear\"><\/div><p id=\"pvc_stats_48058\" class=\"pvc_stats total_only  \" data-element-id=\"48058\" style=\"\"><i class=\"pvc-stats-icon large\" aria-hidden=\"true\"><svg aria-hidden=\"true\" focusable=\"false\" data-prefix=\"far\" data-icon=\"chart-bar\" role=\"img\" xmlns=\"http:\/\/www.w3.org\/2000\/svg\" viewBox=\"0 0 512 512\" class=\"svg-inline--fa fa-chart-bar fa-w-16 fa-2x\"><path fill=\"currentColor\" d=\"M396.8 352h22.4c6.4 0 12.8-6.4 12.8-12.8V108.8c0-6.4-6.4-12.8-12.8-12.8h-22.4c-6.4 0-12.8 6.4-12.8 12.8v230.4c0 6.4 6.4 12.8 12.8 12.8zm-192 0h22.4c6.4 0 12.8-6.4 12.8-12.8V140.8c0-6.4-6.4-12.8-12.8-12.8h-22.4c-6.4 0-12.8 6.4-12.8 12.8v198.4c0 6.4 6.4 12.8 12.8 12.8zm96 0h22.4c6.4 0 12.8-6.4 12.8-12.8V204.8c0-6.4-6.4-12.8-12.8-12.8h-22.4c-6.4 0-12.8 6.4-12.8 12.8v134.4c0 6.4 6.4 12.8 12.8 12.8zM496 400H48V80c0-8.84-7.16-16-16-16H16C7.16 64 0 71.16 0 80v336c0 17.67 14.33 32 32 32h464c8.84 0 16-7.16 16-16v-16c0-8.84-7.16-16-16-16zm-387.2-48h22.4c6.4 0 12.8-6.4 12.8-12.8v-70.4c0-6.4-6.4-12.8-12.8-12.8h-22.4c-6.4 0-12.8 6.4-12.8 12.8v70.4c0 6.4 6.4 12.8 12.8 12.8z\" class=\"\"><\/path><\/svg><\/i> <img loading=\"lazy\" decoding=\"async\" width=\"16\" height=\"16\" alt=\"Loading\" src=\"https:\/\/temucotelevision.cl\/web\/wp-content\/plugins\/page-views-count\/ajax-loader-2x.gif\" border=0 \/><\/p><div class=\"pvc_clear\"><\/div>\n<p>En el marco del trabajo desarrollado en virtud al Plan antidelincuencial &#8220;Calle sin Violencia&#8221; en su arista \u201cPr\u00f3fugos de la justicia&#8221;, detectives de la Brigada de Homicidios Temuco, detuvieron a un hombre que manten\u00eda cinco \u00f3rdenes de detenci\u00f3n vigente por los delitos de&nbsp;Lesiones&nbsp;G<a><\/a>raves, donde en una ri\u00f1a agrede con un arma cortopunzante a un familiar, Violaci\u00f3n a mayor de 14 a\u00f1os, Lesiones Menos Graves, Hurto Simple y Da\u00f1os Simples.<\/p>\n\n\n\n<p>El comisario Daniel Penroz, jefe subrogante de la de la Brigada de Homicidios Temuco, precis\u00f3 que en el marco del Plan Calles sin Violencia impulsado por el gobierno en al a\u00f1o 2023 la PDI y la Oficina de Analisis Caut\u00edn realizaron diligencias para determinar una cantidad de imputados pr\u00f3fugos de la justicia con un amplio compromiso delictual\u201d.<\/p>\n\n\n\n<p>Es as\u00ed que, el d\u00eda de ayer -14 de febrero- a trav\u00e9s de fuentes de informaci\u00f3n abiertas, formales, como tambi\u00e9n por informaci\u00f3n residual, entregada por la propia comunidad, se logr\u00f3 la detenci\u00f3n de un hombre mayor de edad que manten\u00eda cinco \u00f3rdenes de aprehensi\u00f3n vigentes por diversos delitos y que se encontraba pr\u00f3fugo de la justicia\u201d, agrego el comisario Penroz.<\/p>\n\n\n\n<p>Por instrucci\u00f3n del fiscal de turno, el imputado fue puesto a disposici\u00f3n del Juzgado de Garant\u00eda de Temuco, para su respectivo control de detenci\u00f3n y establecer las medidas pertinentes a su situaci\u00f3n procesal.<\/p>\n\n\n\n<p>&#8220;Calle sin Violencia&#8221;<\/p>\n\n\n\n<p>El Plan \u201cCalles Sin Violencia\u201d se enmarca en la Pol\u00edtica Nacional contra el Crimen Organizado, una estrategia de largo plazo que tiene por objetivo desbaratar organizaciones criminales, y que contempla tres l\u00edneas de acci\u00f3n.&nbsp;<\/p>\n\n\n\n<p>En este contexto, la PDI, tras un informe de la Oficina de An\u00e1lisis de la Prefectura Provincial Caut\u00edn, se conform\u00f3 un grupo con dedicaci\u00f3n preferente enfocado en la tramitaci\u00f3n de las \u00f3rdenes de detenci\u00f3n vigentes de&nbsp;37&nbsp;pr\u00f3fugos de la justicia, de los cuales, en los meses de funcionamiento del Plan, ya se ha detenido a la mitad de estos imputados.<\/p>\n","protected":false},"excerpt":{"rendered":"<div class=\"pvc_clear\"><\/div>\n<p id=\"pvc_stats_48058\" class=\"pvc_stats total_only  \" data-element-id=\"48058\" style=\"\"><i class=\"pvc-stats-icon large\" aria-hidden=\"true\"><svg aria-hidden=\"true\" focusable=\"false\" data-prefix=\"far\" data-icon=\"chart-bar\" role=\"img\" xmlns=\"http:\/\/www.w3.org\/2000\/svg\" viewBox=\"0 0 512 512\" class=\"svg-inline--fa fa-chart-bar fa-w-16 fa-2x\"><path fill=\"currentColor\" d=\"M396.8 352h22.4c6.4 0 12.8-6.4 12.8-12.8V108.8c0-6.4-6.4-12.8-12.8-12.8h-22.4c-6.4 0-12.8 6.4-12.8 12.8v230.4c0 6.4 6.4 12.8 12.8 12.8zm-192 0h22.4c6.4 0 12.8-6.4 12.8-12.8V140.8c0-6.4-6.4-12.8-12.8-12.8h-22.4c-6.4 0-12.8 6.4-12.8 12.8v198.4c0 6.4 6.4 12.8 12.8 12.8zm96 0h22.4c6.4 0 12.8-6.4 12.8-12.8V204.8c0-6.4-6.4-12.8-12.8-12.8h-22.4c-6.4 0-12.8 6.4-12.8 12.8v134.4c0 6.4 6.4 12.8 12.8 12.8zM496 400H48V80c0-8.84-7.16-16-16-16H16C7.16 64 0 71.16 0 80v336c0 17.67 14.33 32 32 32h464c8.84 0 16-7.16 16-16v-16c0-8.84-7.16-16-16-16zm-387.2-48h22.4c6.4 0 12.8-6.4 12.8-12.8v-70.4c0-6.4-6.4-12.8-12.8-12.8h-22.4c-6.4 0-12.8 6.4-12.8 12.8v70.4c0 6.4 6.4 12.8 12.8 12.8z\" class=\"\"><\/path><\/svg><\/i> <img loading=\"lazy\" decoding=\"async\" width=\"16\" height=\"16\" alt=\"Loading\" src=\"https:\/\/temucotelevision.cl\/web\/wp-content\/plugins\/page-views-count\/ajax-loader-2x.gif\" border=0 \/><\/p>\n<div class=\"pvc_clear\"><\/div>\n<p>En el marco del trabajo desarrollado en virtud al Plan antidelincuencial &#8220;Calle sin Violencia&#8221; en su arista \u201cPr\u00f3fugos de la<\/p>\n","protected":false},"author":1,"featured_media":48057,"comment_status":"open","ping_status":"open","sticky":false,"template":"","format":"standard","meta":{"colormag_page_container_layout":"default_layout","colormag_page_sidebar_layout":"default_layout","footnotes":""},"categories":[16],"tags":[],"class_list":["post-48058","post","type-post","status-publish","format-standard","has-post-thumbnail","hentry","category-policial"],"a3_pvc":{"activated":true,"total_views":2729,"today_views":0},"_links":{"self":[{"href":"https:\/\/temucotelevision.cl\/web\/wp-json\/wp\/v2\/posts\/48058","targetHints":{"allow":["GET"]}}],"collection":[{"href":"https:\/\/temucotelevision.cl\/web\/wp-json\/wp\/v2\/posts"}],"about":[{"href":"https:\/\/temucotelevision.cl\/web\/wp-json\/wp\/v2\/types\/post"}],"author":[{"embeddable":true,"href":"https:\/\/temucotelevision.cl\/web\/wp-json\/wp\/v2\/users\/1"}],"replies":[{"embeddable":true,"href":"https:\/\/temucotelevision.cl\/web\/wp-json\/wp\/v2\/comments?post=48058"}],"version-history":[{"count":1,"href":"https:\/\/temucotelevision.cl\/web\/wp-json\/wp\/v2\/posts\/48058\/revisions"}],"predecessor-version":[{"id":48059,"href":"https:\/\/temucotelevision.cl\/web\/wp-json\/wp\/v2\/posts\/48058\/revisions\/48059"}],"wp:featuredmedia":[{"embeddable":true,"href":"https:\/\/temucotelevision.cl\/web\/wp-json\/wp\/v2\/media\/48057"}],"wp:attachment":[{"href":"https:\/\/temucotelevision.cl\/web\/wp-json\/wp\/v2\/media?parent=48058"}],"wp:term":[{"taxonomy":"category","embeddable":true,"href":"https:\/\/temucotelevision.cl\/web\/wp-json\/wp\/v2\/categories?post=48058"},{"taxonomy":"post_tag","embeddable":true,"href":"https:\/\/temucotelevision.cl\/web\/wp-json\/wp\/v2\/tags?post=48058"}],"curies":[{"name":"wp","href":"https:\/\/api.w.org\/{rel}","templated":true}]}}