{"id":48053,"date":"2024-02-15T13:45:00","date_gmt":"2024-02-15T16:45:00","guid":{"rendered":"https:\/\/temucotelevision.cl\/web\/?p=48053"},"modified":"2024-02-15T13:45:00","modified_gmt":"2024-02-15T16:45:00","slug":"vuelve-festival-jazz-del-sur-villarrica-con-homenaje-a-ella-fitzgerald","status":"publish","type":"post","link":"https:\/\/temucotelevision.cl\/web\/2024\/02\/15\/vuelve-festival-jazz-del-sur-villarrica-con-homenaje-a-ella-fitzgerald\/","title":{"rendered":"Vuelve Festival Jazz del Sur &#8211; Villarrica con homenaje a Ella Fitzgerald\u00a0"},"content":{"rendered":"<div class=\"pvc_clear\"><\/div><p id=\"pvc_stats_48053\" class=\"pvc_stats total_only  \" data-element-id=\"48053\" style=\"\"><i class=\"pvc-stats-icon large\" aria-hidden=\"true\"><svg aria-hidden=\"true\" focusable=\"false\" data-prefix=\"far\" data-icon=\"chart-bar\" role=\"img\" xmlns=\"http:\/\/www.w3.org\/2000\/svg\" viewBox=\"0 0 512 512\" class=\"svg-inline--fa fa-chart-bar fa-w-16 fa-2x\"><path fill=\"currentColor\" d=\"M396.8 352h22.4c6.4 0 12.8-6.4 12.8-12.8V108.8c0-6.4-6.4-12.8-12.8-12.8h-22.4c-6.4 0-12.8 6.4-12.8 12.8v230.4c0 6.4 6.4 12.8 12.8 12.8zm-192 0h22.4c6.4 0 12.8-6.4 12.8-12.8V140.8c0-6.4-6.4-12.8-12.8-12.8h-22.4c-6.4 0-12.8 6.4-12.8 12.8v198.4c0 6.4 6.4 12.8 12.8 12.8zm96 0h22.4c6.4 0 12.8-6.4 12.8-12.8V204.8c0-6.4-6.4-12.8-12.8-12.8h-22.4c-6.4 0-12.8 6.4-12.8 12.8v134.4c0 6.4 6.4 12.8 12.8 12.8zM496 400H48V80c0-8.84-7.16-16-16-16H16C7.16 64 0 71.16 0 80v336c0 17.67 14.33 32 32 32h464c8.84 0 16-7.16 16-16v-16c0-8.84-7.16-16-16-16zm-387.2-48h22.4c6.4 0 12.8-6.4 12.8-12.8v-70.4c0-6.4-6.4-12.8-12.8-12.8h-22.4c-6.4 0-12.8 6.4-12.8 12.8v70.4c0 6.4 6.4 12.8 12.8 12.8z\" class=\"\"><\/path><\/svg><\/i> <img loading=\"lazy\" decoding=\"async\" width=\"16\" height=\"16\" alt=\"Loading\" src=\"https:\/\/temucotelevision.cl\/web\/wp-content\/plugins\/page-views-count\/ajax-loader-2x.gif\" border=0 \/><\/p><div class=\"pvc_clear\"><\/div>\n<p><em>La tercera edici\u00f3n de este evento musical se realizar\u00e1 este jueves 15 y viernes 16 de febrero a las 19:00 horas en el Teatro del Centro Cultural Liquen. Contar\u00e1 con la participaci\u00f3n de bandas como Simans Syndrome, Clarinet Marmalade y destacados artistas locales.&nbsp;<\/em><\/p>\n\n\n\n<p>Villarrica, 15 de febrero de 2024.- Diversos y destacados artistas se presentar\u00e1n este jueves 15 y viernes 16 de febrero en el marco del \u201cFestival Jazz del Sur &#8211; Villarrica\u201d, un punto de encuentro para m\u00fasicos y amantes de este g\u00e9nero, as\u00ed como tambi\u00e9n para quienes disfrutan de la escena cultural.&nbsp;<\/p>\n\n\n\n<p>Con una trayectoria de tres a\u00f1os, este festival se ha transformado en una experiencia de sonido y virtuosismo \u00fanica, a trav\u00e9s de la interpretaci\u00f3n de exponentes nacionales e internacionales. La cita es a las 19:00 horas en el Teatro del Centro Cultural Liquen, en el sector de Playa Pucar\u00e1.&nbsp;&nbsp;<\/p>\n\n\n\n<p>La edici\u00f3n 2024 contempla un homenaje a Ella Fitzgerald, apodada Lady Ella, la Reina del Jazz y la Primera Dama de la canci\u00f3n, quien dej\u00f3 huella en el mundo de la m\u00fasica siendo una de las cantantes m\u00e1s influyentes de la historia del g\u00e9nero. \u201cElla in Love\u201d es un show tributo protagonizado por dos de las m\u00e1s interesantes voces j\u00f3venes del jazz chileno, Claudia Arriagada y Elisa Lencina, quienes estar\u00e1n acompa\u00f1adas por grandes artistas locales en escena.<\/p>\n\n\n\n<p>A nivel internacional estar\u00e1n presentes destacadas bandas como Simans Syndrome, conjunto formado a inicios del 2023 que ya ha recorrido m\u00faltiples escenarios con otros proyectos del estilo, y Clarinet Marmalade, agrupaci\u00f3n que re\u00fane a tres generaciones de clarinetes en un ensamble sin precedentes en Chile. Con una combinaci\u00f3n \u00fanica de frescura y respeto por la tradici\u00f3n, Clarinet Marmalade revitaliza los cl\u00e1sicos del swing con arreglos innovadores.&nbsp;<\/p>\n\n\n\n<p>La escena local se har\u00e1 presente a trav\u00e9s de destacados artistas nacionales como Juan Pablo Salvo, quien comenz\u00f3 sus estudios musicales a los 9 a\u00f1os en la Escuela de M\u00fasica Enrique Soro, lugar donde tuvo su primer acercamiento con la trompeta, instrumento que con el pasar del tiempo se transformar\u00eda en su pasi\u00f3n. Poco despu\u00e9s integr\u00f3 la Conchal\u00ed Big Band, el semillero de m\u00fasicos de jazz m\u00e1s reconocido de Chile, encontrando all\u00ed su pasi\u00f3n por el g\u00e9nero y la m\u00fasica improvisada.<\/p>\n\n\n\n<p>La actividad es gratuita para todo p\u00fablico y es organizada por la Corporaci\u00f3n Cultural Municipal de Villarrica gracias al apoyo de Caja Los Andes, la Ilustre Municipalidad de Villarrica y Liquen Centro Cultural Municipal.<\/p>\n\n\n\n<figure class=\"wp-block-image size-large\"><img loading=\"lazy\" decoding=\"async\" width=\"819\" height=\"1024\" src=\"https:\/\/temucotelevision.cl\/web\/wp-content\/uploads\/2024\/02\/Afiche-Festival-Jazz-del-Sur-819x1024.jpg\" alt=\"\" class=\"wp-image-48055\" srcset=\"https:\/\/temucotelevision.cl\/web\/wp-content\/uploads\/2024\/02\/Afiche-Festival-Jazz-del-Sur-819x1024.jpg 819w, https:\/\/temucotelevision.cl\/web\/wp-content\/uploads\/2024\/02\/Afiche-Festival-Jazz-del-Sur-768x960.jpg 768w, https:\/\/temucotelevision.cl\/web\/wp-content\/uploads\/2024\/02\/Afiche-Festival-Jazz-del-Sur.jpg 1080w\" sizes=\"auto, (max-width: 819px) 100vw, 819px\" \/><\/figure>\n","protected":false},"excerpt":{"rendered":"<div class=\"pvc_clear\"><\/div>\n<p id=\"pvc_stats_48053\" class=\"pvc_stats total_only  \" data-element-id=\"48053\" style=\"\"><i class=\"pvc-stats-icon large\" aria-hidden=\"true\"><svg aria-hidden=\"true\" focusable=\"false\" data-prefix=\"far\" data-icon=\"chart-bar\" role=\"img\" xmlns=\"http:\/\/www.w3.org\/2000\/svg\" viewBox=\"0 0 512 512\" class=\"svg-inline--fa fa-chart-bar fa-w-16 fa-2x\"><path fill=\"currentColor\" d=\"M396.8 352h22.4c6.4 0 12.8-6.4 12.8-12.8V108.8c0-6.4-6.4-12.8-12.8-12.8h-22.4c-6.4 0-12.8 6.4-12.8 12.8v230.4c0 6.4 6.4 12.8 12.8 12.8zm-192 0h22.4c6.4 0 12.8-6.4 12.8-12.8V140.8c0-6.4-6.4-12.8-12.8-12.8h-22.4c-6.4 0-12.8 6.4-12.8 12.8v198.4c0 6.4 6.4 12.8 12.8 12.8zm96 0h22.4c6.4 0 12.8-6.4 12.8-12.8V204.8c0-6.4-6.4-12.8-12.8-12.8h-22.4c-6.4 0-12.8 6.4-12.8 12.8v134.4c0 6.4 6.4 12.8 12.8 12.8zM496 400H48V80c0-8.84-7.16-16-16-16H16C7.16 64 0 71.16 0 80v336c0 17.67 14.33 32 32 32h464c8.84 0 16-7.16 16-16v-16c0-8.84-7.16-16-16-16zm-387.2-48h22.4c6.4 0 12.8-6.4 12.8-12.8v-70.4c0-6.4-6.4-12.8-12.8-12.8h-22.4c-6.4 0-12.8 6.4-12.8 12.8v70.4c0 6.4 6.4 12.8 12.8 12.8z\" class=\"\"><\/path><\/svg><\/i> <img loading=\"lazy\" decoding=\"async\" width=\"16\" height=\"16\" alt=\"Loading\" src=\"https:\/\/temucotelevision.cl\/web\/wp-content\/plugins\/page-views-count\/ajax-loader-2x.gif\" border=0 \/><\/p>\n<div class=\"pvc_clear\"><\/div>\n<p>La tercera edici\u00f3n de este evento musical se realizar\u00e1 este jueves 15 y viernes 16 de febrero a las 19:00<\/p>\n","protected":false},"author":1,"featured_media":48054,"comment_status":"open","ping_status":"open","sticky":false,"template":"","format":"standard","meta":{"colormag_page_container_layout":"default_layout","colormag_page_sidebar_layout":"default_layout","footnotes":""},"categories":[86],"tags":[141,222],"class_list":["post-48053","post","type-post","status-publish","format-standard","has-post-thumbnail","hentry","category-panoramas","tag-festival","tag-jazz"],"a3_pvc":{"activated":true,"total_views":900,"today_views":0},"_links":{"self":[{"href":"https:\/\/temucotelevision.cl\/web\/wp-json\/wp\/v2\/posts\/48053","targetHints":{"allow":["GET"]}}],"collection":[{"href":"https:\/\/temucotelevision.cl\/web\/wp-json\/wp\/v2\/posts"}],"about":[{"href":"https:\/\/temucotelevision.cl\/web\/wp-json\/wp\/v2\/types\/post"}],"author":[{"embeddable":true,"href":"https:\/\/temucotelevision.cl\/web\/wp-json\/wp\/v2\/users\/1"}],"replies":[{"embeddable":true,"href":"https:\/\/temucotelevision.cl\/web\/wp-json\/wp\/v2\/comments?post=48053"}],"version-history":[{"count":1,"href":"https:\/\/temucotelevision.cl\/web\/wp-json\/wp\/v2\/posts\/48053\/revisions"}],"predecessor-version":[{"id":48056,"href":"https:\/\/temucotelevision.cl\/web\/wp-json\/wp\/v2\/posts\/48053\/revisions\/48056"}],"wp:featuredmedia":[{"embeddable":true,"href":"https:\/\/temucotelevision.cl\/web\/wp-json\/wp\/v2\/media\/48054"}],"wp:attachment":[{"href":"https:\/\/temucotelevision.cl\/web\/wp-json\/wp\/v2\/media?parent=48053"}],"wp:term":[{"taxonomy":"category","embeddable":true,"href":"https:\/\/temucotelevision.cl\/web\/wp-json\/wp\/v2\/categories?post=48053"},{"taxonomy":"post_tag","embeddable":true,"href":"https:\/\/temucotelevision.cl\/web\/wp-json\/wp\/v2\/tags?post=48053"}],"curies":[{"name":"wp","href":"https:\/\/api.w.org\/{rel}","templated":true}]}}