{"id":48042,"date":"2024-02-14T13:58:46","date_gmt":"2024-02-14T16:58:46","guid":{"rendered":"https:\/\/temucotelevision.cl\/web\/?p=48042"},"modified":"2024-02-14T13:58:47","modified_gmt":"2024-02-14T16:58:47","slug":"el-cantautor-nacional-zapla-presenta-su-nuevo-single-falling-un-intenso-viaje-a-la-etapa-mas-dificil-de-la-vida","status":"publish","type":"post","link":"https:\/\/temucotelevision.cl\/web\/2024\/02\/14\/el-cantautor-nacional-zapla-presenta-su-nuevo-single-falling-un-intenso-viaje-a-la-etapa-mas-dificil-de-la-vida\/","title":{"rendered":"El cantautor nacional ZAPLA presenta\u00a0su nuevo single &#8220;Falling&#8221; un intenso viaje a la etapa m\u00e1s dif\u00edcil de la vida"},"content":{"rendered":"<div class=\"pvc_clear\"><\/div><p id=\"pvc_stats_48042\" class=\"pvc_stats total_only  \" data-element-id=\"48042\" style=\"\"><i class=\"pvc-stats-icon large\" aria-hidden=\"true\"><svg aria-hidden=\"true\" focusable=\"false\" data-prefix=\"far\" data-icon=\"chart-bar\" role=\"img\" xmlns=\"http:\/\/www.w3.org\/2000\/svg\" viewBox=\"0 0 512 512\" class=\"svg-inline--fa fa-chart-bar fa-w-16 fa-2x\"><path fill=\"currentColor\" d=\"M396.8 352h22.4c6.4 0 12.8-6.4 12.8-12.8V108.8c0-6.4-6.4-12.8-12.8-12.8h-22.4c-6.4 0-12.8 6.4-12.8 12.8v230.4c0 6.4 6.4 12.8 12.8 12.8zm-192 0h22.4c6.4 0 12.8-6.4 12.8-12.8V140.8c0-6.4-6.4-12.8-12.8-12.8h-22.4c-6.4 0-12.8 6.4-12.8 12.8v198.4c0 6.4 6.4 12.8 12.8 12.8zm96 0h22.4c6.4 0 12.8-6.4 12.8-12.8V204.8c0-6.4-6.4-12.8-12.8-12.8h-22.4c-6.4 0-12.8 6.4-12.8 12.8v134.4c0 6.4 6.4 12.8 12.8 12.8zM496 400H48V80c0-8.84-7.16-16-16-16H16C7.16 64 0 71.16 0 80v336c0 17.67 14.33 32 32 32h464c8.84 0 16-7.16 16-16v-16c0-8.84-7.16-16-16-16zm-387.2-48h22.4c6.4 0 12.8-6.4 12.8-12.8v-70.4c0-6.4-6.4-12.8-12.8-12.8h-22.4c-6.4 0-12.8 6.4-12.8 12.8v70.4c0 6.4 6.4 12.8 12.8 12.8z\" class=\"\"><\/path><\/svg><\/i> <img loading=\"lazy\" decoding=\"async\" width=\"16\" height=\"16\" alt=\"Loading\" src=\"https:\/\/temucotelevision.cl\/web\/wp-content\/plugins\/page-views-count\/ajax-loader-2x.gif\" border=0 \/><\/p><div class=\"pvc_clear\"><\/div>\n<p class=\"has-medium-font-size\"><strong>En su deseo por liberarse de su momento m\u00e1s oscuro, el int\u00e9rprete nacional estrena su nuevo sencillo en el que fusiona el indie pop y el folk.<\/strong><\/p>\n\n\n\n<p><strong>La intranquilidad que conlleva el dolor, los pensamientos propios de la mente del depresivo, y el abrazar la idea de atentar contra la propia vida<\/strong>, son algunos de los temas que acoge el artista chileno en su m\u00e1s reciente trabajo discogr\u00e1fico, en el cual encapsula sus propias vivencias de la infancia, con el fin de reencontrarse\u00a0<strong>con su ni\u00f1o interior y dar vida a una propuesta musical suave, acogedora<\/strong>, y que invita a aceptar la tristeza como parte de nuestro camino.<\/p>\n\n\n\n<p><a href=\"https:\/\/open.spotify.com\/intl-es\/track\/0dyxnlDxQsBybSkc2Y22Jj?si=7a992fbca4f64829\" target=\"_blank\" rel=\"noreferrer noopener\"><strong>Falling<\/strong><\/a>\u00a0consta de un sencillo orientado a la<strong>\u00a0m\u00fasica Indie,<\/strong>\u00a0creado a partir del estilo propio pulido a trav\u00e9s de los a\u00f1os de experiencia del int\u00e9rprete, donde tanto la l\u00edrica como el ritmo narra la etapa donde sufri\u00f3 depresi\u00f3n cl\u00ednica, un momento de gran batalla en el cual paralelamente fue v\u00edctima de acoso escolar, haciendo de aquellos a\u00f1os un recuerdo de su lucha por sobrevivir.<\/p>\n\n\n\n<p>En un acto de superaci\u00f3n y aceptaci\u00f3n, nace este sencillo, donde recoge aquella<strong>\u00a0etapa intensa de su<\/strong>\u00a0<strong>vida, y la cristaliza mediante una instrumentalizaci\u00f3n, letra y sonoridad \u00fanica y v\u00edvida, propia del Indie Folk alternativo,<\/strong>\u00a0donde usan el espa\u00f1ol y el ingl\u00e9s para contar su historia y brindar esperanza a sus oyentes.<\/p>\n\n\n\n<p>La intensidad de la canci\u00f3n es acompa\u00f1ada con un\u00a0<strong>videoclip<\/strong>, donde\u00a0<strong>aquel sentimiento de querer avanzar y olvidar el ayer, es hecho realidad,<\/strong>\u00a0al mostrar a\u00a0<a href=\"https:\/\/www.instagram.com\/zapla_d?igsh=dGFqNGhuZ2NyOWs1\" target=\"_blank\" rel=\"noreferrer noopener\">Zapla<\/a>\u00a0queriendo conectarse consigo mismo de ni\u00f1o en un viaje on\u00edrico hacia el pasado, que le permite liberarse, y encontrar paz en reconocer su dolor como parte necesaria del crecimiento.<\/p>\n\n\n\n<p>El profesionalismo y talento de\u00a0<a href=\"https:\/\/www.instagram.com\/zapla_d?igsh=dGFqNGhuZ2NyOWs1\" target=\"_blank\" rel=\"noreferrer noopener\">Zapla<\/a>\u00a0est\u00e1 a la altura de la calidad de la composici\u00f3n de sus obras, ya que este sencillo siendo la primera canci\u00f3n que escribi\u00f3 y produjo de forma profesional, cont\u00f3 con el apoyo de un equipo de alto calibre, con\u00a0<strong>Cigarbox Man<\/strong>\u00a0como\u00a0<strong>co-productor, Nahuel Bronzini (ganador de dos<\/strong>\u00a0<strong>Grammy Awards) en la\u00a0producci\u00f3n musical\u00a0y mixer,\u00a0Andr\u00e9s Mayo (ganador de dos<\/strong>\u00a0<strong>Latin Grammys)\u00a0<\/strong>encargado de\u00a0<strong>masterizaci\u00f3n y postproducci\u00f3n,\u00a0<\/strong>todos siendo destacados y premiados dentro del mundo musical.<\/p>\n\n\n\n<p>Gracias al acercamiento desde la infancia del cantante hacia los instrumentos, y el refugio que encontr\u00f3 en ellos, fue que le permiti\u00f3 viajar por diferentes estilos musicales y participar en variados proyectos que lo condujo a publicar sus anteriores singles, como &#8220;<strong>C.O.N.I.&#8221;,\u00a0&#8220;Crecer En Estribillo&#8221;, &#8220;Already Gone&#8221; e &#8220;Is It Love?&#8221;.<\/strong><\/p>\n\n\n\n<p>Su prometedora carrera art\u00edstica se lucir\u00e1 este a\u00f1o, ya que para abril ser\u00e1 lanzado su primer\u00a0<strong>EP de 6 canciones<\/strong>, adem\u00e1s se vendr\u00e1n m\u00e1s colaboraciones con<strong>\u00a0Cigarbox Man\u00a0<\/strong>y otros artistas, y ya para finales de a\u00f1o ser\u00e1 el lanzamiento de sencillos del pr\u00f3ximo proyecto, un LP de<strong>\u00a08 canciones.<\/strong><\/p>\n\n\n\n<p>La canci\u00f3n fue producida y mezclada por\u00a0<strong>Nahuel Bronzini<\/strong>. Mientras que el destacado m\u00fasico nacional\u00a0<strong>Cigarbox Man\u00a0<\/strong>estuvo a cargo de la co-producci\u00f3n.<\/p>\n\n\n\n<p>Sigue a\u00a0<a href=\"https:\/\/www.instagram.com\/zapla_d?igsh=dGFqNGhuZ2NyOWs1\" target=\"_blank\" rel=\"noreferrer noopener\">Zapla<\/a>\u00a0en sus redes sociales y ent\u00e9rate de todas sus novedades:\u00a0<a href=\"https:\/\/www.facebook.com\/zapla.oficial?mibextid=ZbWKwL\" target=\"_blank\" rel=\"noreferrer noopener\">Facebook<\/a>\u00a0<a href=\"https:\/\/www.youtube.com\/@zapla_d\" target=\"_blank\" rel=\"noreferrer noopener\">Youtube<\/a>\u00a0<a href=\"https:\/\/www.instagram.com\/zapla_d?igsh=dGFqNGhuZ2NyOWs1\" target=\"_blank\" rel=\"noreferrer noopener\">Instagram<\/a>\u00a0<a href=\"https:\/\/open.spotify.com\/artist\/1S2knaaaRhMINkUwaHnLoN?si=mZnKZKu4S0Ccyw9bdDkmaw\" target=\"_blank\" rel=\"noreferrer noopener\">Spotify<\/a>\u00a0<a href=\"https:\/\/www.tiktok.com\/@zapla_d?_t=8j5sk8Kikzd&amp;_r=1\" target=\"_blank\" rel=\"noreferrer noopener\">Tiktok<\/a><\/p>\n\n\n\n<figure class=\"wp-block-embed is-type-video is-provider-youtube wp-block-embed-youtube wp-embed-aspect-16-9 wp-has-aspect-ratio\"><div class=\"wp-block-embed__wrapper\">\n<div class=\"epyt-video-wrapper\"><iframe loading=\"lazy\"  id=\"_ytid_10464\"  width=\"800\" height=\"450\"  data-origwidth=\"800\" data-origheight=\"450\" src=\"https:\/\/www.youtube.com\/embed\/s5T8hfLm4uQ?enablejsapi=1&#038;autoplay=0&#038;cc_load_policy=0&#038;cc_lang_pref=&#038;iv_load_policy=1&#038;loop=0&#038;rel=1&#038;fs=1&#038;playsinline=0&#038;autohide=2&#038;theme=dark&#038;color=red&#038;controls=1&#038;disablekb=0&#038;\" class=\"__youtube_prefs__  epyt-is-override  no-lazyload\" title=\"YouTube player\"  allow=\"fullscreen; accelerometer; autoplay; clipboard-write; encrypted-media; gyroscope; picture-in-picture; web-share\" referrerpolicy=\"strict-origin-when-cross-origin\" allowfullscreen data-no-lazy=\"1\" data-skipgform_ajax_framebjll=\"\"><\/iframe><\/div>\n<\/div><\/figure>\n\n\n\n<p><\/p>\n","protected":false},"excerpt":{"rendered":"<div class=\"pvc_clear\"><\/div>\n<p id=\"pvc_stats_48042\" class=\"pvc_stats total_only  \" data-element-id=\"48042\" style=\"\"><i class=\"pvc-stats-icon large\" aria-hidden=\"true\"><svg aria-hidden=\"true\" focusable=\"false\" data-prefix=\"far\" data-icon=\"chart-bar\" role=\"img\" xmlns=\"http:\/\/www.w3.org\/2000\/svg\" viewBox=\"0 0 512 512\" class=\"svg-inline--fa fa-chart-bar fa-w-16 fa-2x\"><path fill=\"currentColor\" d=\"M396.8 352h22.4c6.4 0 12.8-6.4 12.8-12.8V108.8c0-6.4-6.4-12.8-12.8-12.8h-22.4c-6.4 0-12.8 6.4-12.8 12.8v230.4c0 6.4 6.4 12.8 12.8 12.8zm-192 0h22.4c6.4 0 12.8-6.4 12.8-12.8V140.8c0-6.4-6.4-12.8-12.8-12.8h-22.4c-6.4 0-12.8 6.4-12.8 12.8v198.4c0 6.4 6.4 12.8 12.8 12.8zm96 0h22.4c6.4 0 12.8-6.4 12.8-12.8V204.8c0-6.4-6.4-12.8-12.8-12.8h-22.4c-6.4 0-12.8 6.4-12.8 12.8v134.4c0 6.4 6.4 12.8 12.8 12.8zM496 400H48V80c0-8.84-7.16-16-16-16H16C7.16 64 0 71.16 0 80v336c0 17.67 14.33 32 32 32h464c8.84 0 16-7.16 16-16v-16c0-8.84-7.16-16-16-16zm-387.2-48h22.4c6.4 0 12.8-6.4 12.8-12.8v-70.4c0-6.4-6.4-12.8-12.8-12.8h-22.4c-6.4 0-12.8 6.4-12.8 12.8v70.4c0 6.4 6.4 12.8 12.8 12.8z\" class=\"\"><\/path><\/svg><\/i> <img loading=\"lazy\" decoding=\"async\" width=\"16\" height=\"16\" alt=\"Loading\" src=\"https:\/\/temucotelevision.cl\/web\/wp-content\/plugins\/page-views-count\/ajax-loader-2x.gif\" border=0 \/><\/p>\n<div class=\"pvc_clear\"><\/div>\n<p>En su deseo por liberarse de su momento m\u00e1s oscuro, el int\u00e9rprete nacional estrena su nuevo sencillo en el que<\/p>\n","protected":false},"author":143,"featured_media":48043,"comment_status":"open","ping_status":"open","sticky":false,"template":"","format":"standard","meta":{"colormag_page_container_layout":"default_layout","colormag_page_sidebar_layout":"default_layout","footnotes":""},"categories":[369],"tags":[],"class_list":["post-48042","post","type-post","status-publish","format-standard","has-post-thumbnail","hentry","category-musica"],"a3_pvc":{"activated":true,"total_views":56,"today_views":0},"_links":{"self":[{"href":"https:\/\/temucotelevision.cl\/web\/wp-json\/wp\/v2\/posts\/48042","targetHints":{"allow":["GET"]}}],"collection":[{"href":"https:\/\/temucotelevision.cl\/web\/wp-json\/wp\/v2\/posts"}],"about":[{"href":"https:\/\/temucotelevision.cl\/web\/wp-json\/wp\/v2\/types\/post"}],"author":[{"embeddable":true,"href":"https:\/\/temucotelevision.cl\/web\/wp-json\/wp\/v2\/users\/143"}],"replies":[{"embeddable":true,"href":"https:\/\/temucotelevision.cl\/web\/wp-json\/wp\/v2\/comments?post=48042"}],"version-history":[{"count":1,"href":"https:\/\/temucotelevision.cl\/web\/wp-json\/wp\/v2\/posts\/48042\/revisions"}],"predecessor-version":[{"id":48044,"href":"https:\/\/temucotelevision.cl\/web\/wp-json\/wp\/v2\/posts\/48042\/revisions\/48044"}],"wp:featuredmedia":[{"embeddable":true,"href":"https:\/\/temucotelevision.cl\/web\/wp-json\/wp\/v2\/media\/48043"}],"wp:attachment":[{"href":"https:\/\/temucotelevision.cl\/web\/wp-json\/wp\/v2\/media?parent=48042"}],"wp:term":[{"taxonomy":"category","embeddable":true,"href":"https:\/\/temucotelevision.cl\/web\/wp-json\/wp\/v2\/categories?post=48042"},{"taxonomy":"post_tag","embeddable":true,"href":"https:\/\/temucotelevision.cl\/web\/wp-json\/wp\/v2\/tags?post=48042"}],"curies":[{"name":"wp","href":"https:\/\/api.w.org\/{rel}","templated":true}]}}