{"id":48016,"date":"2024-02-13T16:49:32","date_gmt":"2024-02-13T19:49:32","guid":{"rendered":"https:\/\/temucotelevision.cl\/web\/?p=48016"},"modified":"2024-02-14T11:11:23","modified_gmt":"2024-02-14T14:11:23","slug":"naturaleza-y-patrimonio-la-mezcla-que-fascino-a-los-asistentes-al-segundo-festival-de-aves-de-monkul-en-la-araucania","status":"publish","type":"post","link":"https:\/\/temucotelevision.cl\/web\/2024\/02\/13\/naturaleza-y-patrimonio-la-mezcla-que-fascino-a-los-asistentes-al-segundo-festival-de-aves-de-monkul-en-la-araucania\/","title":{"rendered":"Naturaleza y patrimonio, la mezcla que fascin\u00f3 a los asistentes al segundo Festival de Aves de Monk\u00fcl, en La Araucan\u00eda\u00a0"},"content":{"rendered":"<div class=\"pvc_clear\"><\/div><p id=\"pvc_stats_48016\" class=\"pvc_stats total_only  \" data-element-id=\"48016\" style=\"\"><i class=\"pvc-stats-icon large\" aria-hidden=\"true\"><svg aria-hidden=\"true\" focusable=\"false\" data-prefix=\"far\" data-icon=\"chart-bar\" role=\"img\" xmlns=\"http:\/\/www.w3.org\/2000\/svg\" viewBox=\"0 0 512 512\" class=\"svg-inline--fa fa-chart-bar fa-w-16 fa-2x\"><path fill=\"currentColor\" d=\"M396.8 352h22.4c6.4 0 12.8-6.4 12.8-12.8V108.8c0-6.4-6.4-12.8-12.8-12.8h-22.4c-6.4 0-12.8 6.4-12.8 12.8v230.4c0 6.4 6.4 12.8 12.8 12.8zm-192 0h22.4c6.4 0 12.8-6.4 12.8-12.8V140.8c0-6.4-6.4-12.8-12.8-12.8h-22.4c-6.4 0-12.8 6.4-12.8 12.8v198.4c0 6.4 6.4 12.8 12.8 12.8zm96 0h22.4c6.4 0 12.8-6.4 12.8-12.8V204.8c0-6.4-6.4-12.8-12.8-12.8h-22.4c-6.4 0-12.8 6.4-12.8 12.8v134.4c0 6.4 6.4 12.8 12.8 12.8zM496 400H48V80c0-8.84-7.16-16-16-16H16C7.16 64 0 71.16 0 80v336c0 17.67 14.33 32 32 32h464c8.84 0 16-7.16 16-16v-16c0-8.84-7.16-16-16-16zm-387.2-48h22.4c6.4 0 12.8-6.4 12.8-12.8v-70.4c0-6.4-6.4-12.8-12.8-12.8h-22.4c-6.4 0-12.8 6.4-12.8 12.8v70.4c0 6.4 6.4 12.8 12.8 12.8z\" class=\"\"><\/path><\/svg><\/i> <img loading=\"lazy\" decoding=\"async\" width=\"16\" height=\"16\" alt=\"Loading\" src=\"https:\/\/temucotelevision.cl\/web\/wp-content\/plugins\/page-views-count\/ajax-loader-2x.gif\" border=0 \/><\/p><div class=\"pvc_clear\"><\/div>\n<ul class=\"wp-block-list\">\n<li><em>La comunidad Mateo Nahuelp\u00e1n, en el marco de las acciones de la Ruta Tur\u00edstica Carahue Navegable, prepar\u00f3 esta actividad con el objeto realzar las bellezas naturales de este hermoso humedal en la desembocadura del r\u00edo Imperial.<\/em><\/li>\n<\/ul>\n\n\n\n<p>El D\u00eda de los Humedales se celebr\u00f3 en grande en el Humedal de Monk\u00fcl de Carahue, el primer sitio Ramsar declarado en la Regi\u00f3n de La Araucan\u00eda, como un lugar natural protegido con sello internacional.&nbsp; La comunidad Mateo Nahuelpan impuls\u00f3 el segundo Festival de las Aves, en este hermoso estuario de la costa en el que se unen los r\u00edos Monk\u00fcl e Imperial.<\/p>\n\n\n\n<p>Esta segunda versi\u00f3n del Festival de las Aves de Monk\u00fcl, los asistentes&nbsp; participaron de la observaci\u00f3n guiada de aves, &nbsp;de la feria de productos locales, recorridos en kayak, charlas informativas, actividades familiares, poes\u00eda y m\u00fasica en vivo.<\/p>\n\n\n\n<p>El festival busc\u00f3 comunicar sobre la importancia de los humedales, su fauna, flora y tradiciones lafkenches, pero en especial poner en valor las 87 especies de aves, presentes en el humedal, como el zarapito de pico recto o los pitotoy, grande y chico.<\/p>\n\n\n\n<p>\u201cHemos recibido un grupo muy motivado que desde temprano ya estuvo participando en las actividades de observaci\u00f3n de aves. Nos llena de mucha energ\u00eda y nos refuerza el hecho de que estamos haciendo una tarea muy necesaria y que la ciudadan\u00eda necesita entonces abrir estos espacios para compartir en torno a las aves, la cultura y la conservaci\u00f3n\u201d destac\u00f3 Estela Nahuelp\u00e1n, presidenta de la comunidad Mateo Nahuelp\u00e1n.<\/p>\n\n\n\n<p>Esta actividad se enmarca en las acciones relacionadas con la Ruta fluvial Carahue Navegable, que impulsa el Obispado de Temuco, la Municipalidad de Carahue, emprendedores locales y CMPC.&nbsp; \u201cPara nosotros es muy importante la vinculaci\u00f3n con el territorio, es uno de los ejes principales que tiene CMPC poder tener buenas relaciones con todos los vecinos que se encuentran, en este caso, en la Comuna de Carahue. Hacemos un llamado a visitar no solo el sector de Monk\u00fcl y Nehuentue, sino que a los distintos emprendimientos que pertenecen a la Ruta fluvial Carahue Navegable\u201d, se\u00f1al\u00f3 Javiera Vega, Gestora de Relacionamiento Comunitario del \u00e1rea Carahue de CMPC.<\/p>\n\n\n\n<p>Durante todo el d\u00eda se sucedieron las actividades que dejaron una muy buena impresi\u00f3n entre los visitantes. Eduardo Leal del sector, Nehuentue, se alegr\u00f3 mucho de haber participado. \u201cVinimos a este Festival de las Aves, organizado por la comunidad Mateo Nahuelp\u00e1n, humedal Monk\u00fcl, que es un lugar precioso, primera vez que recorro este lugar en kayak y fue una experiencia muy hermosa. Avistamos muchas aves migratorias, aves locales, tuve la oportunidad de recorrer los canales, entonces fue una experiencia muy linda, recorrimos aproximadamente 7 kil\u00f3metros en una hora\u201d, destac\u00f3 el visitante.<\/p>\n\n\n\n<p>\u201cEs muy importante que existan ese tipo de iniciativas porque empoderan a las comunidades y hacen que exista ese amor propio. Para visitantes como yo, ha sido super bonito conocer la historia, conocer la comunidad, conocer su fauna, su flora. Es s\u00faper importante este tipo de actividades, pues se comunica la ciencia y el patrimonio natural\u201d indic\u00f3 Viviana Reyes, colombiana que estudia su doctorado en la Universidad de Concepci\u00f3n.<\/p>\n\n\n\n<p>Aylen Nahuelp\u00e1n, es una de las impulsoras del Festival de las Aves en Monkul. Para ella la motivaci\u00f3n es s\u00faper clara, en defensa del humedal. \u201cNos estimula mucho que la gente valore la importancia de los humedales. Tambi\u00e9n que conozca sobre la flora y fauna, porque si la conocen, pueden ayudar a protegerla y respetarla. Fue un recorrido con harto esfuerzo, hab\u00eda mucho viento, algunos se bajaron del kayak a empujarlo, pero todos motivados e impresionados con lo con lo que es el humedal y la historia de Monk\u00fcl\u201d, destac\u00f3 Aylen.<\/p>\n\n\n\n<figure class=\"wp-block-image size-large\"><img loading=\"lazy\" decoding=\"async\" width=\"1024\" height=\"576\" src=\"https:\/\/temucotelevision.cl\/web\/wp-content\/uploads\/2024\/02\/Fotografia_46-1024x576.jpg\" alt=\"\" class=\"wp-image-48018\" srcset=\"https:\/\/temucotelevision.cl\/web\/wp-content\/uploads\/2024\/02\/Fotografia_46-1024x576.jpg 1024w, https:\/\/temucotelevision.cl\/web\/wp-content\/uploads\/2024\/02\/Fotografia_46-768x432.jpg 768w, https:\/\/temucotelevision.cl\/web\/wp-content\/uploads\/2024\/02\/Fotografia_46-1536x864.jpg 1536w, https:\/\/temucotelevision.cl\/web\/wp-content\/uploads\/2024\/02\/Fotografia_46.jpg 2000w\" sizes=\"auto, (max-width: 1024px) 100vw, 1024px\" \/><\/figure>\n\n\n\n<p><br><br><\/p>\n","protected":false},"excerpt":{"rendered":"<div class=\"pvc_clear\"><\/div>\n<p id=\"pvc_stats_48016\" class=\"pvc_stats total_only  \" data-element-id=\"48016\" style=\"\"><i class=\"pvc-stats-icon large\" aria-hidden=\"true\"><svg aria-hidden=\"true\" focusable=\"false\" data-prefix=\"far\" data-icon=\"chart-bar\" role=\"img\" xmlns=\"http:\/\/www.w3.org\/2000\/svg\" viewBox=\"0 0 512 512\" class=\"svg-inline--fa fa-chart-bar fa-w-16 fa-2x\"><path fill=\"currentColor\" d=\"M396.8 352h22.4c6.4 0 12.8-6.4 12.8-12.8V108.8c0-6.4-6.4-12.8-12.8-12.8h-22.4c-6.4 0-12.8 6.4-12.8 12.8v230.4c0 6.4 6.4 12.8 12.8 12.8zm-192 0h22.4c6.4 0 12.8-6.4 12.8-12.8V140.8c0-6.4-6.4-12.8-12.8-12.8h-22.4c-6.4 0-12.8 6.4-12.8 12.8v198.4c0 6.4 6.4 12.8 12.8 12.8zm96 0h22.4c6.4 0 12.8-6.4 12.8-12.8V204.8c0-6.4-6.4-12.8-12.8-12.8h-22.4c-6.4 0-12.8 6.4-12.8 12.8v134.4c0 6.4 6.4 12.8 12.8 12.8zM496 400H48V80c0-8.84-7.16-16-16-16H16C7.16 64 0 71.16 0 80v336c0 17.67 14.33 32 32 32h464c8.84 0 16-7.16 16-16v-16c0-8.84-7.16-16-16-16zm-387.2-48h22.4c6.4 0 12.8-6.4 12.8-12.8v-70.4c0-6.4-6.4-12.8-12.8-12.8h-22.4c-6.4 0-12.8 6.4-12.8 12.8v70.4c0 6.4 6.4 12.8 12.8 12.8z\" class=\"\"><\/path><\/svg><\/i> <img loading=\"lazy\" decoding=\"async\" width=\"16\" height=\"16\" alt=\"Loading\" src=\"https:\/\/temucotelevision.cl\/web\/wp-content\/plugins\/page-views-count\/ajax-loader-2x.gif\" border=0 \/><\/p>\n<div class=\"pvc_clear\"><\/div>\n<p>El D\u00eda de los Humedales se celebr\u00f3 en grande en el Humedal de Monk\u00fcl de Carahue, el primer sitio Ramsar<\/p>\n","protected":false},"author":1,"featured_media":48017,"comment_status":"open","ping_status":"open","sticky":false,"template":"","format":"standard","meta":{"colormag_page_container_layout":"default_layout","colormag_page_sidebar_layout":"default_layout","footnotes":""},"categories":[15],"tags":[3997,141,652,1445],"class_list":["post-48016","post","type-post","status-publish","format-standard","has-post-thumbnail","hentry","category-la-araucania","tag-aves","tag-festival","tag-naturaleza","tag-patrimonio"],"a3_pvc":{"activated":true,"total_views":2584,"today_views":0},"_links":{"self":[{"href":"https:\/\/temucotelevision.cl\/web\/wp-json\/wp\/v2\/posts\/48016","targetHints":{"allow":["GET"]}}],"collection":[{"href":"https:\/\/temucotelevision.cl\/web\/wp-json\/wp\/v2\/posts"}],"about":[{"href":"https:\/\/temucotelevision.cl\/web\/wp-json\/wp\/v2\/types\/post"}],"author":[{"embeddable":true,"href":"https:\/\/temucotelevision.cl\/web\/wp-json\/wp\/v2\/users\/1"}],"replies":[{"embeddable":true,"href":"https:\/\/temucotelevision.cl\/web\/wp-json\/wp\/v2\/comments?post=48016"}],"version-history":[{"count":1,"href":"https:\/\/temucotelevision.cl\/web\/wp-json\/wp\/v2\/posts\/48016\/revisions"}],"predecessor-version":[{"id":48019,"href":"https:\/\/temucotelevision.cl\/web\/wp-json\/wp\/v2\/posts\/48016\/revisions\/48019"}],"wp:featuredmedia":[{"embeddable":true,"href":"https:\/\/temucotelevision.cl\/web\/wp-json\/wp\/v2\/media\/48017"}],"wp:attachment":[{"href":"https:\/\/temucotelevision.cl\/web\/wp-json\/wp\/v2\/media?parent=48016"}],"wp:term":[{"taxonomy":"category","embeddable":true,"href":"https:\/\/temucotelevision.cl\/web\/wp-json\/wp\/v2\/categories?post=48016"},{"taxonomy":"post_tag","embeddable":true,"href":"https:\/\/temucotelevision.cl\/web\/wp-json\/wp\/v2\/tags?post=48016"}],"curies":[{"name":"wp","href":"https:\/\/api.w.org\/{rel}","templated":true}]}}