{"id":48009,"date":"2024-02-13T16:18:09","date_gmt":"2024-02-13T19:18:09","guid":{"rendered":"https:\/\/temucotelevision.cl\/web\/?p=48009"},"modified":"2024-02-13T16:22:33","modified_gmt":"2024-02-13T19:22:33","slug":"primeras-imagenes-satelitales-de-la-nasa-revelan-la-magnitud-y-severidad-de-los-incendios-de-valparaiso","status":"publish","type":"post","link":"https:\/\/temucotelevision.cl\/web\/2024\/02\/13\/primeras-imagenes-satelitales-de-la-nasa-revelan-la-magnitud-y-severidad-de-los-incendios-de-valparaiso\/","title":{"rendered":"Primeras im\u00e1genes satelitales de la NASA revelan la magnitud y severidad de los incendios de Valpara\u00edso"},"content":{"rendered":"<div class=\"pvc_clear\"><\/div><p id=\"pvc_stats_48009\" class=\"pvc_stats total_only  \" data-element-id=\"48009\" style=\"\"><i class=\"pvc-stats-icon large\" aria-hidden=\"true\"><svg aria-hidden=\"true\" focusable=\"false\" data-prefix=\"far\" data-icon=\"chart-bar\" role=\"img\" xmlns=\"http:\/\/www.w3.org\/2000\/svg\" viewBox=\"0 0 512 512\" class=\"svg-inline--fa fa-chart-bar fa-w-16 fa-2x\"><path fill=\"currentColor\" d=\"M396.8 352h22.4c6.4 0 12.8-6.4 12.8-12.8V108.8c0-6.4-6.4-12.8-12.8-12.8h-22.4c-6.4 0-12.8 6.4-12.8 12.8v230.4c0 6.4 6.4 12.8 12.8 12.8zm-192 0h22.4c6.4 0 12.8-6.4 12.8-12.8V140.8c0-6.4-6.4-12.8-12.8-12.8h-22.4c-6.4 0-12.8 6.4-12.8 12.8v198.4c0 6.4 6.4 12.8 12.8 12.8zm96 0h22.4c6.4 0 12.8-6.4 12.8-12.8V204.8c0-6.4-6.4-12.8-12.8-12.8h-22.4c-6.4 0-12.8 6.4-12.8 12.8v134.4c0 6.4 6.4 12.8 12.8 12.8zM496 400H48V80c0-8.84-7.16-16-16-16H16C7.16 64 0 71.16 0 80v336c0 17.67 14.33 32 32 32h464c8.84 0 16-7.16 16-16v-16c0-8.84-7.16-16-16-16zm-387.2-48h22.4c6.4 0 12.8-6.4 12.8-12.8v-70.4c0-6.4-6.4-12.8-12.8-12.8h-22.4c-6.4 0-12.8 6.4-12.8 12.8v70.4c0 6.4 6.4 12.8 12.8 12.8z\" class=\"\"><\/path><\/svg><\/i> <img loading=\"lazy\" decoding=\"async\" width=\"16\" height=\"16\" alt=\"Loading\" src=\"https:\/\/temucotelevision.cl\/web\/wp-content\/plugins\/page-views-count\/ajax-loader-2x.gif\" border=0 \/><\/p><div class=\"pvc_clear\"><\/div>\n<p><em>\u00b7Acad\u00e9micos de la Pontificia Universidad Cat\u00f3lica de Valpara\u00edso realizaron un informe sobre el comportamiento del siniestro a trav\u00e9s de las capturas realizadas por los sat\u00e9lites Sentinel 3 y Landsat.<\/em><\/p>\n\n\n\n<p>\u00b7El equipo del&nbsp;Laboratorio de Geo-informaci\u00f3n y Percepci\u00f3n Remota&nbsp;de la Universidad concluy\u00f3 que el Lago Pe\u00f1uelas actu\u00f3 como un corta fuego natural para detener el avance de las llamas desde su origen, cerca de la Ruta 68, hacia Valpara\u00edso.<\/p>\n\n\n\n<p>A partir del an\u00e1lisis de las \u00faltimas im\u00e1genes satelitales multiespectrales proporcionadas por la Agencia Espacial de Estados Unidos (NASA) y la Agencia Europea Espacial (ESA), un grupo de acad\u00e9micos e investigadores del Laboratorio de Geo-informaci\u00f3n y Percepci\u00f3n Remota del Instituto de Geograf\u00eda de la Pontificia Universidad Cat\u00f3lica de Valpara\u00edso elaboraron un mapa del incendio y zonas afectadas para entender c\u00f3mo fue el comportamiento del siniestro, su avance y condiciones geogr\u00e1ficas. &nbsp;<\/p>\n\n\n\n<p>El reporte indica que era inevitable que el incendio, que inici\u00f3 como forestal, terminara afectando los asentamientos urbanos colindantes, tambi\u00e9n&nbsp;que las condiciones meteorol\u00f3gicas fueron propicias para gatillar un mega incendio, que la irregularidad topogr\u00e1fica de la zona convirti\u00f3 al fuego en eruptivo y que el Lago Pe\u00f1uelas actu\u00f3 como un cortafuego natural para detener el avance desde su origen cerca de la Ruta 68 hacia Valpara\u00edso.<\/p>\n\n\n\n<p>El trabajo fue desarrollado por el director del Laboratorio de Geo-informaci\u00f3n y Percepci\u00f3n Remota de la PUCV, Roberto Ch\u00e1vez, junto a los investigadores Mat\u00edas P\u00e9rez, Sebasti\u00e1n Fuentes y Gabriel Castro. Tambi\u00e9n participaron en la elaboraci\u00f3n el acad\u00e9mico del Instituto de Geograf\u00eda PUCV Luis \u00c1lvarez y el profesor de la Universidad de Chile, Miguel Castillo, quien es parte del Laboratorio de Ingenier\u00eda de Incendios Forestales de la casa de estudios. Los cient\u00edficos realizaron la evaluaci\u00f3n del \u00e1rea quemada y severidad del incendio mediante una t\u00e9cnica de an\u00e1lisis satelital que arroja \u00edndices precisos mediante la comparaci\u00f3n de una imagen previa al incendio y una posterior.<\/p>\n\n\n\n<p>La primera imagen satelital fue tomada por el sat\u00e9lite Sentinel 3 de la ESA el d\u00eda 3 de febrero de 2024 a las 11:33 hora local, la cual se encuentra completamente libre de nubes, lo que permite observar los m\u00faltiples focos activos y plumas de humo proyect\u00e1ndose hacia el norte. La imagen corresponde, en t\u00e9rminos cient\u00edficos, a una visualizaci\u00f3n denominada \u201ccicatriz del incendio\u201d o \u201cfire scar\u201d usando la combinaci\u00f3n de bandas espectrales SWIR, NIR y Red de la imagen multiespectral, las cuales, explic\u00f3 Roberto Chavez, \u201cson capturas multiespectrales de cierta informaci\u00f3n o im\u00e1genes m\u00e1s all\u00e1 del espectro visible, que es lo que capturar\u00edan nuestros ojos si estuvi\u00e9semos arriba de un avi\u00f3n. Estas im\u00e1genes tienen bandas visibles (roja, verde y azul), pero adem\u00e1s tienen otras partes del espectro electromagn\u00e9tico que nuestros ojos no pueden percibir\u201d.<\/p>\n\n\n\n<p>Por otro lado, la imagen libre de nubes estuvo disponible en forma previa al incendio, el d\u00eda 20 de diciembre de 2023, mientras que la captura posterior al incendio corresponde al 5 de febrero de 2024, fecha en la que ya se hab\u00eda controlado parcialmente la emergencia, quedando activos algunos vectores de avance menores. Aquellos registros fueron captados por sat\u00e9lites Landsat, que toman im\u00e1genes cada 16 d\u00edas.<\/p>\n\n\n\n<p>Los cient\u00edficos calcularon el \u00edndice normalizado de \u00e1rea quemada (NBR) para las im\u00e1genes previa y posterior al incendio, para luego y mediante la resta o diferencia entre ambas (dNBR), estimar la severidad del incendio en t\u00e9rminos de cobertura vegetal quemada. De acuerdo con esta matem\u00e1tica, el \u00e1rea afectada alcanza las 9.429 hect\u00e1reas, lo que considera zonas de baja, media y alta severidad.<\/p>\n\n\n\n<p>\u201cLas estimaciones de severidad dependen de los criterios biof\u00edsicos de la zona, esto quiere decir que son patrones, hay elementos que aparecen y desaparecen en el territorio y que son capturados por las bandas espectrales del sat\u00e9lite, esto es el combustible que se encuentra a nivel territorial que es b\u00e1sicamente vegetaci\u00f3n, pasto seco, arbustos, \u00e1rboles, plantaciones forestales y la madera, que tambi\u00e9n est\u00e1 en las casas que fueron afectadas despu\u00e9s&#8221;, puntualiz\u00f3 Ch\u00e1vez.<\/p>\n\n\n\n<p>\u00b7&nbsp;&nbsp;&nbsp;&nbsp;&nbsp;&nbsp;&nbsp;&nbsp;Informe<\/p>\n\n\n\n<p>Mediante el c\u00e1lculo se observaron los primeros hechos de la cat\u00e1strofe. \u201cEl sector donde se inici\u00f3 el incendio (sector La Engorda en Las Tablas) la severidad es baja-media, pero en la medida que el fuego se proyect\u00f3 hacia estructuras abisales (quebradas y barrancos), el nivel de severidad aument\u00f3. En este primer tramo de avance, la vegetaci\u00f3n principal afectada por el fuego correspondi\u00f3 a mosaicos adultos de Eucalyptus globulus y matorrales semidensos entremezclados con otras especies arboladas, entre ellas aromo y remanentes de pino insigne. Todas estas formaciones presentan alto poder de encendido e inflamabilidad, acentuado adem\u00e1s por la baja humedad del combustible fino en el piso de la hojarasca, pastizales y manto org\u00e1nico\u201d, dice el informe.<\/p>\n\n\n\n<p>En esta topograf\u00eda abrupta, el incendio gana envergadura y avanza hacia sectores poblados. \u201cEn este trayecto, y tras superar la Reserva Lago Pe\u00f1uelas en su avance hacia el norte, el fuego se encuentra con una cadena de cerros dominada por palmares adultos y mezclas de matorral en las partes altas y remanentes de bosques en fondo de quebradas. En efecto, al observar las franjas rojas (de mayor severidad) proyectadas al eje del estero de Vi\u00f1a del Mar, fue posible identificar las quebradas de El Quite\u00f1o, El Salto, y Marga Marga, donde el fuego adquiri\u00f3 un comportamiento extremo debido al abastecimiento de ox\u00edgeno producto de la inclinaci\u00f3n de las llamas en pendiente, y direcci\u00f3n a favor del viento que, en el desarrollo inicial de la emergencia, tuvo un vector de propagaci\u00f3n desde el Suroeste hacia el Norte-Noreste. Algo similar ocurri\u00f3 en las quebradas de las laderas sur de la cuenca del Estero de Vi\u00f1a del Mar y tambi\u00e9n en el foco en el sector El Rinc\u00f3n de Villa Alemana\u201d, indica el trabajo realizado en la PUCV.<\/p>\n\n\n\n<p>El grupo de cient\u00edficos lleg\u00f3 a una serie de conclusiones preocupantes para la Regi\u00f3n de Valpara\u00edso, entre ellas, la aseveraci\u00f3n del acad\u00e9mico Luis \u00c1lvarez, quien explica en el informe que \u201ctodo megaincendio que parte siendo forestal termina como estructural porque cualquier foco del&nbsp; arco perif\u00e9rico del Gran Valpara\u00edso irremediablemente se proyecta a la ciudad\u201d, as\u00ed tambi\u00e9n el profesor asegura que \u201clas periferias suburbanas y las condiciones de ruralidad, respecto de sus usos en el arco circundante al sur del \u00e1rea es una vulnerabilidad que debe ser atendida de extremo a extremo porque all\u00ed se incuba y proyecta el fuego como riesgo debido al deterioro y abandono de plantaciones sobre todo de eucaliptos fuertemente combustibles. Los propietarios est\u00e1n ausentes por falta de oportunidad porque el suelo es superfluo, un lugar que no se cuida se quema por negligencias, accidentes o piroman\u00eda. En este caso el foco principal se inici\u00f3 en Las Tablas o Camino Viejo a Santiago que se encuentra en estado de abandono, es un lugar de vertidos y basuras clandestinas\u201d.<\/p>\n\n\n\n<p>Finalmente, el investigador recalc\u00f3 que la finalidad del informe es explicar desde la objetividad de la ciencia las variables que pueden provocar incendios, \u201cla proyecci\u00f3n del fuego y la condici\u00f3n eruptiva responden al desarrollo del informe, hay explicaciones para los habitantes que se deben acoger al conocimiento, una ciudad m\u00e1s educada tambi\u00e9n es una ciudad m\u00e1s segura&#8221;.<\/p>\n\n\n\n<figure class=\"wp-block-image size-large\"><img loading=\"lazy\" decoding=\"async\" width=\"639\" height=\"1024\" src=\"https:\/\/temucotelevision.cl\/web\/wp-content\/uploads\/2024\/02\/Fig02-1-639x1024.png\" alt=\"\" class=\"wp-image-48012\" srcset=\"https:\/\/temucotelevision.cl\/web\/wp-content\/uploads\/2024\/02\/Fig02-1-639x1024.png 639w, https:\/\/temucotelevision.cl\/web\/wp-content\/uploads\/2024\/02\/Fig02-1-768x1230.png 768w, https:\/\/temucotelevision.cl\/web\/wp-content\/uploads\/2024\/02\/Fig02-1-959x1536.png 959w, https:\/\/temucotelevision.cl\/web\/wp-content\/uploads\/2024\/02\/Fig02-1-1278x2048.png 1278w, https:\/\/temucotelevision.cl\/web\/wp-content\/uploads\/2024\/02\/Fig02-1.png 1299w\" sizes=\"auto, (max-width: 639px) 100vw, 639px\" \/><\/figure>\n","protected":false},"excerpt":{"rendered":"<div class=\"pvc_clear\"><\/div>\n<p id=\"pvc_stats_48009\" class=\"pvc_stats total_only  \" data-element-id=\"48009\" style=\"\"><i class=\"pvc-stats-icon large\" aria-hidden=\"true\"><svg aria-hidden=\"true\" focusable=\"false\" data-prefix=\"far\" data-icon=\"chart-bar\" role=\"img\" xmlns=\"http:\/\/www.w3.org\/2000\/svg\" viewBox=\"0 0 512 512\" class=\"svg-inline--fa fa-chart-bar fa-w-16 fa-2x\"><path fill=\"currentColor\" d=\"M396.8 352h22.4c6.4 0 12.8-6.4 12.8-12.8V108.8c0-6.4-6.4-12.8-12.8-12.8h-22.4c-6.4 0-12.8 6.4-12.8 12.8v230.4c0 6.4 6.4 12.8 12.8 12.8zm-192 0h22.4c6.4 0 12.8-6.4 12.8-12.8V140.8c0-6.4-6.4-12.8-12.8-12.8h-22.4c-6.4 0-12.8 6.4-12.8 12.8v198.4c0 6.4 6.4 12.8 12.8 12.8zm96 0h22.4c6.4 0 12.8-6.4 12.8-12.8V204.8c0-6.4-6.4-12.8-12.8-12.8h-22.4c-6.4 0-12.8 6.4-12.8 12.8v134.4c0 6.4 6.4 12.8 12.8 12.8zM496 400H48V80c0-8.84-7.16-16-16-16H16C7.16 64 0 71.16 0 80v336c0 17.67 14.33 32 32 32h464c8.84 0 16-7.16 16-16v-16c0-8.84-7.16-16-16-16zm-387.2-48h22.4c6.4 0 12.8-6.4 12.8-12.8v-70.4c0-6.4-6.4-12.8-12.8-12.8h-22.4c-6.4 0-12.8 6.4-12.8 12.8v70.4c0 6.4 6.4 12.8 12.8 12.8z\" class=\"\"><\/path><\/svg><\/i> <img loading=\"lazy\" decoding=\"async\" width=\"16\" height=\"16\" alt=\"Loading\" src=\"https:\/\/temucotelevision.cl\/web\/wp-content\/plugins\/page-views-count\/ajax-loader-2x.gif\" border=0 \/><\/p>\n<div class=\"pvc_clear\"><\/div>\n<p>\u00b7Acad\u00e9micos de la Pontificia Universidad Cat\u00f3lica de Valpara\u00edso realizaron un informe sobre el comportamiento del siniestro a trav\u00e9s de las<\/p>\n","protected":false},"author":1,"featured_media":48015,"comment_status":"open","ping_status":"open","sticky":false,"template":"","format":"standard","meta":{"colormag_page_container_layout":"default_layout","colormag_page_sidebar_layout":"default_layout","footnotes":""},"categories":[18,14],"tags":[447,266,3294,6931],"class_list":["post-48009","post","type-post","status-publish","format-standard","has-post-thumbnail","hentry","category-nacional","category-temuco","tag-imagenes","tag-incendios","tag-nasa","tag-satelitales"],"a3_pvc":{"activated":true,"total_views":8124,"today_views":0},"_links":{"self":[{"href":"https:\/\/temucotelevision.cl\/web\/wp-json\/wp\/v2\/posts\/48009","targetHints":{"allow":["GET"]}}],"collection":[{"href":"https:\/\/temucotelevision.cl\/web\/wp-json\/wp\/v2\/posts"}],"about":[{"href":"https:\/\/temucotelevision.cl\/web\/wp-json\/wp\/v2\/types\/post"}],"author":[{"embeddable":true,"href":"https:\/\/temucotelevision.cl\/web\/wp-json\/wp\/v2\/users\/1"}],"replies":[{"embeddable":true,"href":"https:\/\/temucotelevision.cl\/web\/wp-json\/wp\/v2\/comments?post=48009"}],"version-history":[{"count":2,"href":"https:\/\/temucotelevision.cl\/web\/wp-json\/wp\/v2\/posts\/48009\/revisions"}],"predecessor-version":[{"id":48013,"href":"https:\/\/temucotelevision.cl\/web\/wp-json\/wp\/v2\/posts\/48009\/revisions\/48013"}],"wp:featuredmedia":[{"embeddable":true,"href":"https:\/\/temucotelevision.cl\/web\/wp-json\/wp\/v2\/media\/48015"}],"wp:attachment":[{"href":"https:\/\/temucotelevision.cl\/web\/wp-json\/wp\/v2\/media?parent=48009"}],"wp:term":[{"taxonomy":"category","embeddable":true,"href":"https:\/\/temucotelevision.cl\/web\/wp-json\/wp\/v2\/categories?post=48009"},{"taxonomy":"post_tag","embeddable":true,"href":"https:\/\/temucotelevision.cl\/web\/wp-json\/wp\/v2\/tags?post=48009"}],"curies":[{"name":"wp","href":"https:\/\/api.w.org\/{rel}","templated":true}]}}