{"id":47922,"date":"2024-02-07T15:44:46","date_gmt":"2024-02-07T18:44:46","guid":{"rendered":"https:\/\/temucotelevision.cl\/web\/?p=47922"},"modified":"2024-02-07T15:46:43","modified_gmt":"2024-02-07T18:46:43","slug":"pdi-detiene-a-hombre-intentandoingresar-drogas-al-centro-penitenciariode-villarrica-al-interior-de-panes","status":"publish","type":"post","link":"https:\/\/temucotelevision.cl\/web\/2024\/02\/07\/pdi-detiene-a-hombre-intentandoingresar-drogas-al-centro-penitenciariode-villarrica-al-interior-de-panes\/","title":{"rendered":"PDI detiene a hombre intentando ingresar drogas al Centro Penitenciariode Villarrica al interior de panes"},"content":{"rendered":"<div class=\"pvc_clear\"><\/div><p id=\"pvc_stats_47922\" class=\"pvc_stats total_only  \" data-element-id=\"47922\" style=\"\"><i class=\"pvc-stats-icon large\" aria-hidden=\"true\"><svg aria-hidden=\"true\" focusable=\"false\" data-prefix=\"far\" data-icon=\"chart-bar\" role=\"img\" xmlns=\"http:\/\/www.w3.org\/2000\/svg\" viewBox=\"0 0 512 512\" class=\"svg-inline--fa fa-chart-bar fa-w-16 fa-2x\"><path fill=\"currentColor\" d=\"M396.8 352h22.4c6.4 0 12.8-6.4 12.8-12.8V108.8c0-6.4-6.4-12.8-12.8-12.8h-22.4c-6.4 0-12.8 6.4-12.8 12.8v230.4c0 6.4 6.4 12.8 12.8 12.8zm-192 0h22.4c6.4 0 12.8-6.4 12.8-12.8V140.8c0-6.4-6.4-12.8-12.8-12.8h-22.4c-6.4 0-12.8 6.4-12.8 12.8v198.4c0 6.4 6.4 12.8 12.8 12.8zm96 0h22.4c6.4 0 12.8-6.4 12.8-12.8V204.8c0-6.4-6.4-12.8-12.8-12.8h-22.4c-6.4 0-12.8 6.4-12.8 12.8v134.4c0 6.4 6.4 12.8 12.8 12.8zM496 400H48V80c0-8.84-7.16-16-16-16H16C7.16 64 0 71.16 0 80v336c0 17.67 14.33 32 32 32h464c8.84 0 16-7.16 16-16v-16c0-8.84-7.16-16-16-16zm-387.2-48h22.4c6.4 0 12.8-6.4 12.8-12.8v-70.4c0-6.4-6.4-12.8-12.8-12.8h-22.4c-6.4 0-12.8 6.4-12.8 12.8v70.4c0 6.4 6.4 12.8 12.8 12.8z\" class=\"\"><\/path><\/svg><\/i> <img loading=\"lazy\" decoding=\"async\" width=\"16\" height=\"16\" alt=\"Loading\" src=\"https:\/\/temucotelevision.cl\/web\/wp-content\/plugins\/page-views-count\/ajax-loader-2x.gif\" border=0 \/><\/p><div class=\"pvc_clear\"><\/div>\n<p>El&nbsp;equipo&nbsp;Microtr\u00e1fico Cero (MT-0)&nbsp;de la&nbsp;Brigada de Investigaci\u00f3n Criminal (Bicrim) Villarrica,&nbsp;detuvo&nbsp;a&nbsp;unhombre&nbsp;-mayor de edad,&nbsp;sin antecedentes policiales- por el delito flagrante de&nbsp;tr\u00e1fico de drogas en peque\u00f1as cantidades, al ser sorprendido&nbsp;tratando de ingresar droga al Centro de Detenci\u00f3n Preventiva (CDP) de la ciudad, al interior de&nbsp;panes&nbsp;que conten\u00edan&nbsp;envoltorios contenedores de&nbsp;cannabis sativa.<\/p>\n\n\n\n<p>&nbsp;<\/p>\n\n\n\n<p>El&nbsp;subprefecto Alexis Diaz jefe subrogante de la<a><\/a>&nbsp;Bicrim Villarrica,&nbsp;detall\u00f3&nbsp;que,&nbsp;\u201cel equipo MT0 de la Polic\u00eda de Investigaciones de Villarrica el d\u00eda de ayer en virtud de una orden verbal de la Fiscal\u00eda &nbsp;de primeras diligencias y flagrancia concurri\u00f3 hasta dependencias de la c\u00e1rcel de esta comuna logrando corroborar la existencia de una infracci\u00f3n a la ley 20.000 por parte de un interno a que se le encontr\u00f3 oculto al interior de tres unidades de pan diversas dosis de cannabis correspondientes a 11.84 gramos\u201d.<\/p>\n\n\n\n<p>&nbsp;<\/p>\n\n\n\n<p>En&nbsp;dicho procedimiento, se logr\u00f3 la incautaci\u00f3n de&nbsp;tres contenedores&nbsp;de droga tipo&nbsp;cannabis que&nbsp;ser\u00edan comercializadas entre la poblaci\u00f3n penal.&nbsp;<\/p>\n\n\n\n<p>&nbsp;<\/p>\n\n\n\n<p>Por instrucci\u00f3n del Ministerio P\u00fablico, el detenido fue puesto a disposici\u00f3n del Juzgado de Garant\u00eda de Villarrica, para efectuar el correspondiente control de detenci\u00f3n y formalizaci\u00f3n.<\/p>\n","protected":false},"excerpt":{"rendered":"<div class=\"pvc_clear\"><\/div>\n<p id=\"pvc_stats_47922\" class=\"pvc_stats total_only  \" data-element-id=\"47922\" style=\"\"><i class=\"pvc-stats-icon large\" aria-hidden=\"true\"><svg aria-hidden=\"true\" focusable=\"false\" data-prefix=\"far\" data-icon=\"chart-bar\" role=\"img\" xmlns=\"http:\/\/www.w3.org\/2000\/svg\" viewBox=\"0 0 512 512\" class=\"svg-inline--fa fa-chart-bar fa-w-16 fa-2x\"><path fill=\"currentColor\" d=\"M396.8 352h22.4c6.4 0 12.8-6.4 12.8-12.8V108.8c0-6.4-6.4-12.8-12.8-12.8h-22.4c-6.4 0-12.8 6.4-12.8 12.8v230.4c0 6.4 6.4 12.8 12.8 12.8zm-192 0h22.4c6.4 0 12.8-6.4 12.8-12.8V140.8c0-6.4-6.4-12.8-12.8-12.8h-22.4c-6.4 0-12.8 6.4-12.8 12.8v198.4c0 6.4 6.4 12.8 12.8 12.8zm96 0h22.4c6.4 0 12.8-6.4 12.8-12.8V204.8c0-6.4-6.4-12.8-12.8-12.8h-22.4c-6.4 0-12.8 6.4-12.8 12.8v134.4c0 6.4 6.4 12.8 12.8 12.8zM496 400H48V80c0-8.84-7.16-16-16-16H16C7.16 64 0 71.16 0 80v336c0 17.67 14.33 32 32 32h464c8.84 0 16-7.16 16-16v-16c0-8.84-7.16-16-16-16zm-387.2-48h22.4c6.4 0 12.8-6.4 12.8-12.8v-70.4c0-6.4-6.4-12.8-12.8-12.8h-22.4c-6.4 0-12.8 6.4-12.8 12.8v70.4c0 6.4 6.4 12.8 12.8 12.8z\" class=\"\"><\/path><\/svg><\/i> <img loading=\"lazy\" decoding=\"async\" width=\"16\" height=\"16\" alt=\"Loading\" src=\"https:\/\/temucotelevision.cl\/web\/wp-content\/plugins\/page-views-count\/ajax-loader-2x.gif\" border=0 \/><\/p>\n<div class=\"pvc_clear\"><\/div>\n<p>El&nbsp;equipo&nbsp;Microtr\u00e1fico Cero (MT-0)&nbsp;de la&nbsp;Brigada de Investigaci\u00f3n Criminal (Bicrim) Villarrica,&nbsp;detuvo&nbsp;a&nbsp;unhombre&nbsp;-mayor de edad,&nbsp;sin antecedentes policiales- por el delito flagrante de&nbsp;tr\u00e1fico de drogas<\/p>\n","protected":false},"author":1,"featured_media":47921,"comment_status":"open","ping_status":"open","sticky":false,"template":"","format":"standard","meta":{"colormag_page_container_layout":"default_layout","colormag_page_sidebar_layout":"default_layout","footnotes":""},"categories":[16],"tags":[],"class_list":["post-47922","post","type-post","status-publish","format-standard","has-post-thumbnail","hentry","category-policial"],"a3_pvc":{"activated":true,"total_views":1099,"today_views":0},"_links":{"self":[{"href":"https:\/\/temucotelevision.cl\/web\/wp-json\/wp\/v2\/posts\/47922","targetHints":{"allow":["GET"]}}],"collection":[{"href":"https:\/\/temucotelevision.cl\/web\/wp-json\/wp\/v2\/posts"}],"about":[{"href":"https:\/\/temucotelevision.cl\/web\/wp-json\/wp\/v2\/types\/post"}],"author":[{"embeddable":true,"href":"https:\/\/temucotelevision.cl\/web\/wp-json\/wp\/v2\/users\/1"}],"replies":[{"embeddable":true,"href":"https:\/\/temucotelevision.cl\/web\/wp-json\/wp\/v2\/comments?post=47922"}],"version-history":[{"count":2,"href":"https:\/\/temucotelevision.cl\/web\/wp-json\/wp\/v2\/posts\/47922\/revisions"}],"predecessor-version":[{"id":47925,"href":"https:\/\/temucotelevision.cl\/web\/wp-json\/wp\/v2\/posts\/47922\/revisions\/47925"}],"wp:featuredmedia":[{"embeddable":true,"href":"https:\/\/temucotelevision.cl\/web\/wp-json\/wp\/v2\/media\/47921"}],"wp:attachment":[{"href":"https:\/\/temucotelevision.cl\/web\/wp-json\/wp\/v2\/media?parent=47922"}],"wp:term":[{"taxonomy":"category","embeddable":true,"href":"https:\/\/temucotelevision.cl\/web\/wp-json\/wp\/v2\/categories?post=47922"},{"taxonomy":"post_tag","embeddable":true,"href":"https:\/\/temucotelevision.cl\/web\/wp-json\/wp\/v2\/tags?post=47922"}],"curies":[{"name":"wp","href":"https:\/\/api.w.org\/{rel}","templated":true}]}}