{"id":47917,"date":"2024-02-07T14:39:04","date_gmt":"2024-02-07T17:39:04","guid":{"rendered":"https:\/\/temucotelevision.cl\/web\/?p=47917"},"modified":"2024-02-07T15:03:00","modified_gmt":"2024-02-07T18:03:00","slug":"duals-presenta-su-album-debut-entre-suenos","status":"publish","type":"post","link":"https:\/\/temucotelevision.cl\/web\/2024\/02\/07\/duals-presenta-su-album-debut-entre-suenos\/","title":{"rendered":"Dual&#8217;s presenta su \u00e1lbum debut &#8220;Entre Sue\u00f1os&#8221;"},"content":{"rendered":"<div class=\"pvc_clear\"><\/div><p id=\"pvc_stats_47917\" class=\"pvc_stats total_only  \" data-element-id=\"47917\" style=\"\"><i class=\"pvc-stats-icon large\" aria-hidden=\"true\"><svg aria-hidden=\"true\" focusable=\"false\" data-prefix=\"far\" data-icon=\"chart-bar\" role=\"img\" xmlns=\"http:\/\/www.w3.org\/2000\/svg\" viewBox=\"0 0 512 512\" class=\"svg-inline--fa fa-chart-bar fa-w-16 fa-2x\"><path fill=\"currentColor\" d=\"M396.8 352h22.4c6.4 0 12.8-6.4 12.8-12.8V108.8c0-6.4-6.4-12.8-12.8-12.8h-22.4c-6.4 0-12.8 6.4-12.8 12.8v230.4c0 6.4 6.4 12.8 12.8 12.8zm-192 0h22.4c6.4 0 12.8-6.4 12.8-12.8V140.8c0-6.4-6.4-12.8-12.8-12.8h-22.4c-6.4 0-12.8 6.4-12.8 12.8v198.4c0 6.4 6.4 12.8 12.8 12.8zm96 0h22.4c6.4 0 12.8-6.4 12.8-12.8V204.8c0-6.4-6.4-12.8-12.8-12.8h-22.4c-6.4 0-12.8 6.4-12.8 12.8v134.4c0 6.4 6.4 12.8 12.8 12.8zM496 400H48V80c0-8.84-7.16-16-16-16H16C7.16 64 0 71.16 0 80v336c0 17.67 14.33 32 32 32h464c8.84 0 16-7.16 16-16v-16c0-8.84-7.16-16-16-16zm-387.2-48h22.4c6.4 0 12.8-6.4 12.8-12.8v-70.4c0-6.4-6.4-12.8-12.8-12.8h-22.4c-6.4 0-12.8 6.4-12.8 12.8v70.4c0 6.4 6.4 12.8 12.8 12.8z\" class=\"\"><\/path><\/svg><\/i> <img loading=\"lazy\" decoding=\"async\" width=\"16\" height=\"16\" alt=\"Loading\" src=\"https:\/\/temucotelevision.cl\/web\/wp-content\/plugins\/page-views-count\/ajax-loader-2x.gif\" border=0 \/><\/p><div class=\"pvc_clear\"><\/div>\n<p>El cantante nacional <strong>Mauricio Tolosa<\/strong>, oriundo de la ciudad de <strong>Valdivia<\/strong>, estrena su primer \u00e1lbum solista titulado <strong>&#8220;Entre Sue\u00f1os&#8221;<\/strong>. Esta nueva obra, cuenta con 8 canciones marcadas por la esencia del <strong>pop rock <\/strong>y una l\u00edrica profunda, que expresan las experiencias del compositor en el amor y desamor en su danza m\u00e1s l\u00fagubre, demostrando as\u00ed toda su versatilidad y talento.<\/p>\n\n\n\n<p>Este \u00e1lbum est\u00e1 influenciado con ritmos del pop-rock, gustos musicales que han acompa\u00f1ado la trayectoria y vida del artista, por lo que se inspira en bandas latinas y europeas de los 70,80,90, incorporando pinceladas de \u00e9stos estilos, sumando un toque personal en la creaci\u00f3n de sus propias letras.<\/p>\n\n\n\n<p>Cabe destacar, que el m\u00fasico sobresale por su importante trayectoria, la que lo ha llevado a tener presentaciones en diversos escenarios y con distintas bandas de variados estilos musicales. Luego, en el a\u00f1o 2022 decide comenzar a trabajar en su propia propuesta musical bajo el seud\u00f3nimo <strong>DUAL\u2019S,<\/strong> misma \u00e9poca en la que conoce el trabajo del reconocido m\u00fasico nacional <strong>Carlos Azocar<\/strong> (ex-guitarrista de Saiko, actualmente guitarrista de Supernova y Maria Ximena Pereira), quien adem\u00e1s se desempe\u00f1a como productor musical en su estudio- <strong>Ra\u00edz Insular<\/strong>, lugar donde comienzan a trabajar en la producci\u00f3n musical el \u00e1lbum <strong>\u201cEntre Sue\u00f1os\u201d<\/strong>.<\/p>\n\n\n\n<p><strong>&#8220;Entre Sue\u00f1os&#8221;<\/strong> fue grabado en <strong>Ra\u00edz Insular<\/strong> por la producci\u00f3n musical de <strong>Carlos Azocar en Santiago de Chile,<\/strong> Masterizado en <strong>M\u00e9xico<\/strong> por <strong>Valent\u00edn Fertorantes<\/strong> y la grabaci\u00f3n de la voz en <strong>Estudios Pulsar en Islas Canarias ,Tenerife -Espa\u00f1a.<\/strong> <\/p>\n\n\n\n<p>Actualmente, se encuentra disponible en plataformas digitales como Spotify , YouTube music, Apple music y en Portaldisc.<\/p>\n\n\n\n<figure class=\"wp-block-embed is-type-video is-provider-youtube wp-block-embed-youtube wp-embed-aspect-16-9 wp-has-aspect-ratio\"><div class=\"wp-block-embed__wrapper\">\n<div class=\"epyt-video-wrapper\"><iframe loading=\"lazy\"  id=\"_ytid_23390\"  width=\"800\" height=\"450\"  data-origwidth=\"800\" data-origheight=\"450\" src=\"https:\/\/www.youtube.com\/embed\/?enablejsapi=1&#038;list=OLAK5uy_lrDl0K9xVL48UNCSYGXgiz1PlE7hKnqSU&#038;autoplay=0&#038;cc_load_policy=0&#038;cc_lang_pref=&#038;iv_load_policy=1&#038;loop=0&#038;rel=1&#038;fs=1&#038;playsinline=0&#038;autohide=2&#038;theme=dark&#038;color=red&#038;controls=1&#038;disablekb=0&#038;\" class=\"__youtube_prefs__  epyt-is-override  no-lazyload\" title=\"YouTube player\"  allow=\"fullscreen; accelerometer; autoplay; clipboard-write; encrypted-media; gyroscope; picture-in-picture; web-share\" referrerpolicy=\"strict-origin-when-cross-origin\" allowfullscreen data-no-lazy=\"1\" data-skipgform_ajax_framebjll=\"\"><\/iframe><\/div>\n<\/div><\/figure>\n","protected":false},"excerpt":{"rendered":"<div class=\"pvc_clear\"><\/div>\n<p id=\"pvc_stats_47917\" class=\"pvc_stats total_only  \" data-element-id=\"47917\" style=\"\"><i class=\"pvc-stats-icon large\" aria-hidden=\"true\"><svg aria-hidden=\"true\" focusable=\"false\" data-prefix=\"far\" data-icon=\"chart-bar\" role=\"img\" xmlns=\"http:\/\/www.w3.org\/2000\/svg\" viewBox=\"0 0 512 512\" class=\"svg-inline--fa fa-chart-bar fa-w-16 fa-2x\"><path fill=\"currentColor\" d=\"M396.8 352h22.4c6.4 0 12.8-6.4 12.8-12.8V108.8c0-6.4-6.4-12.8-12.8-12.8h-22.4c-6.4 0-12.8 6.4-12.8 12.8v230.4c0 6.4 6.4 12.8 12.8 12.8zm-192 0h22.4c6.4 0 12.8-6.4 12.8-12.8V140.8c0-6.4-6.4-12.8-12.8-12.8h-22.4c-6.4 0-12.8 6.4-12.8 12.8v198.4c0 6.4 6.4 12.8 12.8 12.8zm96 0h22.4c6.4 0 12.8-6.4 12.8-12.8V204.8c0-6.4-6.4-12.8-12.8-12.8h-22.4c-6.4 0-12.8 6.4-12.8 12.8v134.4c0 6.4 6.4 12.8 12.8 12.8zM496 400H48V80c0-8.84-7.16-16-16-16H16C7.16 64 0 71.16 0 80v336c0 17.67 14.33 32 32 32h464c8.84 0 16-7.16 16-16v-16c0-8.84-7.16-16-16-16zm-387.2-48h22.4c6.4 0 12.8-6.4 12.8-12.8v-70.4c0-6.4-6.4-12.8-12.8-12.8h-22.4c-6.4 0-12.8 6.4-12.8 12.8v70.4c0 6.4 6.4 12.8 12.8 12.8z\" class=\"\"><\/path><\/svg><\/i> <img loading=\"lazy\" decoding=\"async\" width=\"16\" height=\"16\" alt=\"Loading\" src=\"https:\/\/temucotelevision.cl\/web\/wp-content\/plugins\/page-views-count\/ajax-loader-2x.gif\" border=0 \/><\/p>\n<div class=\"pvc_clear\"><\/div>\n<p>El cantante nacional Mauricio Tolosa, oriundo de la ciudad de Valdivia, estrena su primer \u00e1lbum solista titulado &#8220;Entre Sue\u00f1os&#8221;. Esta<\/p>\n","protected":false},"author":143,"featured_media":47918,"comment_status":"open","ping_status":"open","sticky":false,"template":"","format":"standard","meta":{"colormag_page_container_layout":"default_layout","colormag_page_sidebar_layout":"default_layout","footnotes":""},"categories":[369],"tags":[],"class_list":["post-47917","post","type-post","status-publish","format-standard","has-post-thumbnail","hentry","category-musica"],"a3_pvc":{"activated":true,"total_views":64,"today_views":1},"_links":{"self":[{"href":"https:\/\/temucotelevision.cl\/web\/wp-json\/wp\/v2\/posts\/47917","targetHints":{"allow":["GET"]}}],"collection":[{"href":"https:\/\/temucotelevision.cl\/web\/wp-json\/wp\/v2\/posts"}],"about":[{"href":"https:\/\/temucotelevision.cl\/web\/wp-json\/wp\/v2\/types\/post"}],"author":[{"embeddable":true,"href":"https:\/\/temucotelevision.cl\/web\/wp-json\/wp\/v2\/users\/143"}],"replies":[{"embeddable":true,"href":"https:\/\/temucotelevision.cl\/web\/wp-json\/wp\/v2\/comments?post=47917"}],"version-history":[{"count":2,"href":"https:\/\/temucotelevision.cl\/web\/wp-json\/wp\/v2\/posts\/47917\/revisions"}],"predecessor-version":[{"id":47920,"href":"https:\/\/temucotelevision.cl\/web\/wp-json\/wp\/v2\/posts\/47917\/revisions\/47920"}],"wp:featuredmedia":[{"embeddable":true,"href":"https:\/\/temucotelevision.cl\/web\/wp-json\/wp\/v2\/media\/47918"}],"wp:attachment":[{"href":"https:\/\/temucotelevision.cl\/web\/wp-json\/wp\/v2\/media?parent=47917"}],"wp:term":[{"taxonomy":"category","embeddable":true,"href":"https:\/\/temucotelevision.cl\/web\/wp-json\/wp\/v2\/categories?post=47917"},{"taxonomy":"post_tag","embeddable":true,"href":"https:\/\/temucotelevision.cl\/web\/wp-json\/wp\/v2\/tags?post=47917"}],"curies":[{"name":"wp","href":"https:\/\/api.w.org\/{rel}","templated":true}]}}