{"id":47914,"date":"2024-02-07T10:56:03","date_gmt":"2024-02-07T13:56:03","guid":{"rendered":"https:\/\/temucotelevision.cl\/web\/?p=47914"},"modified":"2024-02-07T10:56:03","modified_gmt":"2024-02-07T13:56:03","slug":"diputado-jorge-rathgeb-lamenta-muerte-del-ex-presidente-pinera-una-gran-persona-y-que-deja-un-legado-importante-para-el-pais","status":"publish","type":"post","link":"https:\/\/temucotelevision.cl\/web\/2024\/02\/07\/diputado-jorge-rathgeb-lamenta-muerte-del-ex-presidente-pinera-una-gran-persona-y-que-deja-un-legado-importante-para-el-pais\/","title":{"rendered":"Diputado Jorge Rathgeb lamenta muerte del ex Presidente Pi\u00f1era: \u201cUna gran persona y que deja un legado importante para el pa\u00eds\u201d"},"content":{"rendered":"<div class=\"pvc_clear\"><\/div><p id=\"pvc_stats_47914\" class=\"pvc_stats total_only  \" data-element-id=\"47914\" style=\"\"><i class=\"pvc-stats-icon large\" aria-hidden=\"true\"><svg aria-hidden=\"true\" focusable=\"false\" data-prefix=\"far\" data-icon=\"chart-bar\" role=\"img\" xmlns=\"http:\/\/www.w3.org\/2000\/svg\" viewBox=\"0 0 512 512\" class=\"svg-inline--fa fa-chart-bar fa-w-16 fa-2x\"><path fill=\"currentColor\" d=\"M396.8 352h22.4c6.4 0 12.8-6.4 12.8-12.8V108.8c0-6.4-6.4-12.8-12.8-12.8h-22.4c-6.4 0-12.8 6.4-12.8 12.8v230.4c0 6.4 6.4 12.8 12.8 12.8zm-192 0h22.4c6.4 0 12.8-6.4 12.8-12.8V140.8c0-6.4-6.4-12.8-12.8-12.8h-22.4c-6.4 0-12.8 6.4-12.8 12.8v198.4c0 6.4 6.4 12.8 12.8 12.8zm96 0h22.4c6.4 0 12.8-6.4 12.8-12.8V204.8c0-6.4-6.4-12.8-12.8-12.8h-22.4c-6.4 0-12.8 6.4-12.8 12.8v134.4c0 6.4 6.4 12.8 12.8 12.8zM496 400H48V80c0-8.84-7.16-16-16-16H16C7.16 64 0 71.16 0 80v336c0 17.67 14.33 32 32 32h464c8.84 0 16-7.16 16-16v-16c0-8.84-7.16-16-16-16zm-387.2-48h22.4c6.4 0 12.8-6.4 12.8-12.8v-70.4c0-6.4-6.4-12.8-12.8-12.8h-22.4c-6.4 0-12.8 6.4-12.8 12.8v70.4c0 6.4 6.4 12.8 12.8 12.8z\" class=\"\"><\/path><\/svg><\/i> <img loading=\"lazy\" decoding=\"async\" width=\"16\" height=\"16\" alt=\"Loading\" src=\"https:\/\/temucotelevision.cl\/web\/wp-content\/plugins\/page-views-count\/ajax-loader-2x.gif\" border=0 \/><\/p><div class=\"pvc_clear\"><\/div>\n<p><strong>El parlamentario que fue parte del gabinete regional en la primera etapa del ex mandatario, ejerciendo como Gobernador de Malleco y Seremi de Agricultura, indic\u00f3 que el deceso de Sebasti\u00e1n Pi\u00f1era significa la p\u00e9rdida de un l\u00edder que supo sacar adelante el pa\u00eds luego de un terremoto o conducir a Chile en medio de una pandemia.&nbsp;<\/strong><\/p>\n\n\n\n<p>Conmoci\u00f3n existe en todo el pa\u00eds, tras la repentina muerte del ex Presidente Sebasti\u00e1n Pi\u00f1era, que perdi\u00f3 la vida en un accidente a\u00e9reo en el sector del lago Ranco.<\/p>\n\n\n\n<p>El diputado de Renovaci\u00f3n Nacional por La Araucan\u00eda, presidente regional de la colectividad y ex Gobernador de Malleco y Seremi de Agricultura en el primer mandato de Sebasti\u00e1n Pi\u00f1era, Jorge Rathgeb Schifferli, se mostr\u00f3 conmovido por este fallecimiento, a la vez que destac\u00f3 el legado que deja para todo el pa\u00eds.<\/p>\n\n\n\n<p>Un hombre trabajador, atento las 24 horas del d\u00eda y los 7 d\u00edas de la semana a saber lo que estaba ocurriendo en nuestro pa\u00eds, capaz de trasladarse de forma inmediata al lugar donde ocurr\u00edan accidentes o tragedias para apoyar a familias, son parte de algunas de las cualidades que destac\u00f3 Rathgeb de la figura del ex mandatario, con quien comparti\u00f3 como miembro del gabinete regional.<\/p>\n\n\n\n<p>Rathgeb, coment\u00f3 que, junto con una gran persona, se va un Presidente que destac\u00f3 por su liderazgo, que fue capaz de unir a todos los partidos de centro y centroderecha para ganar las presidenciales en dos oportunidades, dejando un legado importante para nuestro pa\u00eds, m\u00e1s a\u00fan despu\u00e9s de un terremoto como fue en su primer mandato o en medio de una pandemia como ocurri\u00f3 en su segundo periodo.<\/p>\n\n\n\n<p>\u201cLamentamos el fallecimiento del ex Presidente Sebasti\u00e1n Pi\u00f1era, un gran abrazo y las condolencias a su familia y a la familia de Renovaci\u00f3n Nacional. Un ex mandatario que dej\u00f3 un tremendo legado para el pa\u00eds, lo reconstruy\u00f3 despu\u00e9s de un terremoto, en el tema econ\u00f3mico tambi\u00e9n deja un legado. Tuve la oportunidad de trabajar con \u00e9l, una tremenda persona, por eso sentimos su fallecimiento, as\u00ed que un gran abrazo y reiterar las condolencias a toda su familia y a RN\u201d, fueron parte de las palabras del diputado Rathgeb.<\/p>\n\n\n\n<p>El legislador agreg\u00f3 que otro de los hechos que llaman la atenci\u00f3n es que Sebasti\u00e1n Pi\u00f1era, siempre estuvo dispuesto a trabajar incansablemente por el pa\u00eds, a\u00fan cuando estuviera alejado de la escena pol\u00edtica.<\/p>\n","protected":false},"excerpt":{"rendered":"<div class=\"pvc_clear\"><\/div>\n<p id=\"pvc_stats_47914\" class=\"pvc_stats total_only  \" data-element-id=\"47914\" style=\"\"><i class=\"pvc-stats-icon large\" aria-hidden=\"true\"><svg aria-hidden=\"true\" focusable=\"false\" data-prefix=\"far\" data-icon=\"chart-bar\" role=\"img\" xmlns=\"http:\/\/www.w3.org\/2000\/svg\" viewBox=\"0 0 512 512\" class=\"svg-inline--fa fa-chart-bar fa-w-16 fa-2x\"><path fill=\"currentColor\" d=\"M396.8 352h22.4c6.4 0 12.8-6.4 12.8-12.8V108.8c0-6.4-6.4-12.8-12.8-12.8h-22.4c-6.4 0-12.8 6.4-12.8 12.8v230.4c0 6.4 6.4 12.8 12.8 12.8zm-192 0h22.4c6.4 0 12.8-6.4 12.8-12.8V140.8c0-6.4-6.4-12.8-12.8-12.8h-22.4c-6.4 0-12.8 6.4-12.8 12.8v198.4c0 6.4 6.4 12.8 12.8 12.8zm96 0h22.4c6.4 0 12.8-6.4 12.8-12.8V204.8c0-6.4-6.4-12.8-12.8-12.8h-22.4c-6.4 0-12.8 6.4-12.8 12.8v134.4c0 6.4 6.4 12.8 12.8 12.8zM496 400H48V80c0-8.84-7.16-16-16-16H16C7.16 64 0 71.16 0 80v336c0 17.67 14.33 32 32 32h464c8.84 0 16-7.16 16-16v-16c0-8.84-7.16-16-16-16zm-387.2-48h22.4c6.4 0 12.8-6.4 12.8-12.8v-70.4c0-6.4-6.4-12.8-12.8-12.8h-22.4c-6.4 0-12.8 6.4-12.8 12.8v70.4c0 6.4 6.4 12.8 12.8 12.8z\" class=\"\"><\/path><\/svg><\/i> <img loading=\"lazy\" decoding=\"async\" width=\"16\" height=\"16\" alt=\"Loading\" src=\"https:\/\/temucotelevision.cl\/web\/wp-content\/plugins\/page-views-count\/ajax-loader-2x.gif\" border=0 \/><\/p>\n<div class=\"pvc_clear\"><\/div>\n<p>El parlamentario que fue parte del gabinete regional en la primera etapa del ex mandatario, ejerciendo como Gobernador de Malleco<\/p>\n","protected":false},"author":1,"featured_media":47915,"comment_status":"open","ping_status":"open","sticky":false,"template":"","format":"standard","meta":{"colormag_page_container_layout":"default_layout","colormag_page_sidebar_layout":"default_layout","footnotes":""},"categories":[84],"tags":[1358,154,6925,502,6926],"class_list":["post-47914","post","type-post","status-publish","format-standard","has-post-thumbnail","hentry","category-politica","tag-accidente","tag-diputado","tag-ex-presidente","tag-lago","tag-ranco"],"a3_pvc":{"activated":true,"total_views":3005,"today_views":1},"_links":{"self":[{"href":"https:\/\/temucotelevision.cl\/web\/wp-json\/wp\/v2\/posts\/47914","targetHints":{"allow":["GET"]}}],"collection":[{"href":"https:\/\/temucotelevision.cl\/web\/wp-json\/wp\/v2\/posts"}],"about":[{"href":"https:\/\/temucotelevision.cl\/web\/wp-json\/wp\/v2\/types\/post"}],"author":[{"embeddable":true,"href":"https:\/\/temucotelevision.cl\/web\/wp-json\/wp\/v2\/users\/1"}],"replies":[{"embeddable":true,"href":"https:\/\/temucotelevision.cl\/web\/wp-json\/wp\/v2\/comments?post=47914"}],"version-history":[{"count":1,"href":"https:\/\/temucotelevision.cl\/web\/wp-json\/wp\/v2\/posts\/47914\/revisions"}],"predecessor-version":[{"id":47916,"href":"https:\/\/temucotelevision.cl\/web\/wp-json\/wp\/v2\/posts\/47914\/revisions\/47916"}],"wp:featuredmedia":[{"embeddable":true,"href":"https:\/\/temucotelevision.cl\/web\/wp-json\/wp\/v2\/media\/47915"}],"wp:attachment":[{"href":"https:\/\/temucotelevision.cl\/web\/wp-json\/wp\/v2\/media?parent=47914"}],"wp:term":[{"taxonomy":"category","embeddable":true,"href":"https:\/\/temucotelevision.cl\/web\/wp-json\/wp\/v2\/categories?post=47914"},{"taxonomy":"post_tag","embeddable":true,"href":"https:\/\/temucotelevision.cl\/web\/wp-json\/wp\/v2\/tags?post=47914"}],"curies":[{"name":"wp","href":"https:\/\/api.w.org\/{rel}","templated":true}]}}