{"id":47912,"date":"2024-02-07T10:10:30","date_gmt":"2024-02-07T13:10:30","guid":{"rendered":"https:\/\/temucotelevision.cl\/web\/?p=47912"},"modified":"2024-02-07T10:46:25","modified_gmt":"2024-02-07T13:46:25","slug":"senadora-aravena-destaca-legado-de-ex-presidente-pinera-y-llama-a-todos-los-sectores-a-buscar-la-unidad-de-proposito-para-avanzar-en-los-temas-urgentes-que-demandan-los-chilenos","status":"publish","type":"post","link":"https:\/\/temucotelevision.cl\/web\/2024\/02\/07\/senadora-aravena-destaca-legado-de-ex-presidente-pinera-y-llama-a-todos-los-sectores-a-buscar-la-unidad-de-proposito-para-avanzar-en-los-temas-urgentes-que-demandan-los-chilenos\/","title":{"rendered":"Senadora Aravena destaca legado de ex Presidente Pi\u00f1era y llama a todos los sectores a buscar la unidad de prop\u00f3sito para avanzar en los temas urgentes que demandan los chilenos"},"content":{"rendered":"<div class=\"pvc_clear\"><\/div><p id=\"pvc_stats_47912\" class=\"pvc_stats total_only  \" data-element-id=\"47912\" style=\"\"><i class=\"pvc-stats-icon large\" aria-hidden=\"true\"><svg aria-hidden=\"true\" focusable=\"false\" data-prefix=\"far\" data-icon=\"chart-bar\" role=\"img\" xmlns=\"http:\/\/www.w3.org\/2000\/svg\" viewBox=\"0 0 512 512\" class=\"svg-inline--fa fa-chart-bar fa-w-16 fa-2x\"><path fill=\"currentColor\" d=\"M396.8 352h22.4c6.4 0 12.8-6.4 12.8-12.8V108.8c0-6.4-6.4-12.8-12.8-12.8h-22.4c-6.4 0-12.8 6.4-12.8 12.8v230.4c0 6.4 6.4 12.8 12.8 12.8zm-192 0h22.4c6.4 0 12.8-6.4 12.8-12.8V140.8c0-6.4-6.4-12.8-12.8-12.8h-22.4c-6.4 0-12.8 6.4-12.8 12.8v198.4c0 6.4 6.4 12.8 12.8 12.8zm96 0h22.4c6.4 0 12.8-6.4 12.8-12.8V204.8c0-6.4-6.4-12.8-12.8-12.8h-22.4c-6.4 0-12.8 6.4-12.8 12.8v134.4c0 6.4 6.4 12.8 12.8 12.8zM496 400H48V80c0-8.84-7.16-16-16-16H16C7.16 64 0 71.16 0 80v336c0 17.67 14.33 32 32 32h464c8.84 0 16-7.16 16-16v-16c0-8.84-7.16-16-16-16zm-387.2-48h22.4c6.4 0 12.8-6.4 12.8-12.8v-70.4c0-6.4-6.4-12.8-12.8-12.8h-22.4c-6.4 0-12.8 6.4-12.8 12.8v70.4c0 6.4 6.4 12.8 12.8 12.8z\" class=\"\"><\/path><\/svg><\/i> <img loading=\"lazy\" decoding=\"async\" width=\"16\" height=\"16\" alt=\"Loading\" src=\"https:\/\/temucotelevision.cl\/web\/wp-content\/plugins\/page-views-count\/ajax-loader-2x.gif\" border=0 \/><\/p><div class=\"pvc_clear\"><\/div>\n<p><\/p>\n\n\n\n<p>&#8220;Como un hombre de Estado&#8221; y &#8221; un incansable servidor p\u00fablico&#8221; calific\u00f3 la Senadora republicana Carmen Gloria Aravena al ex Presidente Sebasti\u00e1n Pi\u00f1era, y llam\u00f3 a todos los sectores pol\u00edticos a honrar su legado impulsando la unidad de prop\u00f3sito para avanzar en los temas m\u00e1s urgentes para los chilenos.<\/p>\n\n\n\n<p>&#8220;El ex Mandatario tuvo siempre como norte el bien de Chile y sus habitantes durante sus dos mandatos como Presidente y tambi\u00e9n como Senador. Demostr\u00f3 en reiteradas ocasiones su liderazgo, en el rescate de los mineros, durante el proceso de reconstrucci\u00f3n tras el terremoto del 2019 y para enfrentar con mucha decisi\u00f3n y empat\u00eda la pandemia&#8221;, afirm\u00f3 la legisladora, quien trabaj\u00f3 en el primer gobierno del ex Mandatario.<\/p>\n\n\n\n<p>&#8220;Hoy, que desde todos los sectores reconocen su compromiso con Chile, con la democracia y con las necesidades de los chilenos, es momento que como pa\u00eds retomemos la senda de los grandes acuerdos para resolver las urgencia que tiene el pa\u00eds actualmente, en materia de seguridad, salud y educaci\u00f3n&#8221;, puntualiz\u00f3 la Senadora Aravena.<\/p>\n\n\n\n<p>&#8220;En estas circunstancias muy dolorosas, donde se va una persona muy valiosa, es que debemos aprovechar la instancia para repensar en la forma que construiremos el Chile que viene, pero desde la unidad y los acuerdos, que es lo que siempre promovi\u00f3 el ex Presidente Pi\u00f1era&#8221;, concluy\u00f3 la Senadora.<\/p>\n","protected":false},"excerpt":{"rendered":"<div class=\"pvc_clear\"><\/div>\n<p id=\"pvc_stats_47912\" class=\"pvc_stats total_only  \" data-element-id=\"47912\" style=\"\"><i class=\"pvc-stats-icon large\" aria-hidden=\"true\"><svg aria-hidden=\"true\" focusable=\"false\" data-prefix=\"far\" data-icon=\"chart-bar\" role=\"img\" xmlns=\"http:\/\/www.w3.org\/2000\/svg\" viewBox=\"0 0 512 512\" class=\"svg-inline--fa fa-chart-bar fa-w-16 fa-2x\"><path fill=\"currentColor\" d=\"M396.8 352h22.4c6.4 0 12.8-6.4 12.8-12.8V108.8c0-6.4-6.4-12.8-12.8-12.8h-22.4c-6.4 0-12.8 6.4-12.8 12.8v230.4c0 6.4 6.4 12.8 12.8 12.8zm-192 0h22.4c6.4 0 12.8-6.4 12.8-12.8V140.8c0-6.4-6.4-12.8-12.8-12.8h-22.4c-6.4 0-12.8 6.4-12.8 12.8v198.4c0 6.4 6.4 12.8 12.8 12.8zm96 0h22.4c6.4 0 12.8-6.4 12.8-12.8V204.8c0-6.4-6.4-12.8-12.8-12.8h-22.4c-6.4 0-12.8 6.4-12.8 12.8v134.4c0 6.4 6.4 12.8 12.8 12.8zM496 400H48V80c0-8.84-7.16-16-16-16H16C7.16 64 0 71.16 0 80v336c0 17.67 14.33 32 32 32h464c8.84 0 16-7.16 16-16v-16c0-8.84-7.16-16-16-16zm-387.2-48h22.4c6.4 0 12.8-6.4 12.8-12.8v-70.4c0-6.4-6.4-12.8-12.8-12.8h-22.4c-6.4 0-12.8 6.4-12.8 12.8v70.4c0 6.4 6.4 12.8 12.8 12.8z\" class=\"\"><\/path><\/svg><\/i> <img loading=\"lazy\" decoding=\"async\" width=\"16\" height=\"16\" alt=\"Loading\" src=\"https:\/\/temucotelevision.cl\/web\/wp-content\/plugins\/page-views-count\/ajax-loader-2x.gif\" border=0 \/><\/p>\n<div class=\"pvc_clear\"><\/div>\n<p>&#8220;Como un hombre de Estado&#8221; y &#8221; un incansable servidor p\u00fablico&#8221; calific\u00f3 la Senadora republicana Carmen Gloria Aravena al ex<\/p>\n","protected":false},"author":1,"featured_media":17843,"comment_status":"open","ping_status":"open","sticky":false,"template":"","format":"standard","meta":{"colormag_page_container_layout":"default_layout","colormag_page_sidebar_layout":"default_layout","footnotes":""},"categories":[84],"tags":[],"class_list":["post-47912","post","type-post","status-publish","format-standard","has-post-thumbnail","hentry","category-politica"],"a3_pvc":{"activated":true,"total_views":1061,"today_views":0},"_links":{"self":[{"href":"https:\/\/temucotelevision.cl\/web\/wp-json\/wp\/v2\/posts\/47912","targetHints":{"allow":["GET"]}}],"collection":[{"href":"https:\/\/temucotelevision.cl\/web\/wp-json\/wp\/v2\/posts"}],"about":[{"href":"https:\/\/temucotelevision.cl\/web\/wp-json\/wp\/v2\/types\/post"}],"author":[{"embeddable":true,"href":"https:\/\/temucotelevision.cl\/web\/wp-json\/wp\/v2\/users\/1"}],"replies":[{"embeddable":true,"href":"https:\/\/temucotelevision.cl\/web\/wp-json\/wp\/v2\/comments?post=47912"}],"version-history":[{"count":1,"href":"https:\/\/temucotelevision.cl\/web\/wp-json\/wp\/v2\/posts\/47912\/revisions"}],"predecessor-version":[{"id":47913,"href":"https:\/\/temucotelevision.cl\/web\/wp-json\/wp\/v2\/posts\/47912\/revisions\/47913"}],"wp:featuredmedia":[{"embeddable":true,"href":"https:\/\/temucotelevision.cl\/web\/wp-json\/wp\/v2\/media\/17843"}],"wp:attachment":[{"href":"https:\/\/temucotelevision.cl\/web\/wp-json\/wp\/v2\/media?parent=47912"}],"wp:term":[{"taxonomy":"category","embeddable":true,"href":"https:\/\/temucotelevision.cl\/web\/wp-json\/wp\/v2\/categories?post=47912"},{"taxonomy":"post_tag","embeddable":true,"href":"https:\/\/temucotelevision.cl\/web\/wp-json\/wp\/v2\/tags?post=47912"}],"curies":[{"name":"wp","href":"https:\/\/api.w.org\/{rel}","templated":true}]}}