{"id":47906,"date":"2024-02-06T13:34:02","date_gmt":"2024-02-06T16:34:02","guid":{"rendered":"https:\/\/temucotelevision.cl\/web\/?p=47906"},"modified":"2024-02-06T13:43:48","modified_gmt":"2024-02-06T16:43:48","slug":"fabiana-cantilo-llega-con-lo-mejor-de-su-repertorio-a-dreams","status":"publish","type":"post","link":"https:\/\/temucotelevision.cl\/web\/2024\/02\/06\/fabiana-cantilo-llega-con-lo-mejor-de-su-repertorio-a-dreams\/","title":{"rendered":"Fabiana Cantilo llega con lo mejor de su repertorio a Dreams"},"content":{"rendered":"<div class=\"pvc_clear\"><\/div><p id=\"pvc_stats_47906\" class=\"pvc_stats total_only  \" data-element-id=\"47906\" style=\"\"><i class=\"pvc-stats-icon large\" aria-hidden=\"true\"><svg aria-hidden=\"true\" focusable=\"false\" data-prefix=\"far\" data-icon=\"chart-bar\" role=\"img\" xmlns=\"http:\/\/www.w3.org\/2000\/svg\" viewBox=\"0 0 512 512\" class=\"svg-inline--fa fa-chart-bar fa-w-16 fa-2x\"><path fill=\"currentColor\" d=\"M396.8 352h22.4c6.4 0 12.8-6.4 12.8-12.8V108.8c0-6.4-6.4-12.8-12.8-12.8h-22.4c-6.4 0-12.8 6.4-12.8 12.8v230.4c0 6.4 6.4 12.8 12.8 12.8zm-192 0h22.4c6.4 0 12.8-6.4 12.8-12.8V140.8c0-6.4-6.4-12.8-12.8-12.8h-22.4c-6.4 0-12.8 6.4-12.8 12.8v198.4c0 6.4 6.4 12.8 12.8 12.8zm96 0h22.4c6.4 0 12.8-6.4 12.8-12.8V204.8c0-6.4-6.4-12.8-12.8-12.8h-22.4c-6.4 0-12.8 6.4-12.8 12.8v134.4c0 6.4 6.4 12.8 12.8 12.8zM496 400H48V80c0-8.84-7.16-16-16-16H16C7.16 64 0 71.16 0 80v336c0 17.67 14.33 32 32 32h464c8.84 0 16-7.16 16-16v-16c0-8.84-7.16-16-16-16zm-387.2-48h22.4c6.4 0 12.8-6.4 12.8-12.8v-70.4c0-6.4-6.4-12.8-12.8-12.8h-22.4c-6.4 0-12.8 6.4-12.8 12.8v70.4c0 6.4 6.4 12.8 12.8 12.8z\" class=\"\"><\/path><\/svg><\/i> <img loading=\"lazy\" decoding=\"async\" width=\"16\" height=\"16\" alt=\"Loading\" src=\"https:\/\/temucotelevision.cl\/web\/wp-content\/plugins\/page-views-count\/ajax-loader-2x.gif\" border=0 \/><\/p><div class=\"pvc_clear\"><\/div>\n<p>ATENTOS !!!  Te regalamos invitaciones para ver su recital, escr\u00edbenos y nombra una canci\u00f3n de Fabiana.<\/p>\n\n\n\n<p>JUEVES. De gira por el sur del pa\u00eds, la leyenda del rock argentino y latinoamericano anuncia un inolvidable concierto en formato tr\u00edo.<\/p>\n\n\n\n<p> La jornada de ma\u00f1ana en el centro de eventos de Dreams Temuco ser\u00e1 de aquellas que entran, por el solo nombre de la artista, en la categor\u00eda de imperdible e inolvidable. La argentina Fabiana Cantilo,una de las voces m\u00e1s importantes del rock argentino de todos los tiempos est\u00e1 de gira por Chile y pisar\u00e1 suelo regional en una noche donde recorrer\u00e1 lo mejor de su discograf\u00eda. <\/p>\n\n\n\n<p>Una dilatada trayectoria musical, de m\u00e1s de cuatro d\u00e9cadas, que la coloca en lo m\u00e1s alto del selecto grupo de int\u00e9rpretes latinoamericanos.<\/p>\n\n\n\n<p>Trayectoria<\/p>\n\n\n\n<p>Fabiana Cantilo cuenta con 13 discos de estudio y uno en vivo, m\u00e1s innumerables colaboraciones, adem\u00e1s es una artista multidisciplinar (cantante, bailarina, pintora, actriz de cine y tv, adem\u00e1s es escultora).<br>Su frondosa carrera como cantante de rock comenz\u00f3 en el grupo teatral Las Bay Biscuits, posteriormente continu\u00f3 con Los Twist, con hits como \u201cCleopatra,<br>La Reina del Nilo\u201d,\u201dJugando Hulla-Hulla\u201d y \u201cS.O.S. Sos Una Rica Banana\u201d.<br>Su primer disco como solista fue \u201cDetectives\u201d, seguido por \u201cFabiana Cantilo y Los Perros Calientes\u201d y luego \u201cAlgo Mejor\u201d. En estos se encontraban los singles \u201cMi Enfermedad\u201d, \u201cMary Poppins\u201d, \u201cEl Deshollinador\u201d (uno de los temas preferidos de Diego Armando Maradona).<\/p>\n\n\n\n<p>Transversal<\/p>\n\n\n\n<p>En 2023 se estren\u00f3 en Netflix la serie biogr\u00e1fica de Fito Paez \u201cEl Amor despu\u00e9s del Amor\u201d, la que incorpora a Fabiana Cantilo como uno de los personajes principales. Fito y Fabiana conformaron una de las relaciones m\u00e1s emblem\u00e1ticas de la historia argentina. De este noviazgo nacieron grandes canciones inspiradas en la artista y que quedaron en el repertorio popular argentino. Una de ellas es la \u00e9pica \u201cY Dale alegr\u00eda a mi coraz\u00f3n\u201d y \u201cBrillante sobre el Mic\u201d.<br>Con el \u00e9xito de la serie la carrera de Cantilo, quien adem\u00e1s ha participado en proyectos teatrales y cinematogr\u00e1ficos, (siendo reconocida en innumerables ocasiones), se vio impactada de manera positiva (tanto que ella misma se mostraba sorprendida), esto la llev\u00f3 a una renovada popularidad y a un cruce generacional donde, en sus shows, conecta con una joven audiencia.<\/p>\n\n\n\n<p>En conversaci\u00f3n con este medio, la trasandina habl\u00f3 sobre el concierto y este reencuentro con el p\u00fablico chileno.\u201dSer\u00e1 un concierto en formato tr\u00edo. Yo toco la bater\u00eda y el bombo, adem\u00e1s de otras canciones sin instrumento (\u2026). Kai estar\u00e1 en los teclados y Dar\u00edo Toca pistas, porque algunos temas son ac\u00fasticos y otros con pistas. Adem\u00e1s de sentirme muy feliz de volver a Chile les puedo confesar que llevar\u00e9 una versi\u00f3n de \u201cAl Lado Del Camino\u201d de Fito. Lo dem\u00e1s, es sorpresa\u201d, enfatiz\u00f3 la cantante.<\/p>\n\n\n\n<p>Entradas<\/p>\n\n\n\n<p>Todo listo para ser testigo de una jornada encabezada por esta leyenda. Una mujer intensa, c\u00e1lida, de gran sentido del humor y una versatilidad art\u00edstica impecable. Una oportunidad donde las y los amantes del rock argentino podr\u00e1n escuchar canciones emblem\u00e1ticas llenas de poes\u00eda y emoci\u00f3n, adem\u00e1s de algunas versiones de temas de Fito P\u00e1ez, Charly Garc\u00eda, Andr\u00e9s Calamaro y Luis Alberto Spinetta.<br>El encuentro es ma\u00f1ana jueves y arranca desde las 21:00 horas en el centro de eventos del casino Dreams de Temuco con entradas en venta a trav\u00e9s del sistema <a href=\"http:\/\/www.ticketpro.cl.\" data-type=\"link\" data-id=\"www.ticketpro.cl.\">www.ticketpro.cl.<\/a><\/p>\n\n\n\n<p><\/p>\n","protected":false},"excerpt":{"rendered":"<div class=\"pvc_clear\"><\/div>\n<p id=\"pvc_stats_47906\" class=\"pvc_stats total_only  \" data-element-id=\"47906\" style=\"\"><i class=\"pvc-stats-icon large\" aria-hidden=\"true\"><svg aria-hidden=\"true\" focusable=\"false\" data-prefix=\"far\" data-icon=\"chart-bar\" role=\"img\" xmlns=\"http:\/\/www.w3.org\/2000\/svg\" viewBox=\"0 0 512 512\" class=\"svg-inline--fa fa-chart-bar fa-w-16 fa-2x\"><path fill=\"currentColor\" d=\"M396.8 352h22.4c6.4 0 12.8-6.4 12.8-12.8V108.8c0-6.4-6.4-12.8-12.8-12.8h-22.4c-6.4 0-12.8 6.4-12.8 12.8v230.4c0 6.4 6.4 12.8 12.8 12.8zm-192 0h22.4c6.4 0 12.8-6.4 12.8-12.8V140.8c0-6.4-6.4-12.8-12.8-12.8h-22.4c-6.4 0-12.8 6.4-12.8 12.8v198.4c0 6.4 6.4 12.8 12.8 12.8zm96 0h22.4c6.4 0 12.8-6.4 12.8-12.8V204.8c0-6.4-6.4-12.8-12.8-12.8h-22.4c-6.4 0-12.8 6.4-12.8 12.8v134.4c0 6.4 6.4 12.8 12.8 12.8zM496 400H48V80c0-8.84-7.16-16-16-16H16C7.16 64 0 71.16 0 80v336c0 17.67 14.33 32 32 32h464c8.84 0 16-7.16 16-16v-16c0-8.84-7.16-16-16-16zm-387.2-48h22.4c6.4 0 12.8-6.4 12.8-12.8v-70.4c0-6.4-6.4-12.8-12.8-12.8h-22.4c-6.4 0-12.8 6.4-12.8 12.8v70.4c0 6.4 6.4 12.8 12.8 12.8z\" class=\"\"><\/path><\/svg><\/i> <img loading=\"lazy\" decoding=\"async\" width=\"16\" height=\"16\" alt=\"Loading\" src=\"https:\/\/temucotelevision.cl\/web\/wp-content\/plugins\/page-views-count\/ajax-loader-2x.gif\" border=0 \/><\/p>\n<div class=\"pvc_clear\"><\/div>\n<p>ATENTOS !!! Te regalamos invitaciones para ver su recital, escr\u00edbenos y nombra una canci\u00f3n de Fabiana. JUEVES. De gira por<\/p>\n","protected":false},"author":1,"featured_media":47907,"comment_status":"open","ping_status":"open","sticky":false,"template":"","format":"standard","meta":{"colormag_page_container_layout":"default_layout","colormag_page_sidebar_layout":"default_layout","footnotes":""},"categories":[86],"tags":[391,6924,581],"class_list":["post-47906","post","type-post","status-publish","format-standard","has-post-thumbnail","hentry","category-panoramas","tag-dreams","tag-fabiana-cantilo","tag-gira"],"a3_pvc":{"activated":true,"total_views":2242,"today_views":0},"_links":{"self":[{"href":"https:\/\/temucotelevision.cl\/web\/wp-json\/wp\/v2\/posts\/47906","targetHints":{"allow":["GET"]}}],"collection":[{"href":"https:\/\/temucotelevision.cl\/web\/wp-json\/wp\/v2\/posts"}],"about":[{"href":"https:\/\/temucotelevision.cl\/web\/wp-json\/wp\/v2\/types\/post"}],"author":[{"embeddable":true,"href":"https:\/\/temucotelevision.cl\/web\/wp-json\/wp\/v2\/users\/1"}],"replies":[{"embeddable":true,"href":"https:\/\/temucotelevision.cl\/web\/wp-json\/wp\/v2\/comments?post=47906"}],"version-history":[{"count":3,"href":"https:\/\/temucotelevision.cl\/web\/wp-json\/wp\/v2\/posts\/47906\/revisions"}],"predecessor-version":[{"id":47911,"href":"https:\/\/temucotelevision.cl\/web\/wp-json\/wp\/v2\/posts\/47906\/revisions\/47911"}],"wp:featuredmedia":[{"embeddable":true,"href":"https:\/\/temucotelevision.cl\/web\/wp-json\/wp\/v2\/media\/47907"}],"wp:attachment":[{"href":"https:\/\/temucotelevision.cl\/web\/wp-json\/wp\/v2\/media?parent=47906"}],"wp:term":[{"taxonomy":"category","embeddable":true,"href":"https:\/\/temucotelevision.cl\/web\/wp-json\/wp\/v2\/categories?post=47906"},{"taxonomy":"post_tag","embeddable":true,"href":"https:\/\/temucotelevision.cl\/web\/wp-json\/wp\/v2\/tags?post=47906"}],"curies":[{"name":"wp","href":"https:\/\/api.w.org\/{rel}","templated":true}]}}