{"id":47877,"date":"2024-02-05T10:13:31","date_gmt":"2024-02-05T13:13:31","guid":{"rendered":"https:\/\/temucotelevision.cl\/web\/?p=47877"},"modified":"2024-02-05T10:13:32","modified_gmt":"2024-02-05T13:13:32","slug":"diputado-jorge-rathgeb-acusa-fallas-y-negligencias-por-incendios-en-zona-central","status":"publish","type":"post","link":"https:\/\/temucotelevision.cl\/web\/2024\/02\/05\/diputado-jorge-rathgeb-acusa-fallas-y-negligencias-por-incendios-en-zona-central\/","title":{"rendered":"Diputado Jorge Rathgeb acusa fallas y negligencias por incendios en zona central"},"content":{"rendered":"<div class=\"pvc_clear\"><\/div><p id=\"pvc_stats_47877\" class=\"pvc_stats total_only  \" data-element-id=\"47877\" style=\"\"><i class=\"pvc-stats-icon large\" aria-hidden=\"true\"><svg aria-hidden=\"true\" focusable=\"false\" data-prefix=\"far\" data-icon=\"chart-bar\" role=\"img\" xmlns=\"http:\/\/www.w3.org\/2000\/svg\" viewBox=\"0 0 512 512\" class=\"svg-inline--fa fa-chart-bar fa-w-16 fa-2x\"><path fill=\"currentColor\" d=\"M396.8 352h22.4c6.4 0 12.8-6.4 12.8-12.8V108.8c0-6.4-6.4-12.8-12.8-12.8h-22.4c-6.4 0-12.8 6.4-12.8 12.8v230.4c0 6.4 6.4 12.8 12.8 12.8zm-192 0h22.4c6.4 0 12.8-6.4 12.8-12.8V140.8c0-6.4-6.4-12.8-12.8-12.8h-22.4c-6.4 0-12.8 6.4-12.8 12.8v198.4c0 6.4 6.4 12.8 12.8 12.8zm96 0h22.4c6.4 0 12.8-6.4 12.8-12.8V204.8c0-6.4-6.4-12.8-12.8-12.8h-22.4c-6.4 0-12.8 6.4-12.8 12.8v134.4c0 6.4 6.4 12.8 12.8 12.8zM496 400H48V80c0-8.84-7.16-16-16-16H16C7.16 64 0 71.16 0 80v336c0 17.67 14.33 32 32 32h464c8.84 0 16-7.16 16-16v-16c0-8.84-7.16-16-16-16zm-387.2-48h22.4c6.4 0 12.8-6.4 12.8-12.8v-70.4c0-6.4-6.4-12.8-12.8-12.8h-22.4c-6.4 0-12.8 6.4-12.8 12.8v70.4c0 6.4 6.4 12.8 12.8 12.8z\" class=\"\"><\/path><\/svg><\/i> <img loading=\"lazy\" decoding=\"async\" width=\"16\" height=\"16\" alt=\"Loading\" src=\"https:\/\/temucotelevision.cl\/web\/wp-content\/plugins\/page-views-count\/ajax-loader-2x.gif\" border=0 \/><\/p><div class=\"pvc_clear\"><\/div>\n<p><strong>El parlamentario de Renovaci\u00f3n Nacional y miembro de la comisi\u00f3n de Emergencias, Cat\u00e1strofes y Bomberos de la C\u00e1mara se\u00f1al\u00f3 que desde agosto pidi\u00f3 a los municipios, Senapred y Conaf, antecedentes de c\u00f3mo combatir los siniestros, en algunos casos sin recibir respuesta y otros que si bien entregaron no se anticiparon a la temporada.<\/strong><\/p>\n\n\n\n<p>El pa\u00eds est\u00e1 de duelo debido a los incendios que se han registrado en los \u00faltimos d\u00edas, con mayor fuerza en la regi\u00f3n de Valpara\u00edso donde se ha perdido una gran cantidad de vidas humanas y el esfuerzo de familias que quedaron sin nada por las llamas.<\/p>\n\n\n\n<p>El diputado de Renovaci\u00f3n Nacional y miembro de la comisi\u00f3n de Emergencias, Cat\u00e1strofes y Bomberos de la C\u00e1mara Baja, Jorge Rathgeb Schifferli, coment\u00f3 que existen serias negligencias a la hora de combatir los siniestros y que en muchos municipios no se prepararon o fallaron en sus m\u00e9todos para reducir las posibilidades de incendios.<\/p>\n\n\n\n<p>Rathgeb indic\u00f3 que en agosto del 2023, ofici\u00f3 a Senapred nacional y Senapred, regi\u00f3n por regi\u00f3n desde la de Coquimbo a Los Lagos, situaci\u00f3n que se repiti\u00f3 con Conaf y tambi\u00e9n municipio por municipio.<\/p>\n\n\n\n<p>El congresista se\u00f1al\u00f3 que la gran mayor\u00eda de los municipios no respondieron, reiterando la solicitud a fines de noviembre, las que tampoco fueron contestadas y las que lo hicieron, fallaron en su forma de combatir las emergencias.<\/p>\n\n\n\n<p>&#8220;Como integrante de la comisi\u00f3n de Bomberos, Emergencias y Desastre en agosto del 2023 ofici\u00e9 a todos los municipios desde Coquimbo al sur, adem\u00e1s de Conaf y Senapred, a fin de que me entregaran los planes para enfrentar la \u00e9poca estival y particularmente el tema de los incendios. En muchos casos no respondieron y tuve que reiterar la solicitud en algunos casos sin respuesta, entonces quisiera saber \u00bfQu\u00e9 sucedi\u00f3 con los planes que entreg\u00f3 Senapred, Conaf y el municipio de Vi\u00f1a del Mar, respecto de c\u00f3mo iban a enfrentar esta \u00e9poca estival? porque claramente el plan no dio resultados o no lo hicieron como corresponde, entonces deben dar una explicaci\u00f3n respecto de lo que sucedi\u00f3 y todos los da\u00f1os causados, producto de una mala ejecuci\u00f3n\u201d, remarc\u00f3 el congresista.<\/p>\n\n\n\n<p>El diputado Rathgeb se\u00f1al\u00f3 que ac\u00e1 no se tomaron los resguardos y que lo ocurrido en verano anterior tampoco sirvi\u00f3 de ejemplo, lo que se gr\u00e1fica con fallecidos, personas desaparecidas y miles de viviendas destruidas.<\/p>\n\n\n\n<p>Para finalizar el parlamentario agreg\u00f3 que una vez que se retome la actividad legislativa propondr\u00e1 de inmediato una comisi\u00f3n investigadora, tomando en consideraci\u00f3n la magnitud de esta cat\u00e1strofe que enluta al pa\u00eds.<\/p>\n","protected":false},"excerpt":{"rendered":"<div class=\"pvc_clear\"><\/div>\n<p id=\"pvc_stats_47877\" class=\"pvc_stats total_only  \" data-element-id=\"47877\" style=\"\"><i class=\"pvc-stats-icon large\" aria-hidden=\"true\"><svg aria-hidden=\"true\" focusable=\"false\" data-prefix=\"far\" data-icon=\"chart-bar\" role=\"img\" xmlns=\"http:\/\/www.w3.org\/2000\/svg\" viewBox=\"0 0 512 512\" class=\"svg-inline--fa fa-chart-bar fa-w-16 fa-2x\"><path fill=\"currentColor\" d=\"M396.8 352h22.4c6.4 0 12.8-6.4 12.8-12.8V108.8c0-6.4-6.4-12.8-12.8-12.8h-22.4c-6.4 0-12.8 6.4-12.8 12.8v230.4c0 6.4 6.4 12.8 12.8 12.8zm-192 0h22.4c6.4 0 12.8-6.4 12.8-12.8V140.8c0-6.4-6.4-12.8-12.8-12.8h-22.4c-6.4 0-12.8 6.4-12.8 12.8v198.4c0 6.4 6.4 12.8 12.8 12.8zm96 0h22.4c6.4 0 12.8-6.4 12.8-12.8V204.8c0-6.4-6.4-12.8-12.8-12.8h-22.4c-6.4 0-12.8 6.4-12.8 12.8v134.4c0 6.4 6.4 12.8 12.8 12.8zM496 400H48V80c0-8.84-7.16-16-16-16H16C7.16 64 0 71.16 0 80v336c0 17.67 14.33 32 32 32h464c8.84 0 16-7.16 16-16v-16c0-8.84-7.16-16-16-16zm-387.2-48h22.4c6.4 0 12.8-6.4 12.8-12.8v-70.4c0-6.4-6.4-12.8-12.8-12.8h-22.4c-6.4 0-12.8 6.4-12.8 12.8v70.4c0 6.4 6.4 12.8 12.8 12.8z\" class=\"\"><\/path><\/svg><\/i> <img loading=\"lazy\" decoding=\"async\" width=\"16\" height=\"16\" alt=\"Loading\" src=\"https:\/\/temucotelevision.cl\/web\/wp-content\/plugins\/page-views-count\/ajax-loader-2x.gif\" border=0 \/><\/p>\n<div class=\"pvc_clear\"><\/div>\n<p>El parlamentario de Renovaci\u00f3n Nacional y miembro de la comisi\u00f3n de Emergencias, Cat\u00e1strofes y Bomberos de la C\u00e1mara se\u00f1al\u00f3 que<\/p>\n","protected":false},"author":1,"featured_media":47878,"comment_status":"open","ping_status":"open","sticky":false,"template":"","format":"standard","meta":{"colormag_page_container_layout":"default_layout","colormag_page_sidebar_layout":"default_layout","footnotes":""},"categories":[15,84],"tags":[154,266],"class_list":["post-47877","post","type-post","status-publish","format-standard","has-post-thumbnail","hentry","category-la-araucania","category-politica","tag-diputado","tag-incendios"],"a3_pvc":{"activated":true,"total_views":2488,"today_views":0},"_links":{"self":[{"href":"https:\/\/temucotelevision.cl\/web\/wp-json\/wp\/v2\/posts\/47877","targetHints":{"allow":["GET"]}}],"collection":[{"href":"https:\/\/temucotelevision.cl\/web\/wp-json\/wp\/v2\/posts"}],"about":[{"href":"https:\/\/temucotelevision.cl\/web\/wp-json\/wp\/v2\/types\/post"}],"author":[{"embeddable":true,"href":"https:\/\/temucotelevision.cl\/web\/wp-json\/wp\/v2\/users\/1"}],"replies":[{"embeddable":true,"href":"https:\/\/temucotelevision.cl\/web\/wp-json\/wp\/v2\/comments?post=47877"}],"version-history":[{"count":1,"href":"https:\/\/temucotelevision.cl\/web\/wp-json\/wp\/v2\/posts\/47877\/revisions"}],"predecessor-version":[{"id":47879,"href":"https:\/\/temucotelevision.cl\/web\/wp-json\/wp\/v2\/posts\/47877\/revisions\/47879"}],"wp:featuredmedia":[{"embeddable":true,"href":"https:\/\/temucotelevision.cl\/web\/wp-json\/wp\/v2\/media\/47878"}],"wp:attachment":[{"href":"https:\/\/temucotelevision.cl\/web\/wp-json\/wp\/v2\/media?parent=47877"}],"wp:term":[{"taxonomy":"category","embeddable":true,"href":"https:\/\/temucotelevision.cl\/web\/wp-json\/wp\/v2\/categories?post=47877"},{"taxonomy":"post_tag","embeddable":true,"href":"https:\/\/temucotelevision.cl\/web\/wp-json\/wp\/v2\/tags?post=47877"}],"curies":[{"name":"wp","href":"https:\/\/api.w.org\/{rel}","templated":true}]}}