{"id":47522,"date":"2024-01-23T12:22:52","date_gmt":"2024-01-23T15:22:52","guid":{"rendered":"https:\/\/temucotelevision.cl\/web\/?p=47522"},"modified":"2024-01-23T12:23:21","modified_gmt":"2024-01-23T15:23:21","slug":"parque-cmpc-pumalal-celebra-su-primer-aniversario","status":"publish","type":"post","link":"https:\/\/temucotelevision.cl\/web\/2024\/01\/23\/parque-cmpc-pumalal-celebra-su-primer-aniversario\/","title":{"rendered":"Parque CMPC Pumalal celebra su primer aniversario"},"content":{"rendered":"<div class=\"pvc_clear\"><\/div><p id=\"pvc_stats_47522\" class=\"pvc_stats total_only  \" data-element-id=\"47522\" style=\"\"><i class=\"pvc-stats-icon large\" aria-hidden=\"true\"><svg aria-hidden=\"true\" focusable=\"false\" data-prefix=\"far\" data-icon=\"chart-bar\" role=\"img\" xmlns=\"http:\/\/www.w3.org\/2000\/svg\" viewBox=\"0 0 512 512\" class=\"svg-inline--fa fa-chart-bar fa-w-16 fa-2x\"><path fill=\"currentColor\" d=\"M396.8 352h22.4c6.4 0 12.8-6.4 12.8-12.8V108.8c0-6.4-6.4-12.8-12.8-12.8h-22.4c-6.4 0-12.8 6.4-12.8 12.8v230.4c0 6.4 6.4 12.8 12.8 12.8zm-192 0h22.4c6.4 0 12.8-6.4 12.8-12.8V140.8c0-6.4-6.4-12.8-12.8-12.8h-22.4c-6.4 0-12.8 6.4-12.8 12.8v198.4c0 6.4 6.4 12.8 12.8 12.8zm96 0h22.4c6.4 0 12.8-6.4 12.8-12.8V204.8c0-6.4-6.4-12.8-12.8-12.8h-22.4c-6.4 0-12.8 6.4-12.8 12.8v134.4c0 6.4 6.4 12.8 12.8 12.8zM496 400H48V80c0-8.84-7.16-16-16-16H16C7.16 64 0 71.16 0 80v336c0 17.67 14.33 32 32 32h464c8.84 0 16-7.16 16-16v-16c0-8.84-7.16-16-16-16zm-387.2-48h22.4c6.4 0 12.8-6.4 12.8-12.8v-70.4c0-6.4-6.4-12.8-12.8-12.8h-22.4c-6.4 0-12.8 6.4-12.8 12.8v70.4c0 6.4 6.4 12.8 12.8 12.8z\" class=\"\"><\/path><\/svg><\/i> <img loading=\"lazy\" decoding=\"async\" width=\"16\" height=\"16\" alt=\"Loading\" src=\"https:\/\/temucotelevision.cl\/web\/wp-content\/plugins\/page-views-count\/ajax-loader-2x.gif\" border=0 \/><\/p><div class=\"pvc_clear\"><\/div>\n<ul class=\"wp-block-list\">\n<li><em>Con una Xduatl\u00f3n<\/em><em> se dio inicio a la semana de actividades preparadas para toda la comunidad.<\/em><\/li>\n<\/ul>\n\n\n\n<p>En enero de 2024 se cumple un a\u00f1o desde la inauguraci\u00f3n del Parque CMPC Pumalal, una iniciativa de Bosque Vivo que se encuentra emplazada en Temuco, &nbsp;y como parte de las festividades de su primer aniversario, la comunidad est\u00e1 cordialmente invitada a disfrutar de las actividades programadas &nbsp;en el parque durante la semana.<\/p>\n\n\n\n<p>Como puntapi\u00e9 inicial de esta celebraci\u00f3n, <strong>el domingo 21 de enero se realiz\u00f3 la \u201cXduatl\u00f3n&#8221;,<\/strong> una innovadora competencia que une las disciplinas del trail running y el mountain bike, desafiando a los participantes a conquistar rutas off-road en un evento \u00fanico.<\/p>\n\n\n\n<p>El Xduatl\u00f3n &nbsp;-en el marco del aniversario del Parque CMPC Pumalal\u2013 reuni\u00f3 a 20 participantes que corrieron 10 km en cerro en la disciplina de trail running, y 16km en bicicleta. En total, los competidores partieron con dos vueltas por el circuito de trail, luego dos giros al circuito de mountain bike, terminando con otro giro al de trail running.<\/p>\n\n\n\n<p>\u201cEstamos cerrando la primera edici\u00f3n piloto del Xduatl\u00f3n by equipo Aventura,&nbsp; la que fue una actividad bastante familiar y muy de camarader\u00eda. &nbsp;Los corredores se la jugaron con el calor que hizo, la verdad &nbsp;es que todos fueron muy jugados con la actividad. Es bueno tambi\u00e9n &nbsp;reconocer el trabajo del &nbsp;destacado deportista aventura y entrenador Luis \u201cPatag\u00f3n\u201d Soto y &nbsp;su equipo que apoyaron en la organizaci\u00f3n del evento; &nbsp;y a todos los que participaron y se motivaron para competir en esta Xduatl\u00f3n\u201d, coment\u00f3 Mart\u00edn Fla\u00f1o, coordinador Outlife de Bosque Vivo.<\/p>\n\n\n\n<p>La jornada comenz\u00f3 alrededor de 9.00 horas con la entrega de dorsales con su respectiva acreditaci\u00f3n para los competidores y a las 10.15 horas se dio el vamos al evento con tres giros de trote y dos de bicicleta para llegar a la esperada meta.<\/p>\n\n\n\n<p>Luego de tres horas de emoci\u00f3n se definieron los ganadores de este primer \u201cXduatl\u00f3n\u201d. En varones lleg\u00f3 en primer lugar Mart\u00edn Schurch (19) estudiante de Ingenier\u00eda en Medio Ambiente y en damas, Marla Coll\u00edo (27) tecn\u00f3loga m\u00e9dica.<\/p>\n\n\n\n<p>\u201cMe pareci\u00f3 una gran carrera muy dura y un gran circuito. Adem\u00e1s, lo disfrut\u00e9 al m\u00e1ximo as\u00ed que muy feliz con el primer lugar. Yo invitar\u00eda a m\u00e1s personas a sumarse al deporte, porque tenemos un lujo como pa\u00eds, una gran zona sobre todo aqu\u00ed en La Araucan\u00eda y lo m\u00e1s importante aprovechar y pasarlo bien con la comunidad y con todo el ambiente. Para m\u00ed ha sido una gran ayuda el deporte y creo que te ayuda hacer m\u00e1s disciplinado en todo \u00e1mbito, en los estudios, en la vida en general, as\u00ed que los invito a todos a sumarse y ojal\u00e1 a vernos en la pista\u201d, manifest\u00f3 el deportista temuquense Mart\u00edn Schurch.<\/p>\n\n\n\n<p>\u201cLa carrera estuvo dur\u00edsima m\u00e1s que nada, porque fue mi primera experiencia y me dedico al trail hace como nueve meses aproximadamente, pero la parte de la bicicleta nunca la hab\u00eda experimentado, as\u00ed eso fue lo m\u00e1s duro. Es una carrera s\u00faper llamativa por la manera en que hacen los circuitos como que cada disciplina tiene su propio desaf\u00edo. Entonces, igual estuvo muy densa, pero maravillosos los senderos, genial escuchar a los Chuchaos en el sendero y en el camino. As\u00ed que la competencia estuvo muy linda, ya que los senderos est\u00e1n marcados para este tipo de actividades y no hab\u00eda opci\u00f3n de perderse, muy buena la organizaci\u00f3n. Por lo tanto, fue una muy buena experiencia y feliz por ganar el primer lugar, la verdad es que no me lo esperaba, porque yo ven\u00eda con poca fe, pero gracias a Dios se pudo\u201d, dijo la deportista collipullense Marla Coll\u00edo.<\/p>\n\n\n\n<p>Esta actividad fue organizada con el apoyo del Equipo Aventura, Columbia, CMPC y Outlife en el Parque CMPC Pumalal, el que fue escenario de la primera competencia de estas caracter\u00edsticas.<\/p>\n\n\n\n<p>Luego, la semana de aniversario continuar\u00e1 con un <strong>trekking guiado el d\u00eda mi\u00e9rcoles 24 de enero a las 11:00 horas. <\/strong>Este ser\u00e1 un trekking familiar que tendr\u00e1 como escenario el sendero Valle, que tiene una dificultad media. El trekking que durar\u00e1 cerca de 2 horas, &nbsp;terminar\u00e1 con un picnic con todos los participantes.<\/p>\n\n\n\n<p>Inscripciones abiertas para toda la familia <a href=\"https:\/\/servicios.bosquevivocmpc.com\/tienda-online\">ac\u00e1<\/a>.<\/p>\n\n\n\n<p><strong>Se viene el \u201cPumalunch\u201d<\/strong><\/p>\n\n\n\n<p>El punto culminante del aniversario ser\u00e1 el <strong>&#8220;Pumalunch&#8221;,<\/strong> un d\u00eda dedicado a la cultura, el emprendimiento y la gastronom\u00eda local. Este evento, que se realizar\u00e1 el<strong> s\u00e1bado 27 de enero<\/strong>, &nbsp;partir\u00e1 a las 10:30 horas con activaciones deportivas, para m\u00e1s tarde ofrecer m\u00fasica en vivo, y &nbsp;opciones gastron\u00f3micas &nbsp;de emprendedores locales, a trav\u00e9s de foodtrucks. Adem\u00e1s el Pumalunch tiene programado un trekking familiar y una actividad de mountain bike para los m\u00e1s peque\u00f1os. Estas actividades contar\u00e1n con el apoyo de la organizaci\u00f3n Fit4Kids, quienes coordinar\u00e1n las activaciones para ni\u00f1os y pondr\u00e1n monitores para el trekking familiar. Asimismo, la jornada contar\u00e1 con subidas en camioneta a la cima del parque, para quienes quieran bajar en bicicleta (estas \u00faltimas ser\u00e1n limitadas por orden de llegada).&nbsp;<\/p>\n\n\n\n<p>En el marco del aniversario n\u00famero uno del Parque CMPC Pumalal, Juan Pablo Fuentes, subgerente de Relacionamiento Sur de CMPC, coment\u00f3 acerca esta iniciativa que suma m\u00e1s \u00e1reas verdes para la comuna de Temuco, destacando que desde su apertura el recinto ya cuenta con m\u00e1s de 20 mil visitantes: \u201cAbrir nuestros bosques y plantaciones a las familias, turistas y&nbsp; a las comunidades deportivas que aman y valoran la naturaleza, &nbsp;es el prop\u00f3sito que tiene la iniciativa Bosque Vivo que impulsa CMPC y que se concreta en la Regi\u00f3n de La Araucan\u00eda con la apertura de tres parques, Junquillar de Angol, Lastarria de Loncoche y Pumalal en Temuco\u201d.&nbsp;<\/p>\n\n\n\n<p>&#8220;El primer aniversario de Parque CMPC Pumalal es una ocasi\u00f3n especial para celebrar con nuestra comunidad. Queremos invitar a todos a participar en estas emocionantes actividades y disfrutar de una semana en familia y conexi\u00f3n con la naturaleza. Los esperamos a todos y todas en el trekking guiado del mi\u00e9rcoles, y a disfrutar de una jornada de contacto con la naturaleza el s\u00e1bado en Pumalunch&#8221;, expres\u00f3 Mart\u00edn Fla\u00f1o, coordinador Outlife de Bosque Vivo.<\/p>\n\n\n\n<p>Adem\u00e1s de las actividades de inicio y cierre, durante la semana Parque CMPC Pumalal se encontrar\u00e1 abierto para que las personas puedan disfrutar de sus pistas de mountain bike, de trekking y trail running, y de las incre\u00edbles vistas a los volcanes de la zona. Adem\u00e1s, el parque tiene una plaza con juegos infantiles, y un pumptrack para todas las edades.<\/p>\n\n\n\n<p><strong>Sobre el Parque CMPC Pumalal<\/strong><\/p>\n\n\n\n<p>Parque CMPC Pumalal pertenece a Bosque Vivo, una iniciativa de CMPC que cuenta con el apoyo de Outlife, y que busca acercar los bosques, la naturaleza y la educaci\u00f3n ambiental a la comunidad.<\/p>\n\n\n\n<p><strong>Horario:<\/strong> el parque est\u00e1 abierto de lunes a domingo, de 08:00 a 20:00 horas<\/p>\n\n\n\n<p><strong>Busca c\u00f3mo llegar al parque en su p\u00e1gina: <\/strong>www.bosquevivocmpc.com\/parques\/pumalal\/<\/p>\n\n\n\n<figure class=\"wp-block-image size-full\"><img loading=\"lazy\" decoding=\"async\" width=\"952\" height=\"633\" src=\"https:\/\/temucotelevision.cl\/web\/wp-content\/uploads\/2024\/01\/trail-running-en-sendero-parque.jpg\" alt=\"\" class=\"wp-image-47524\" srcset=\"https:\/\/temucotelevision.cl\/web\/wp-content\/uploads\/2024\/01\/trail-running-en-sendero-parque.jpg 952w, https:\/\/temucotelevision.cl\/web\/wp-content\/uploads\/2024\/01\/trail-running-en-sendero-parque-768x511.jpg 768w\" sizes=\"auto, (max-width: 952px) 100vw, 952px\" \/><\/figure>\n","protected":false},"excerpt":{"rendered":"<div class=\"pvc_clear\"><\/div>\n<p id=\"pvc_stats_47522\" class=\"pvc_stats total_only  \" data-element-id=\"47522\" style=\"\"><i class=\"pvc-stats-icon large\" aria-hidden=\"true\"><svg aria-hidden=\"true\" focusable=\"false\" data-prefix=\"far\" data-icon=\"chart-bar\" role=\"img\" xmlns=\"http:\/\/www.w3.org\/2000\/svg\" viewBox=\"0 0 512 512\" class=\"svg-inline--fa fa-chart-bar fa-w-16 fa-2x\"><path fill=\"currentColor\" d=\"M396.8 352h22.4c6.4 0 12.8-6.4 12.8-12.8V108.8c0-6.4-6.4-12.8-12.8-12.8h-22.4c-6.4 0-12.8 6.4-12.8 12.8v230.4c0 6.4 6.4 12.8 12.8 12.8zm-192 0h22.4c6.4 0 12.8-6.4 12.8-12.8V140.8c0-6.4-6.4-12.8-12.8-12.8h-22.4c-6.4 0-12.8 6.4-12.8 12.8v198.4c0 6.4 6.4 12.8 12.8 12.8zm96 0h22.4c6.4 0 12.8-6.4 12.8-12.8V204.8c0-6.4-6.4-12.8-12.8-12.8h-22.4c-6.4 0-12.8 6.4-12.8 12.8v134.4c0 6.4 6.4 12.8 12.8 12.8zM496 400H48V80c0-8.84-7.16-16-16-16H16C7.16 64 0 71.16 0 80v336c0 17.67 14.33 32 32 32h464c8.84 0 16-7.16 16-16v-16c0-8.84-7.16-16-16-16zm-387.2-48h22.4c6.4 0 12.8-6.4 12.8-12.8v-70.4c0-6.4-6.4-12.8-12.8-12.8h-22.4c-6.4 0-12.8 6.4-12.8 12.8v70.4c0 6.4 6.4 12.8 12.8 12.8z\" class=\"\"><\/path><\/svg><\/i> <img loading=\"lazy\" decoding=\"async\" width=\"16\" height=\"16\" alt=\"Loading\" src=\"https:\/\/temucotelevision.cl\/web\/wp-content\/plugins\/page-views-count\/ajax-loader-2x.gif\" border=0 \/><\/p>\n<div class=\"pvc_clear\"><\/div>\n<p>En enero de 2024 se cumple un a\u00f1o desde la inauguraci\u00f3n del Parque CMPC Pumalal, una iniciativa de Bosque Vivo<\/p>\n","protected":false},"author":1,"featured_media":37881,"comment_status":"open","ping_status":"open","sticky":false,"template":"","format":"standard","meta":{"colormag_page_container_layout":"default_layout","colormag_page_sidebar_layout":"default_layout","footnotes":""},"categories":[86],"tags":[279,3699],"class_list":["post-47522","post","type-post","status-publish","format-standard","has-post-thumbnail","hentry","category-panoramas","tag-parque","tag-pumalal"],"a3_pvc":{"activated":true,"total_views":1421,"today_views":0},"_links":{"self":[{"href":"https:\/\/temucotelevision.cl\/web\/wp-json\/wp\/v2\/posts\/47522","targetHints":{"allow":["GET"]}}],"collection":[{"href":"https:\/\/temucotelevision.cl\/web\/wp-json\/wp\/v2\/posts"}],"about":[{"href":"https:\/\/temucotelevision.cl\/web\/wp-json\/wp\/v2\/types\/post"}],"author":[{"embeddable":true,"href":"https:\/\/temucotelevision.cl\/web\/wp-json\/wp\/v2\/users\/1"}],"replies":[{"embeddable":true,"href":"https:\/\/temucotelevision.cl\/web\/wp-json\/wp\/v2\/comments?post=47522"}],"version-history":[{"count":2,"href":"https:\/\/temucotelevision.cl\/web\/wp-json\/wp\/v2\/posts\/47522\/revisions"}],"predecessor-version":[{"id":47525,"href":"https:\/\/temucotelevision.cl\/web\/wp-json\/wp\/v2\/posts\/47522\/revisions\/47525"}],"wp:featuredmedia":[{"embeddable":true,"href":"https:\/\/temucotelevision.cl\/web\/wp-json\/wp\/v2\/media\/37881"}],"wp:attachment":[{"href":"https:\/\/temucotelevision.cl\/web\/wp-json\/wp\/v2\/media?parent=47522"}],"wp:term":[{"taxonomy":"category","embeddable":true,"href":"https:\/\/temucotelevision.cl\/web\/wp-json\/wp\/v2\/categories?post=47522"},{"taxonomy":"post_tag","embeddable":true,"href":"https:\/\/temucotelevision.cl\/web\/wp-json\/wp\/v2\/tags?post=47522"}],"curies":[{"name":"wp","href":"https:\/\/api.w.org\/{rel}","templated":true}]}}