{"id":47243,"date":"2024-01-03T16:08:57","date_gmt":"2024-01-03T19:08:57","guid":{"rendered":"https:\/\/temucotelevision.cl\/web\/?p=47243"},"modified":"2024-01-03T16:09:25","modified_gmt":"2024-01-03T19:09:25","slug":"12-estudiantes-de-la-region-son-destacados-tras-resultados-paes-para-el-proceso-de-admision-a-la-educacion-superior-2024","status":"publish","type":"post","link":"https:\/\/temucotelevision.cl\/web\/2024\/01\/03\/12-estudiantes-de-la-region-son-destacados-tras-resultados-paes-para-el-proceso-de-admision-a-la-educacion-superior-2024\/","title":{"rendered":"<em>12 estudiantes de la regi\u00f3n son destacados tras resultados PAES para el proceso de Admisi\u00f3n a la Educaci\u00f3n Superior 2024<\/em>"},"content":{"rendered":"<div class=\"pvc_clear\"><\/div><p id=\"pvc_stats_47243\" class=\"pvc_stats total_only  \" data-element-id=\"47243\" style=\"\"><i class=\"pvc-stats-icon large\" aria-hidden=\"true\"><svg aria-hidden=\"true\" focusable=\"false\" data-prefix=\"far\" data-icon=\"chart-bar\" role=\"img\" xmlns=\"http:\/\/www.w3.org\/2000\/svg\" viewBox=\"0 0 512 512\" class=\"svg-inline--fa fa-chart-bar fa-w-16 fa-2x\"><path fill=\"currentColor\" d=\"M396.8 352h22.4c6.4 0 12.8-6.4 12.8-12.8V108.8c0-6.4-6.4-12.8-12.8-12.8h-22.4c-6.4 0-12.8 6.4-12.8 12.8v230.4c0 6.4 6.4 12.8 12.8 12.8zm-192 0h22.4c6.4 0 12.8-6.4 12.8-12.8V140.8c0-6.4-6.4-12.8-12.8-12.8h-22.4c-6.4 0-12.8 6.4-12.8 12.8v198.4c0 6.4 6.4 12.8 12.8 12.8zm96 0h22.4c6.4 0 12.8-6.4 12.8-12.8V204.8c0-6.4-6.4-12.8-12.8-12.8h-22.4c-6.4 0-12.8 6.4-12.8 12.8v134.4c0 6.4 6.4 12.8 12.8 12.8zM496 400H48V80c0-8.84-7.16-16-16-16H16C7.16 64 0 71.16 0 80v336c0 17.67 14.33 32 32 32h464c8.84 0 16-7.16 16-16v-16c0-8.84-7.16-16-16-16zm-387.2-48h22.4c6.4 0 12.8-6.4 12.8-12.8v-70.4c0-6.4-6.4-12.8-12.8-12.8h-22.4c-6.4 0-12.8 6.4-12.8 12.8v70.4c0 6.4 6.4 12.8 12.8 12.8z\" class=\"\"><\/path><\/svg><\/i> <img loading=\"lazy\" decoding=\"async\" width=\"16\" height=\"16\" alt=\"Loading\" src=\"https:\/\/temucotelevision.cl\/web\/wp-content\/plugins\/page-views-count\/ajax-loader-2x.gif\" border=0 \/><\/p><div class=\"pvc_clear\"><\/div>\n<p><em>Estudiantes provienen de establecimientos de las comunas de Temuco, Angol y Teodoro Schmidt<\/em><\/p>\n\n\n\n<p>Con la presencia del Delegado Presidencial Regional, Jos\u00e9 Montalva Feuerhake y la Secretaria Regional Ministerial de Educaci\u00f3n, Marcela Castro Armijo, se realiz\u00f3 el tradicional desayuno de reconocimiento a los estudiantes que destacan en la Prueba de Acceso a la Educaci\u00f3n Superior (PAES).<\/p>\n\n\n\n<p>En la oportunidad, la titular de Educaci\u00f3n destac\u00f3 que con la distinci\u00f3n a las trayectorias educativas se dej\u00f3 atr\u00e1s los conocidos como puntajes nacionales, en atenci\u00f3n a que la mirada del Gobierno est\u00e1 en reconocer el proceso que incluye el contexto del estudiante.<\/p>\n\n\n\n<p>Por lo anterior, las categor\u00edas destacadas en La Araucan\u00eda son: Pueblos Originarios, Territorio y modalidad de ense\u00f1anza (*ver n\u00f3mina completa).<\/p>\n\n\n\n<p>Por su parte, el delegado Montalva asegur\u00f3 que es vital considerar los desaf\u00edos como regi\u00f3n para que el talento se quede en la zona, junto con destacar el conocimiento y opini\u00f3n critica que los estudiantes tienen sobre diversos temas de la actualidad regional.<\/p>\n\n\n\n<p>Respecto de los estudiantes destacados, provienen de diversos establecimientos, entre ellos el Liceo Bicentenario de Temuco, el Complejo Nueva Alborada de Teodoro Schmidt perteneciente al Servicio Local Costa Araucan\u00eda, Colegio Centenario de Temuco, Liceo Camilo Henr\u00edquez , Colegio Greenhouse, Liceo Pablo Neruda y Colegio San Jos\u00e9 de Angol<\/p>\n\n\n\n<p>En la oportunidad, Sim\u00f3n Serrano Luarte estudiante del Complejo Nueva Alborada, dijo ser un orgulloso estudiante de la educaci\u00f3n p\u00fablica instando a los que se preparan a creer en el talento independiente de la dependencia del establecimiento. Mientras, Antonia Torres Figueroa del Colegio Greenhouse de Temuco valor\u00f3 el haber sido reconocida y finalmente, Claudio Aguilera Sandoval del Colegio Centenario indic\u00f3 que respecto de sus horizontes acad\u00e9micos est\u00e1n en Concepci\u00f3n donde eval\u00faa estudiar una carrera vinculada al \u00e1rea aeroespacial.<\/p>\n\n\n\n<p>Las autoridades informaron que en la regi\u00f3n 14.723 personas rindieron la prueba en este proceso, lo que representa un aumento respecto al a\u00f1o anterior. Siendo un total de 13071 las personas que se encuentran habilitadas para postular a las universidades.<\/p>\n\n\n\n<p>Respecto de los resultados el promedio regional alcanza en Matem\u00e1ticas 1, 585 puntos; en Comprensi\u00f3n Lectora 582, en Historia y Ciencias Sociales 475, en Ciencias 477 puntos y en Matem\u00e1ticas 2 392 puntos.<\/p>\n\n\n\n<p>Pr\u00f3ximas etapas<\/p>\n\n\n\n<p>Con la entrega de los resultados de la Prueba de Acceso a la Educaci\u00f3n Superior (PAES), se dio por finalizado el proceso de rendici\u00f3n, dando paso ahora a las postulaciones a las universidades. Este proceso ser\u00e1 hasta el viernes 5 de enero, a las 13:00 horas.<\/p>\n\n\n\n<p>Posteriormente, se entregar\u00e1n los resultados de selecci\u00f3n el martes 16 enero, a las 12 del d\u00eda, dando paso al primer per\u00edodo de matr\u00edcula desde el mi\u00e9rcoles 17 al viernes 19 de enero, exclusivo para los seleccionados. Para los convocados desde las listas de espera, el proceso de matr\u00edcula ser\u00e1 del 20 al 26 de enero.<\/p>\n","protected":false},"excerpt":{"rendered":"<div class=\"pvc_clear\"><\/div>\n<p id=\"pvc_stats_47243\" class=\"pvc_stats total_only  \" data-element-id=\"47243\" style=\"\"><i class=\"pvc-stats-icon large\" aria-hidden=\"true\"><svg aria-hidden=\"true\" focusable=\"false\" data-prefix=\"far\" data-icon=\"chart-bar\" role=\"img\" xmlns=\"http:\/\/www.w3.org\/2000\/svg\" viewBox=\"0 0 512 512\" class=\"svg-inline--fa fa-chart-bar fa-w-16 fa-2x\"><path fill=\"currentColor\" d=\"M396.8 352h22.4c6.4 0 12.8-6.4 12.8-12.8V108.8c0-6.4-6.4-12.8-12.8-12.8h-22.4c-6.4 0-12.8 6.4-12.8 12.8v230.4c0 6.4 6.4 12.8 12.8 12.8zm-192 0h22.4c6.4 0 12.8-6.4 12.8-12.8V140.8c0-6.4-6.4-12.8-12.8-12.8h-22.4c-6.4 0-12.8 6.4-12.8 12.8v198.4c0 6.4 6.4 12.8 12.8 12.8zm96 0h22.4c6.4 0 12.8-6.4 12.8-12.8V204.8c0-6.4-6.4-12.8-12.8-12.8h-22.4c-6.4 0-12.8 6.4-12.8 12.8v134.4c0 6.4 6.4 12.8 12.8 12.8zM496 400H48V80c0-8.84-7.16-16-16-16H16C7.16 64 0 71.16 0 80v336c0 17.67 14.33 32 32 32h464c8.84 0 16-7.16 16-16v-16c0-8.84-7.16-16-16-16zm-387.2-48h22.4c6.4 0 12.8-6.4 12.8-12.8v-70.4c0-6.4-6.4-12.8-12.8-12.8h-22.4c-6.4 0-12.8 6.4-12.8 12.8v70.4c0 6.4 6.4 12.8 12.8 12.8z\" class=\"\"><\/path><\/svg><\/i> <img loading=\"lazy\" decoding=\"async\" width=\"16\" height=\"16\" alt=\"Loading\" src=\"https:\/\/temucotelevision.cl\/web\/wp-content\/plugins\/page-views-count\/ajax-loader-2x.gif\" border=0 \/><\/p>\n<div class=\"pvc_clear\"><\/div>\n<p>Estudiantes provienen de establecimientos de las comunas de Temuco, Angol y Teodoro Schmidt Con la presencia del Delegado Presidencial Regional,<\/p>\n","protected":false},"author":1,"featured_media":47242,"comment_status":"open","ping_status":"open","sticky":false,"template":"","format":"standard","meta":{"colormag_page_container_layout":"default_layout","colormag_page_sidebar_layout":"default_layout","footnotes":""},"categories":[14],"tags":[150],"class_list":["post-47243","post","type-post","status-publish","format-standard","has-post-thumbnail","hentry","category-temuco","tag-estudiantes"],"a3_pvc":{"activated":true,"total_views":2469,"today_views":0},"_links":{"self":[{"href":"https:\/\/temucotelevision.cl\/web\/wp-json\/wp\/v2\/posts\/47243","targetHints":{"allow":["GET"]}}],"collection":[{"href":"https:\/\/temucotelevision.cl\/web\/wp-json\/wp\/v2\/posts"}],"about":[{"href":"https:\/\/temucotelevision.cl\/web\/wp-json\/wp\/v2\/types\/post"}],"author":[{"embeddable":true,"href":"https:\/\/temucotelevision.cl\/web\/wp-json\/wp\/v2\/users\/1"}],"replies":[{"embeddable":true,"href":"https:\/\/temucotelevision.cl\/web\/wp-json\/wp\/v2\/comments?post=47243"}],"version-history":[{"count":1,"href":"https:\/\/temucotelevision.cl\/web\/wp-json\/wp\/v2\/posts\/47243\/revisions"}],"predecessor-version":[{"id":47244,"href":"https:\/\/temucotelevision.cl\/web\/wp-json\/wp\/v2\/posts\/47243\/revisions\/47244"}],"wp:featuredmedia":[{"embeddable":true,"href":"https:\/\/temucotelevision.cl\/web\/wp-json\/wp\/v2\/media\/47242"}],"wp:attachment":[{"href":"https:\/\/temucotelevision.cl\/web\/wp-json\/wp\/v2\/media?parent=47243"}],"wp:term":[{"taxonomy":"category","embeddable":true,"href":"https:\/\/temucotelevision.cl\/web\/wp-json\/wp\/v2\/categories?post=47243"},{"taxonomy":"post_tag","embeddable":true,"href":"https:\/\/temucotelevision.cl\/web\/wp-json\/wp\/v2\/tags?post=47243"}],"curies":[{"name":"wp","href":"https:\/\/api.w.org\/{rel}","templated":true}]}}