{"id":47238,"date":"2024-01-03T15:10:55","date_gmt":"2024-01-03T18:10:55","guid":{"rendered":"https:\/\/temucotelevision.cl\/web\/?p=47238"},"modified":"2024-01-03T15:11:43","modified_gmt":"2024-01-03T18:11:43","slug":"pdi-detuvo-en-traiguen-a-hombre-por-violacion-amenazas-y-lesiones-contra-su-pareja","status":"publish","type":"post","link":"https:\/\/temucotelevision.cl\/web\/2024\/01\/03\/pdi-detuvo-en-traiguen-a-hombre-por-violacion-amenazas-y-lesiones-contra-su-pareja\/","title":{"rendered":"PDI detuvo en Traigu\u00e9n a hombre por violaci\u00f3n, amenazas y lesiones contra su pareja"},"content":{"rendered":"<div class=\"pvc_clear\"><\/div><p id=\"pvc_stats_47238\" class=\"pvc_stats total_only  \" data-element-id=\"47238\" style=\"\"><i class=\"pvc-stats-icon large\" aria-hidden=\"true\"><svg aria-hidden=\"true\" focusable=\"false\" data-prefix=\"far\" data-icon=\"chart-bar\" role=\"img\" xmlns=\"http:\/\/www.w3.org\/2000\/svg\" viewBox=\"0 0 512 512\" class=\"svg-inline--fa fa-chart-bar fa-w-16 fa-2x\"><path fill=\"currentColor\" d=\"M396.8 352h22.4c6.4 0 12.8-6.4 12.8-12.8V108.8c0-6.4-6.4-12.8-12.8-12.8h-22.4c-6.4 0-12.8 6.4-12.8 12.8v230.4c0 6.4 6.4 12.8 12.8 12.8zm-192 0h22.4c6.4 0 12.8-6.4 12.8-12.8V140.8c0-6.4-6.4-12.8-12.8-12.8h-22.4c-6.4 0-12.8 6.4-12.8 12.8v198.4c0 6.4 6.4 12.8 12.8 12.8zm96 0h22.4c6.4 0 12.8-6.4 12.8-12.8V204.8c0-6.4-6.4-12.8-12.8-12.8h-22.4c-6.4 0-12.8 6.4-12.8 12.8v134.4c0 6.4 6.4 12.8 12.8 12.8zM496 400H48V80c0-8.84-7.16-16-16-16H16C7.16 64 0 71.16 0 80v336c0 17.67 14.33 32 32 32h464c8.84 0 16-7.16 16-16v-16c0-8.84-7.16-16-16-16zm-387.2-48h22.4c6.4 0 12.8-6.4 12.8-12.8v-70.4c0-6.4-6.4-12.8-12.8-12.8h-22.4c-6.4 0-12.8 6.4-12.8 12.8v70.4c0 6.4 6.4 12.8 12.8 12.8z\" class=\"\"><\/path><\/svg><\/i> <img loading=\"lazy\" decoding=\"async\" width=\"16\" height=\"16\" alt=\"Loading\" src=\"https:\/\/temucotelevision.cl\/web\/wp-content\/plugins\/page-views-count\/ajax-loader-2x.gif\" border=0 \/><\/p><div class=\"pvc_clear\"><\/div>\n<p>Tras una denuncia por violaci\u00f3n, lesiones menos graves y amenazas simples contra personas y\/o propiedades, todos en contexto de violencia intrafamiliar (VIF), detectives de la Brigada de Investigaci\u00f3n Criminal (Bicrim) Traigu\u00e9n, detuvieron a un hombre -extranjero, mayor de edad- por los delitos antes mencionados, efectuados contra su pareja.<\/p>\n\n\n\n<p>&nbsp;<\/p>\n\n\n\n<p>En la denuncia, efectuada en la mencionada unidad policial de Traigu\u00e9n, la v\u00edctima dio a conocer reiteradas amenazas, lesiones y relaciones sexuales no consentidas de parte de su conviviente identificado con las iniciales H.E.R.D, de nacionalidad argentina, quien mantiene una situaci\u00f3n regular con permanencia definitiva en Chile.<\/p>\n\n\n\n<p>&nbsp;<\/p>\n\n\n\n<p>Seg\u00fan explic\u00f3 el subprefecto Jorge Fuenzalida, jefe subrogante de la Bicrim Traigu\u00e9n, tras conocer los antecedentes \u201cpersonal de esta brigada concurri\u00f3 al domicilio de la v\u00edctima, logrando la detenci\u00f3n del imputado en la v\u00eda publica, en calidad de flagrante\u201d.<\/p>\n\n\n\n<p>&nbsp;<\/p>\n\n\n\n<p>La Fiscal\u00eda de Flagrancia y Primeras Diligencias decret\u00f3 efectuar diversas diligencias como \u201cinspecci\u00f3n ocular del sitio del suceso y traslado de la v\u00edctima &nbsp;al centro hospitalario para sus respectivos ex\u00e1menes m\u00e9dicos\u201d, entre otros.<\/p>\n\n\n\n<p>&nbsp;<\/p>\n\n\n\n<p>Por instrucci\u00f3n del Ministerio P\u00fablico, el detenido fue puesto, el d\u00eda de hoy -03 de enero- a disposici\u00f3n del Juzgado de Garant\u00eda de Traigu\u00e9n, donde se efectu\u00f3 el control de detenci\u00f3n y formalizaci\u00f3n.<\/p>\n","protected":false},"excerpt":{"rendered":"<div class=\"pvc_clear\"><\/div>\n<p id=\"pvc_stats_47238\" class=\"pvc_stats total_only  \" data-element-id=\"47238\" style=\"\"><i class=\"pvc-stats-icon large\" aria-hidden=\"true\"><svg aria-hidden=\"true\" focusable=\"false\" data-prefix=\"far\" data-icon=\"chart-bar\" role=\"img\" xmlns=\"http:\/\/www.w3.org\/2000\/svg\" viewBox=\"0 0 512 512\" class=\"svg-inline--fa fa-chart-bar fa-w-16 fa-2x\"><path fill=\"currentColor\" d=\"M396.8 352h22.4c6.4 0 12.8-6.4 12.8-12.8V108.8c0-6.4-6.4-12.8-12.8-12.8h-22.4c-6.4 0-12.8 6.4-12.8 12.8v230.4c0 6.4 6.4 12.8 12.8 12.8zm-192 0h22.4c6.4 0 12.8-6.4 12.8-12.8V140.8c0-6.4-6.4-12.8-12.8-12.8h-22.4c-6.4 0-12.8 6.4-12.8 12.8v198.4c0 6.4 6.4 12.8 12.8 12.8zm96 0h22.4c6.4 0 12.8-6.4 12.8-12.8V204.8c0-6.4-6.4-12.8-12.8-12.8h-22.4c-6.4 0-12.8 6.4-12.8 12.8v134.4c0 6.4 6.4 12.8 12.8 12.8zM496 400H48V80c0-8.84-7.16-16-16-16H16C7.16 64 0 71.16 0 80v336c0 17.67 14.33 32 32 32h464c8.84 0 16-7.16 16-16v-16c0-8.84-7.16-16-16-16zm-387.2-48h22.4c6.4 0 12.8-6.4 12.8-12.8v-70.4c0-6.4-6.4-12.8-12.8-12.8h-22.4c-6.4 0-12.8 6.4-12.8 12.8v70.4c0 6.4 6.4 12.8 12.8 12.8z\" class=\"\"><\/path><\/svg><\/i> <img loading=\"lazy\" decoding=\"async\" width=\"16\" height=\"16\" alt=\"Loading\" src=\"https:\/\/temucotelevision.cl\/web\/wp-content\/plugins\/page-views-count\/ajax-loader-2x.gif\" border=0 \/><\/p>\n<div class=\"pvc_clear\"><\/div>\n<p>Tras una denuncia por violaci\u00f3n, lesiones menos graves y amenazas simples contra personas y\/o propiedades, todos en contexto de violencia<\/p>\n","protected":false},"author":1,"featured_media":2625,"comment_status":"open","ping_status":"open","sticky":false,"template":"","format":"standard","meta":{"colormag_page_container_layout":"default_layout","colormag_page_sidebar_layout":"default_layout","footnotes":""},"categories":[16],"tags":[],"class_list":["post-47238","post","type-post","status-publish","format-standard","has-post-thumbnail","hentry","category-policial"],"a3_pvc":{"activated":true,"total_views":1967,"today_views":0},"_links":{"self":[{"href":"https:\/\/temucotelevision.cl\/web\/wp-json\/wp\/v2\/posts\/47238","targetHints":{"allow":["GET"]}}],"collection":[{"href":"https:\/\/temucotelevision.cl\/web\/wp-json\/wp\/v2\/posts"}],"about":[{"href":"https:\/\/temucotelevision.cl\/web\/wp-json\/wp\/v2\/types\/post"}],"author":[{"embeddable":true,"href":"https:\/\/temucotelevision.cl\/web\/wp-json\/wp\/v2\/users\/1"}],"replies":[{"embeddable":true,"href":"https:\/\/temucotelevision.cl\/web\/wp-json\/wp\/v2\/comments?post=47238"}],"version-history":[{"count":1,"href":"https:\/\/temucotelevision.cl\/web\/wp-json\/wp\/v2\/posts\/47238\/revisions"}],"predecessor-version":[{"id":47239,"href":"https:\/\/temucotelevision.cl\/web\/wp-json\/wp\/v2\/posts\/47238\/revisions\/47239"}],"wp:featuredmedia":[{"embeddable":true,"href":"https:\/\/temucotelevision.cl\/web\/wp-json\/wp\/v2\/media\/2625"}],"wp:attachment":[{"href":"https:\/\/temucotelevision.cl\/web\/wp-json\/wp\/v2\/media?parent=47238"}],"wp:term":[{"taxonomy":"category","embeddable":true,"href":"https:\/\/temucotelevision.cl\/web\/wp-json\/wp\/v2\/categories?post=47238"},{"taxonomy":"post_tag","embeddable":true,"href":"https:\/\/temucotelevision.cl\/web\/wp-json\/wp\/v2\/tags?post=47238"}],"curies":[{"name":"wp","href":"https:\/\/api.w.org\/{rel}","templated":true}]}}