{"id":47236,"date":"2024-01-02T23:49:26","date_gmt":"2024-01-03T02:49:26","guid":{"rendered":"https:\/\/temucotelevision.cl\/web\/?p=47236"},"modified":"2024-01-02T23:49:26","modified_gmt":"2024-01-03T02:49:26","slug":"multigremial-de-la-araucania-pedimos-al-gobierno-apelar-ante-la-libertad-de-celestino-cordova","status":"publish","type":"post","link":"https:\/\/temucotelevision.cl\/web\/2024\/01\/02\/multigremial-de-la-araucania-pedimos-al-gobierno-apelar-ante-la-libertad-de-celestino-cordova\/","title":{"rendered":"Multigremial de La Araucan\u00eda: Pedimos al gobierno apelar ante la libertad de Celestino C\u00f3rdova"},"content":{"rendered":"<div class=\"pvc_clear\"><\/div><p id=\"pvc_stats_47236\" class=\"pvc_stats total_only  \" data-element-id=\"47236\" style=\"\"><i class=\"pvc-stats-icon large\" aria-hidden=\"true\"><svg aria-hidden=\"true\" focusable=\"false\" data-prefix=\"far\" data-icon=\"chart-bar\" role=\"img\" xmlns=\"http:\/\/www.w3.org\/2000\/svg\" viewBox=\"0 0 512 512\" class=\"svg-inline--fa fa-chart-bar fa-w-16 fa-2x\"><path fill=\"currentColor\" d=\"M396.8 352h22.4c6.4 0 12.8-6.4 12.8-12.8V108.8c0-6.4-6.4-12.8-12.8-12.8h-22.4c-6.4 0-12.8 6.4-12.8 12.8v230.4c0 6.4 6.4 12.8 12.8 12.8zm-192 0h22.4c6.4 0 12.8-6.4 12.8-12.8V140.8c0-6.4-6.4-12.8-12.8-12.8h-22.4c-6.4 0-12.8 6.4-12.8 12.8v198.4c0 6.4 6.4 12.8 12.8 12.8zm96 0h22.4c6.4 0 12.8-6.4 12.8-12.8V204.8c0-6.4-6.4-12.8-12.8-12.8h-22.4c-6.4 0-12.8 6.4-12.8 12.8v134.4c0 6.4 6.4 12.8 12.8 12.8zM496 400H48V80c0-8.84-7.16-16-16-16H16C7.16 64 0 71.16 0 80v336c0 17.67 14.33 32 32 32h464c8.84 0 16-7.16 16-16v-16c0-8.84-7.16-16-16-16zm-387.2-48h22.4c6.4 0 12.8-6.4 12.8-12.8v-70.4c0-6.4-6.4-12.8-12.8-12.8h-22.4c-6.4 0-12.8 6.4-12.8 12.8v70.4c0 6.4 6.4 12.8 12.8 12.8z\" class=\"\"><\/path><\/svg><\/i> <img loading=\"lazy\" decoding=\"async\" width=\"16\" height=\"16\" alt=\"Loading\" src=\"https:\/\/temucotelevision.cl\/web\/wp-content\/plugins\/page-views-count\/ajax-loader-2x.gif\" border=0 \/><\/p><div class=\"pvc_clear\"><\/div>\n<p>La Multigremial de La Araucan\u00eda expresa su m\u00e1s profundo repudio por la decisi\u00f3n de la Corte de Temuco de tramitar la libertad condicional de Celestino C\u00f3rdova, condenado por el asesinato del matrimonio Luchsinger Mackay.<\/p>\n\n\n\n<p>Esta decisi\u00f3n es una afrenta a la justicia y a la memoria de las v\u00edctimas. C\u00f3rdova es responsable de uno de los cr\u00edmenes m\u00e1s brutales y emblem\u00e1ticos de la violencia en la Macrozona Sur, y su liberaci\u00f3n ser\u00eda una se\u00f1al de impunidad que solo agravar\u00eda la situaci\u00f3n.<\/p>\n\n\n\n<p>Es inaceptable que un condenado por un crimen tan horrendo pueda salir de la c\u00e1rcel con este tipo de beneficios, m\u00e1s a\u00fan cuando en su historial de reo se cuentan diversas faltas.<\/p>\n\n\n\n<p>Es una mala se\u00f1al comenzar el 2024 con esta noticia, m\u00e1s a\u00fan a dos d\u00edas de cumplirse 11 a\u00f1os del brutal crimen.<\/p>\n\n\n\n<p>Pedimos al Gobierno de Chile que apele ante esta decisi\u00f3n. No podemos permitir que un criminal como Celestino C\u00f3rdova quede libre.<\/p>\n\n\n\n<p>La Multigremial de La Araucan\u00eda reitera su compromiso con la paz y la seguridad en la regi\u00f3n. No descansaremos hasta que se haga justicia por las v\u00edctimas de la violencia terrorista y hasta que se garantice la seguridad de todos los habitantes de la Macrozona Sur.<\/p>\n","protected":false},"excerpt":{"rendered":"<div class=\"pvc_clear\"><\/div>\n<p id=\"pvc_stats_47236\" class=\"pvc_stats total_only  \" data-element-id=\"47236\" style=\"\"><i class=\"pvc-stats-icon large\" aria-hidden=\"true\"><svg aria-hidden=\"true\" focusable=\"false\" data-prefix=\"far\" data-icon=\"chart-bar\" role=\"img\" xmlns=\"http:\/\/www.w3.org\/2000\/svg\" viewBox=\"0 0 512 512\" class=\"svg-inline--fa fa-chart-bar fa-w-16 fa-2x\"><path fill=\"currentColor\" d=\"M396.8 352h22.4c6.4 0 12.8-6.4 12.8-12.8V108.8c0-6.4-6.4-12.8-12.8-12.8h-22.4c-6.4 0-12.8 6.4-12.8 12.8v230.4c0 6.4 6.4 12.8 12.8 12.8zm-192 0h22.4c6.4 0 12.8-6.4 12.8-12.8V140.8c0-6.4-6.4-12.8-12.8-12.8h-22.4c-6.4 0-12.8 6.4-12.8 12.8v198.4c0 6.4 6.4 12.8 12.8 12.8zm96 0h22.4c6.4 0 12.8-6.4 12.8-12.8V204.8c0-6.4-6.4-12.8-12.8-12.8h-22.4c-6.4 0-12.8 6.4-12.8 12.8v134.4c0 6.4 6.4 12.8 12.8 12.8zM496 400H48V80c0-8.84-7.16-16-16-16H16C7.16 64 0 71.16 0 80v336c0 17.67 14.33 32 32 32h464c8.84 0 16-7.16 16-16v-16c0-8.84-7.16-16-16-16zm-387.2-48h22.4c6.4 0 12.8-6.4 12.8-12.8v-70.4c0-6.4-6.4-12.8-12.8-12.8h-22.4c-6.4 0-12.8 6.4-12.8 12.8v70.4c0 6.4 6.4 12.8 12.8 12.8z\" class=\"\"><\/path><\/svg><\/i> <img loading=\"lazy\" decoding=\"async\" width=\"16\" height=\"16\" alt=\"Loading\" src=\"https:\/\/temucotelevision.cl\/web\/wp-content\/plugins\/page-views-count\/ajax-loader-2x.gif\" border=0 \/><\/p>\n<div class=\"pvc_clear\"><\/div>\n<p>La Multigremial de La Araucan\u00eda expresa su m\u00e1s profundo repudio por la decisi\u00f3n de la Corte de Temuco de tramitar<\/p>\n","protected":false},"author":1,"featured_media":4484,"comment_status":"open","ping_status":"open","sticky":false,"template":"","format":"standard","meta":{"colormag_page_container_layout":"default_layout","colormag_page_sidebar_layout":"default_layout","footnotes":""},"categories":[84],"tags":[323,1728],"class_list":["post-47236","post","type-post","status-publish","format-standard","has-post-thumbnail","hentry","category-politica","tag-celestino","tag-multigremial"],"a3_pvc":{"activated":true,"total_views":40,"today_views":0},"_links":{"self":[{"href":"https:\/\/temucotelevision.cl\/web\/wp-json\/wp\/v2\/posts\/47236","targetHints":{"allow":["GET"]}}],"collection":[{"href":"https:\/\/temucotelevision.cl\/web\/wp-json\/wp\/v2\/posts"}],"about":[{"href":"https:\/\/temucotelevision.cl\/web\/wp-json\/wp\/v2\/types\/post"}],"author":[{"embeddable":true,"href":"https:\/\/temucotelevision.cl\/web\/wp-json\/wp\/v2\/users\/1"}],"replies":[{"embeddable":true,"href":"https:\/\/temucotelevision.cl\/web\/wp-json\/wp\/v2\/comments?post=47236"}],"version-history":[{"count":1,"href":"https:\/\/temucotelevision.cl\/web\/wp-json\/wp\/v2\/posts\/47236\/revisions"}],"predecessor-version":[{"id":47237,"href":"https:\/\/temucotelevision.cl\/web\/wp-json\/wp\/v2\/posts\/47236\/revisions\/47237"}],"wp:featuredmedia":[{"embeddable":true,"href":"https:\/\/temucotelevision.cl\/web\/wp-json\/wp\/v2\/media\/4484"}],"wp:attachment":[{"href":"https:\/\/temucotelevision.cl\/web\/wp-json\/wp\/v2\/media?parent=47236"}],"wp:term":[{"taxonomy":"category","embeddable":true,"href":"https:\/\/temucotelevision.cl\/web\/wp-json\/wp\/v2\/categories?post=47236"},{"taxonomy":"post_tag","embeddable":true,"href":"https:\/\/temucotelevision.cl\/web\/wp-json\/wp\/v2\/tags?post=47236"}],"curies":[{"name":"wp","href":"https:\/\/api.w.org\/{rel}","templated":true}]}}