{"id":47234,"date":"2024-01-02T23:40:18","date_gmt":"2024-01-03T02:40:18","guid":{"rendered":"https:\/\/temucotelevision.cl\/web\/?p=47234"},"modified":"2024-01-02T23:40:19","modified_gmt":"2024-01-03T02:40:19","slug":"caso-luchsinger-mackay-corte-de-temuco-ordena-tramitar-libertad-condicional-de-condenado","status":"publish","type":"post","link":"https:\/\/temucotelevision.cl\/web\/2024\/01\/02\/caso-luchsinger-mackay-corte-de-temuco-ordena-tramitar-libertad-condicional-de-condenado\/","title":{"rendered":"Caso Luchsinger Mackay: Corte de Temuco ordena tramitar libertad condicional de condenado"},"content":{"rendered":"<div class=\"pvc_clear\"><\/div><p id=\"pvc_stats_47234\" class=\"pvc_stats total_only  \" data-element-id=\"47234\" style=\"\"><i class=\"pvc-stats-icon large\" aria-hidden=\"true\"><svg aria-hidden=\"true\" focusable=\"false\" data-prefix=\"far\" data-icon=\"chart-bar\" role=\"img\" xmlns=\"http:\/\/www.w3.org\/2000\/svg\" viewBox=\"0 0 512 512\" class=\"svg-inline--fa fa-chart-bar fa-w-16 fa-2x\"><path fill=\"currentColor\" d=\"M396.8 352h22.4c6.4 0 12.8-6.4 12.8-12.8V108.8c0-6.4-6.4-12.8-12.8-12.8h-22.4c-6.4 0-12.8 6.4-12.8 12.8v230.4c0 6.4 6.4 12.8 12.8 12.8zm-192 0h22.4c6.4 0 12.8-6.4 12.8-12.8V140.8c0-6.4-6.4-12.8-12.8-12.8h-22.4c-6.4 0-12.8 6.4-12.8 12.8v198.4c0 6.4 6.4 12.8 12.8 12.8zm96 0h22.4c6.4 0 12.8-6.4 12.8-12.8V204.8c0-6.4-6.4-12.8-12.8-12.8h-22.4c-6.4 0-12.8 6.4-12.8 12.8v134.4c0 6.4 6.4 12.8 12.8 12.8zM496 400H48V80c0-8.84-7.16-16-16-16H16C7.16 64 0 71.16 0 80v336c0 17.67 14.33 32 32 32h464c8.84 0 16-7.16 16-16v-16c0-8.84-7.16-16-16-16zm-387.2-48h22.4c6.4 0 12.8-6.4 12.8-12.8v-70.4c0-6.4-6.4-12.8-12.8-12.8h-22.4c-6.4 0-12.8 6.4-12.8 12.8v70.4c0 6.4 6.4 12.8 12.8 12.8z\" class=\"\"><\/path><\/svg><\/i> <img loading=\"lazy\" decoding=\"async\" width=\"16\" height=\"16\" alt=\"Loading\" src=\"https:\/\/temucotelevision.cl\/web\/wp-content\/plugins\/page-views-count\/ajax-loader-2x.gif\" border=0 \/><\/p><div class=\"pvc_clear\"><\/div>\n<blockquote class=\"wp-block-quote is-layout-flow wp-block-quote-is-layout-flow\">\n<p>En fallo dividido, la Segunda Sala del tribunal de alzada dio lugar a la acci\u00f3n constitucional, tras establecer que el recurrente cumple con todos los requisitos legales, exigibles a la \u00e9poca de la condena, para cumplir el saldo de la pena impuesta en el medio libre.<\/p>\n<\/blockquote>\n\n\n\n<p>La Corte de Apelaciones de Temuco acogi\u00f3 el recurso de amparo deducido por la defensa y&nbsp;dej\u00f3&nbsp;sin efecto la resoluci\u00f3n, dictada por la Comisi\u00f3n de Libertad Condicional de la jurisdicci\u00f3n, que le deneg\u00f3 el beneficio a Celestino Ceraf\u00edn C\u00f3rdova Tr\u00e1nsito, quien cumple condena a 18 a\u00f1os de presidio, en calidad de coautor del delito consumado de incendio con resultado de muerte del matrimonio conformado por Werner Luchsinger Lemp y Vivian Mackay Gonz\u00e1lez. Il\u00edcito perpetrado en la comuna de Vilc\u00fan, en enero de 2013.<\/p>\n\n\n\n<p>En fallo dividido, la Segunda Sala del tribunal de alzada dio lugar a la acci\u00f3n constitucional, tras establecer que el recurrente cumple con todos los requisitos legales, exigibles a la \u00e9poca de la condena, para cumplir el saldo de la pena impuesta en el medio libre.<\/p>\n\n\n\n<p>\u201c(\u2026) que en cuanto a las facultades de esta Corte para revisar una decisi\u00f3n de la Comisi\u00f3n de Libertad Condicional debe tenerse presente que dicho organismo al pronunciarse sobre la libertad condicional de Celestino C\u00f3rdova adopt\u00f3 una decisi\u00f3n que se plasm\u00f3 en un acto administrativo de discrecionalidad t\u00e9cnica, el cual, a diferencia de un control de m\u00e9rito, se encuentra afecto al control de los hechos y fundamentos de derecho que lo motivan\u201d, sostiene el fallo.<\/p>\n\n\n\n<p>\u201cQue el Decreto Ley 321 dispone en el inciso 2\u00b0 de su art\u00edculo 1\u00b0 que la libertad condicional no extingue ni modifica la duraci\u00f3n de la pena, sino que es un modo particular de hacerla cumplir en libertad por el condenado y seg\u00fan las disposiciones que se dicten en dicho instrumento y en el Reglamento respectivo\u201d, releva.<\/p>\n\n\n\n<p>Para el tribunal de alzada: \u201clo que exige el art\u00edculo 1 del D.L. N\u00b0 321 son avances en el proceso de reinserci\u00f3n social, no una reinserci\u00f3n social completa, la que solo se consolida con la libertad del condenado. En este sentido en el informe psicosocial emanado del organismo t\u00e9cnico de Gendarmer\u00eda se se\u00f1ala que se observan importantes avances (en el condenado C\u00f3rdova Tr\u00e1nsito), tales como una valoraci\u00f3n positiva y adherencia al plan de intervenci\u00f3n vigente, labores sistem\u00e1ticas realizadas dentro de la unidad penal, capacitaciones en CCP Temuco y cursos de capacitaci\u00f3n en CET Vilc\u00fan, mantiene permisos de salida trimestral y de fin de semana, sin que se indiquen incumplimientos. Asimismo, se informa que el condenado ha hecho uso positivo y adaptaci\u00f3n a los espacios brindados para favorecer el desarrollo de espiritualidad y cultura, en raz\u00f3n de su autoridad ancestral dentro del pueblo mapuche, particularmente Machi en su comunidad.\u201d<\/p>\n\n\n\n<p>\u201cEsta Corte -ahonda- que la libertad condicional es un medio de prueba por el cual la persona condenada a una pena privativa de libertad demuestra, al momento de postular al beneficio, avances en su proceso de reinserci\u00f3n social, y los antecedentes que Gendarmer\u00eda ha exhibido respecto del condenado C\u00f3rdova Tr\u00e1nsito son mayoritariamente favorables a su persona y representan un avance significativo en el proceso de reinserci\u00f3n social, el que debe culminar en libertad\u201d.<\/p>\n\n\n\n<p>\u201cQue en consecuencia es posible concluir que el sentenciado ha cumplido con la totalidad de las exigencias reglamentarias que le eran aplicables al tiempo de iniciar su condena y mayoritariamente con las exigencias en actual vigencia para optar al beneficio de libertad condicional, manifestando incluso empat\u00eda por el da\u00f1o generado por el il\u00edcito. Por ello, no cabe sino concluir que la resoluci\u00f3n de la Comisi\u00f3n de Libertad Condicional que le neg\u00f3 tal beneficio no se condice con los antecedentes expuestos y presentados por Gendarmer\u00eda, por lo cual lo resuelto deviene \u00ed en un acto arbitrario que afecta la libertad del recurrente, motivo por el cual se dar\u00e1 lugar al recurso de amparo que ha motivado estos autos\u201d, concluye.<\/p>\n\n\n\n<p>Por tanto, se resuelve que: \u201c<strong>SE ACOGE<\/strong>&nbsp;el recurso de amparo deducido en favor de&nbsp;<strong>CELESTINO CERAF\u00cdN C\u00d3RDOVA TR\u00c1NSITO<\/strong>, dejando sin efecto la Resoluci\u00f3n de 19 de octubre de 2023, de la&nbsp;<strong>Comisi\u00f3n de Libertad Condicional<\/strong>&nbsp;de la Ilustr\u00edsima Corte de Apelaciones de Temuco, orden\u00e1ndose consecuencialmente con ello que se prosigan con los tr\u00e1mites tendientes a la concesi\u00f3n del Beneficio de Libertad Condicional solicitado en favor del sentenciado ya se\u00f1alado\u201d.<\/p>\n","protected":false},"excerpt":{"rendered":"<div class=\"pvc_clear\"><\/div>\n<p id=\"pvc_stats_47234\" class=\"pvc_stats total_only  \" data-element-id=\"47234\" style=\"\"><i class=\"pvc-stats-icon large\" aria-hidden=\"true\"><svg aria-hidden=\"true\" focusable=\"false\" data-prefix=\"far\" data-icon=\"chart-bar\" role=\"img\" xmlns=\"http:\/\/www.w3.org\/2000\/svg\" viewBox=\"0 0 512 512\" class=\"svg-inline--fa fa-chart-bar fa-w-16 fa-2x\"><path fill=\"currentColor\" d=\"M396.8 352h22.4c6.4 0 12.8-6.4 12.8-12.8V108.8c0-6.4-6.4-12.8-12.8-12.8h-22.4c-6.4 0-12.8 6.4-12.8 12.8v230.4c0 6.4 6.4 12.8 12.8 12.8zm-192 0h22.4c6.4 0 12.8-6.4 12.8-12.8V140.8c0-6.4-6.4-12.8-12.8-12.8h-22.4c-6.4 0-12.8 6.4-12.8 12.8v198.4c0 6.4 6.4 12.8 12.8 12.8zm96 0h22.4c6.4 0 12.8-6.4 12.8-12.8V204.8c0-6.4-6.4-12.8-12.8-12.8h-22.4c-6.4 0-12.8 6.4-12.8 12.8v134.4c0 6.4 6.4 12.8 12.8 12.8zM496 400H48V80c0-8.84-7.16-16-16-16H16C7.16 64 0 71.16 0 80v336c0 17.67 14.33 32 32 32h464c8.84 0 16-7.16 16-16v-16c0-8.84-7.16-16-16-16zm-387.2-48h22.4c6.4 0 12.8-6.4 12.8-12.8v-70.4c0-6.4-6.4-12.8-12.8-12.8h-22.4c-6.4 0-12.8 6.4-12.8 12.8v70.4c0 6.4 6.4 12.8 12.8 12.8z\" class=\"\"><\/path><\/svg><\/i> <img loading=\"lazy\" decoding=\"async\" width=\"16\" height=\"16\" alt=\"Loading\" src=\"https:\/\/temucotelevision.cl\/web\/wp-content\/plugins\/page-views-count\/ajax-loader-2x.gif\" border=0 \/><\/p>\n<div class=\"pvc_clear\"><\/div>\n<p>En fallo dividido, la Segunda Sala del tribunal de alzada dio lugar a la acci\u00f3n constitucional, tras establecer que el<\/p>\n","protected":false},"author":1,"featured_media":3884,"comment_status":"open","ping_status":"open","sticky":false,"template":"","format":"standard","meta":{"colormag_page_container_layout":"default_layout","colormag_page_sidebar_layout":"default_layout","footnotes":""},"categories":[15],"tags":[412,365,671],"class_list":["post-47234","post","type-post","status-publish","format-standard","has-post-thumbnail","hentry","category-la-araucania","tag-caso","tag-corte","tag-luchsinger-mackay"],"a3_pvc":{"activated":true,"total_views":3293,"today_views":0},"_links":{"self":[{"href":"https:\/\/temucotelevision.cl\/web\/wp-json\/wp\/v2\/posts\/47234","targetHints":{"allow":["GET"]}}],"collection":[{"href":"https:\/\/temucotelevision.cl\/web\/wp-json\/wp\/v2\/posts"}],"about":[{"href":"https:\/\/temucotelevision.cl\/web\/wp-json\/wp\/v2\/types\/post"}],"author":[{"embeddable":true,"href":"https:\/\/temucotelevision.cl\/web\/wp-json\/wp\/v2\/users\/1"}],"replies":[{"embeddable":true,"href":"https:\/\/temucotelevision.cl\/web\/wp-json\/wp\/v2\/comments?post=47234"}],"version-history":[{"count":1,"href":"https:\/\/temucotelevision.cl\/web\/wp-json\/wp\/v2\/posts\/47234\/revisions"}],"predecessor-version":[{"id":47235,"href":"https:\/\/temucotelevision.cl\/web\/wp-json\/wp\/v2\/posts\/47234\/revisions\/47235"}],"wp:featuredmedia":[{"embeddable":true,"href":"https:\/\/temucotelevision.cl\/web\/wp-json\/wp\/v2\/media\/3884"}],"wp:attachment":[{"href":"https:\/\/temucotelevision.cl\/web\/wp-json\/wp\/v2\/media?parent=47234"}],"wp:term":[{"taxonomy":"category","embeddable":true,"href":"https:\/\/temucotelevision.cl\/web\/wp-json\/wp\/v2\/categories?post=47234"},{"taxonomy":"post_tag","embeddable":true,"href":"https:\/\/temucotelevision.cl\/web\/wp-json\/wp\/v2\/tags?post=47234"}],"curies":[{"name":"wp","href":"https:\/\/api.w.org\/{rel}","templated":true}]}}