{"id":47228,"date":"2024-01-02T16:12:54","date_gmt":"2024-01-02T19:12:54","guid":{"rendered":"https:\/\/temucotelevision.cl\/web\/?p=47228"},"modified":"2024-01-02T16:23:02","modified_gmt":"2024-01-02T19:23:02","slug":"fran-ri-estrena-su-nuevo-single-llave-junto-a-masquemusica","status":"publish","type":"post","link":"https:\/\/temucotelevision.cl\/web\/2024\/01\/02\/fran-ri-estrena-su-nuevo-single-llave-junto-a-masquemusica\/","title":{"rendered":"Fran Ri estrena su nuevo single \u201cLlave\u201d junto a Masquemusica\u00a0"},"content":{"rendered":"<div class=\"pvc_clear\"><\/div><p id=\"pvc_stats_47228\" class=\"pvc_stats total_only  \" data-element-id=\"47228\" style=\"\"><i class=\"pvc-stats-icon large\" aria-hidden=\"true\"><svg aria-hidden=\"true\" focusable=\"false\" data-prefix=\"far\" data-icon=\"chart-bar\" role=\"img\" xmlns=\"http:\/\/www.w3.org\/2000\/svg\" viewBox=\"0 0 512 512\" class=\"svg-inline--fa fa-chart-bar fa-w-16 fa-2x\"><path fill=\"currentColor\" d=\"M396.8 352h22.4c6.4 0 12.8-6.4 12.8-12.8V108.8c0-6.4-6.4-12.8-12.8-12.8h-22.4c-6.4 0-12.8 6.4-12.8 12.8v230.4c0 6.4 6.4 12.8 12.8 12.8zm-192 0h22.4c6.4 0 12.8-6.4 12.8-12.8V140.8c0-6.4-6.4-12.8-12.8-12.8h-22.4c-6.4 0-12.8 6.4-12.8 12.8v198.4c0 6.4 6.4 12.8 12.8 12.8zm96 0h22.4c6.4 0 12.8-6.4 12.8-12.8V204.8c0-6.4-6.4-12.8-12.8-12.8h-22.4c-6.4 0-12.8 6.4-12.8 12.8v134.4c0 6.4 6.4 12.8 12.8 12.8zM496 400H48V80c0-8.84-7.16-16-16-16H16C7.16 64 0 71.16 0 80v336c0 17.67 14.33 32 32 32h464c8.84 0 16-7.16 16-16v-16c0-8.84-7.16-16-16-16zm-387.2-48h22.4c6.4 0 12.8-6.4 12.8-12.8v-70.4c0-6.4-6.4-12.8-12.8-12.8h-22.4c-6.4 0-12.8 6.4-12.8 12.8v70.4c0 6.4 6.4 12.8 12.8 12.8z\" class=\"\"><\/path><\/svg><\/i> <img loading=\"lazy\" decoding=\"async\" width=\"16\" height=\"16\" alt=\"Loading\" src=\"https:\/\/temucotelevision.cl\/web\/wp-content\/plugins\/page-views-count\/ajax-loader-2x.gif\" border=0 \/><\/p><div class=\"pvc_clear\"><\/div>\n<p><a href=\"https:\/\/www.instagram.com\/fran_ri\/?next=%2F\" target=\"_blank\" rel=\"noreferrer noopener\">Fran Ri<\/a>&nbsp;presenta su \u00faltimo sencillo titulado&nbsp;<a href=\"https:\/\/open.spotify.com\/intl-es\/track\/3SPlQWyiXb6aeIAsUXopk0?si=c6b022f64f36470d\" target=\"_blank\" rel=\"noreferrer noopener\">\u201cLlave\u201d,<\/a>&nbsp;en colaboraci\u00f3n con la reconocida cantante y compositora nacional<strong>&nbsp;<\/strong><a href=\"https:\/\/www.instagram.com\/masquemusica?igshid=OGQ5ZDc2ODk2ZA==\" target=\"_blank\" rel=\"noreferrer noopener\">Masquemusica<\/a>. La canci\u00f3n, caracterizada por un distintivo ritmo del&nbsp;<strong>afropop fusionado con neosoul y R&amp;B<\/strong>, ofrece una experiencia musical refrescante e \u00edntima.<\/p>\n\n\n\n<p>La idea de un featuring entre ambas&nbsp;<strong>\u201cm\u00fasicas\u201d,<\/strong>&nbsp;surge hace m\u00e1s de 5 a\u00f1os, antes de que&nbsp;<a href=\"https:\/\/www.instagram.com\/masquemusica?igshid=OGQ5ZDc2ODk2ZA==\" target=\"_blank\" rel=\"noreferrer noopener\">Masquemusica<\/a>&nbsp;comenzara a trazar su camino como solista. Esta colaboraci\u00f3n es el fruto de una larga historia entre dos artistas que comparten una visi\u00f3n creativa<\/p>\n\n\n\n<p>Con su m\u00e1s reciente sencillo, esta prometedora artista nacional\u00a0busca ante todo que el p\u00fablico baile, disfrute y conecte con el mensaje. En un mundo influenciado en gran medida por las redes sociales,<strong>\u00a0Fran<\/strong>\u00a0invita a desprenderse de las expectativas externas y a conectarse con que realmente te hace sentido.<\/p>\n\n\n\n<p>Acompa\u00f1ada de una l\u00edrica reflexiva,\u00a0<a href=\"https:\/\/open.spotify.com\/intl-es\/track\/3SPlQWyiXb6aeIAsUXopk0?si=c6b022f64f36470d\" target=\"_blank\" rel=\"noreferrer noopener\">&#8220;Llave&#8221;<\/a>\u00a0es un recordatorio a la libertad de elecci\u00f3n y a la capacidad \u00a0de trazar a nuestro propio camino , a nuestro ritmo.<\/p>\n\n\n\n<p>Por otro lado, el sencillo se presenta junto con un videoclip que fue grabado en diversos espacios y momentos. Otras escenas fueron filmadas en el \u00edntimo patio de la casa de\u00a0<strong>Fran<\/strong>, proporcionando un vistazo personal a su vida.<\/p>\n\n\n\n<p><strong>&#8220;El videoclip muestra muchas facetas de quien soy, de sentirme libre desde mi honestidad. Tambi\u00e9n se ve reflejado en el video, las frases del coro que habla sobre ir a tu tiempo y disfrutar tu proceso&#8221;<\/strong>, afirma la artista nacional.<\/p>\n\n\n\n<p>La esencia del nuevo lanzamiento de<strong>&nbsp;Fran<\/strong>&nbsp;va m\u00e1s all\u00e1 de la m\u00fasica; es una invitaci\u00f3n a agradecer las experiencias, los procesos y a disfrutar del momento presente.<\/p>\n\n\n\n<p>Adem\u00e1s de su carrera musical,&nbsp;<a href=\"https:\/\/www.instagram.com\/fran_ri\/?next=%2F\" target=\"_blank\" rel=\"noreferrer noopener\">Fran Ri<\/a>&nbsp;confirma su regreso a los escenarios como actriz durante el 2024. Formar\u00e1 parte de la compa\u00f1\u00eda de&nbsp;<strong>Teatro La Calderona,<\/strong>&nbsp;con 14 a\u00f1os de trayectoria, realizando funciones tanto a nivel nacional como internacional, incluyendo presentaciones en<strong>&nbsp;Espa\u00f1a.<\/strong><\/p>\n\n\n\n<p>El futuro de&nbsp;<a href=\"https:\/\/www.instagram.com\/fran_ri\/?next=%2F\" target=\"_blank\" rel=\"noreferrer noopener\">Fran Ri<\/a>&nbsp;se vislumbra lleno de emocionantes proyectos. Adem\u00e1s de la realizaci\u00f3n de conciertos en Chile y el extranjero durante 2024, se viene el inminente lanzamiento del primer disco de la artista, el que promete ser un viaje&nbsp;musical bailable, refrescante y cautivador tanto por la fusi\u00f3n de estilos como por la tem\u00e1tica de sus letras.<\/p>\n\n\n\n<p>Para dar inicio al a\u00f1o 2024,\u00a0<a href=\"https:\/\/www.instagram.com\/fran_ri\/?next=%2F\" target=\"_blank\" rel=\"noreferrer noopener\">Fran Ri<\/a>, tiene programado un esperado show en vivo en un reconocido lugar de Santiago, cuya ubicaci\u00f3n ser\u00e1 revelada en las pr\u00f3ximas semanas.<\/p>\n\n\n\n<p>El anticipado videoclip de&nbsp;<a href=\"https:\/\/open.spotify.com\/intl-es\/track\/3SPlQWyiXb6aeIAsUXopk0?si=c6b022f64f36470d\" target=\"_blank\" rel=\"noreferrer noopener\">\u201cLlave\u201d<\/a>&nbsp;ya est\u00e1 disponible ofreciendo a los seguidores una experiencia visual que complementa la rica fusi\u00f3n de estilos presentes en la canci\u00f3n.<\/p>\n\n\n\n<p><strong>Escucha&nbsp;&#8220;Llave&#8221; en&nbsp;<\/strong><a href=\"https:\/\/open.spotify.com\/intl-es\/track\/3SPlQWyiXb6aeIAsUXopk0?si=4857600e53ad4518\" target=\"_blank\" rel=\"noreferrer noopener\">Spotify<\/a><\/p>\n\n\n\n<figure class=\"wp-block-embed is-type-video is-provider-youtube wp-block-embed-youtube wp-embed-aspect-16-9 wp-has-aspect-ratio\"><div class=\"wp-block-embed__wrapper\">\n<div class=\"epyt-video-wrapper\"><iframe loading=\"lazy\"  id=\"_ytid_24868\"  width=\"800\" height=\"450\"  data-origwidth=\"800\" data-origheight=\"450\" src=\"https:\/\/www.youtube.com\/embed\/O8IaVWZl26g?enablejsapi=1&#038;autoplay=0&#038;cc_load_policy=0&#038;cc_lang_pref=&#038;iv_load_policy=1&#038;loop=0&#038;rel=1&#038;fs=1&#038;playsinline=0&#038;autohide=2&#038;theme=dark&#038;color=red&#038;controls=1&#038;disablekb=0&#038;\" class=\"__youtube_prefs__  epyt-is-override  no-lazyload\" title=\"YouTube player\"  allow=\"fullscreen; accelerometer; autoplay; clipboard-write; encrypted-media; gyroscope; picture-in-picture; web-share\" referrerpolicy=\"strict-origin-when-cross-origin\" allowfullscreen data-no-lazy=\"1\" data-skipgform_ajax_framebjll=\"\"><\/iframe><\/div>\n<\/div><\/figure>\n\n\n\n<h4 class=\"wp-block-heading\">&nbsp;<\/h4>\n\n\n\n<p><\/p>\n\n\n\n<p><\/p>\n","protected":false},"excerpt":{"rendered":"<div class=\"pvc_clear\"><\/div>\n<p id=\"pvc_stats_47228\" class=\"pvc_stats total_only  \" data-element-id=\"47228\" style=\"\"><i class=\"pvc-stats-icon large\" aria-hidden=\"true\"><svg aria-hidden=\"true\" focusable=\"false\" data-prefix=\"far\" data-icon=\"chart-bar\" role=\"img\" xmlns=\"http:\/\/www.w3.org\/2000\/svg\" viewBox=\"0 0 512 512\" class=\"svg-inline--fa fa-chart-bar fa-w-16 fa-2x\"><path fill=\"currentColor\" d=\"M396.8 352h22.4c6.4 0 12.8-6.4 12.8-12.8V108.8c0-6.4-6.4-12.8-12.8-12.8h-22.4c-6.4 0-12.8 6.4-12.8 12.8v230.4c0 6.4 6.4 12.8 12.8 12.8zm-192 0h22.4c6.4 0 12.8-6.4 12.8-12.8V140.8c0-6.4-6.4-12.8-12.8-12.8h-22.4c-6.4 0-12.8 6.4-12.8 12.8v198.4c0 6.4 6.4 12.8 12.8 12.8zm96 0h22.4c6.4 0 12.8-6.4 12.8-12.8V204.8c0-6.4-6.4-12.8-12.8-12.8h-22.4c-6.4 0-12.8 6.4-12.8 12.8v134.4c0 6.4 6.4 12.8 12.8 12.8zM496 400H48V80c0-8.84-7.16-16-16-16H16C7.16 64 0 71.16 0 80v336c0 17.67 14.33 32 32 32h464c8.84 0 16-7.16 16-16v-16c0-8.84-7.16-16-16-16zm-387.2-48h22.4c6.4 0 12.8-6.4 12.8-12.8v-70.4c0-6.4-6.4-12.8-12.8-12.8h-22.4c-6.4 0-12.8 6.4-12.8 12.8v70.4c0 6.4 6.4 12.8 12.8 12.8z\" class=\"\"><\/path><\/svg><\/i> <img loading=\"lazy\" decoding=\"async\" width=\"16\" height=\"16\" alt=\"Loading\" src=\"https:\/\/temucotelevision.cl\/web\/wp-content\/plugins\/page-views-count\/ajax-loader-2x.gif\" border=0 \/><\/p>\n<div class=\"pvc_clear\"><\/div>\n<p>Fran Ri&nbsp;presenta su \u00faltimo sencillo titulado&nbsp;\u201cLlave\u201d,&nbsp;en colaboraci\u00f3n con la reconocida cantante y compositora nacional&nbsp;Masquemusica. La canci\u00f3n, caracterizada por un distintivo<\/p>\n","protected":false},"author":143,"featured_media":47232,"comment_status":"open","ping_status":"open","sticky":false,"template":"","format":"standard","meta":{"colormag_page_container_layout":"default_layout","colormag_page_sidebar_layout":"default_layout","footnotes":""},"categories":[1],"tags":[],"class_list":["post-47228","post","type-post","status-publish","format-standard","has-post-thumbnail","hentry","category-sin-categoria"],"a3_pvc":{"activated":true,"total_views":53,"today_views":0},"_links":{"self":[{"href":"https:\/\/temucotelevision.cl\/web\/wp-json\/wp\/v2\/posts\/47228","targetHints":{"allow":["GET"]}}],"collection":[{"href":"https:\/\/temucotelevision.cl\/web\/wp-json\/wp\/v2\/posts"}],"about":[{"href":"https:\/\/temucotelevision.cl\/web\/wp-json\/wp\/v2\/types\/post"}],"author":[{"embeddable":true,"href":"https:\/\/temucotelevision.cl\/web\/wp-json\/wp\/v2\/users\/143"}],"replies":[{"embeddable":true,"href":"https:\/\/temucotelevision.cl\/web\/wp-json\/wp\/v2\/comments?post=47228"}],"version-history":[{"count":2,"href":"https:\/\/temucotelevision.cl\/web\/wp-json\/wp\/v2\/posts\/47228\/revisions"}],"predecessor-version":[{"id":47233,"href":"https:\/\/temucotelevision.cl\/web\/wp-json\/wp\/v2\/posts\/47228\/revisions\/47233"}],"wp:featuredmedia":[{"embeddable":true,"href":"https:\/\/temucotelevision.cl\/web\/wp-json\/wp\/v2\/media\/47232"}],"wp:attachment":[{"href":"https:\/\/temucotelevision.cl\/web\/wp-json\/wp\/v2\/media?parent=47228"}],"wp:term":[{"taxonomy":"category","embeddable":true,"href":"https:\/\/temucotelevision.cl\/web\/wp-json\/wp\/v2\/categories?post=47228"},{"taxonomy":"post_tag","embeddable":true,"href":"https:\/\/temucotelevision.cl\/web\/wp-json\/wp\/v2\/tags?post=47228"}],"curies":[{"name":"wp","href":"https:\/\/api.w.org\/{rel}","templated":true}]}}