{"id":47221,"date":"2024-01-02T14:03:32","date_gmt":"2024-01-02T17:03:32","guid":{"rendered":"https:\/\/temucotelevision.cl\/web\/?p=47221"},"modified":"2024-01-02T14:48:02","modified_gmt":"2024-01-02T17:48:02","slug":"festival-de-cine-nacional-de-nuble-las-mejores-producciones-cinematograficas-chilenas-se-reunen-para-celebrar-los-5-anos-de-nuble-cine","status":"publish","type":"post","link":"https:\/\/temucotelevision.cl\/web\/2024\/01\/02\/festival-de-cine-nacional-de-nuble-las-mejores-producciones-cinematograficas-chilenas-se-reunen-para-celebrar-los-5-anos-de-nuble-cine\/","title":{"rendered":"Festival de Cine Nacional de \u00d1uble: Las mejores producciones cinematogr\u00e1ficas chilenas se re\u00fanen para celebrar los 5 a\u00f1os de \u00d1uble Cine"},"content":{"rendered":"<div class=\"pvc_clear\"><\/div><p id=\"pvc_stats_47221\" class=\"pvc_stats total_only  \" data-element-id=\"47221\" style=\"\"><i class=\"pvc-stats-icon large\" aria-hidden=\"true\"><svg aria-hidden=\"true\" focusable=\"false\" data-prefix=\"far\" data-icon=\"chart-bar\" role=\"img\" xmlns=\"http:\/\/www.w3.org\/2000\/svg\" viewBox=\"0 0 512 512\" class=\"svg-inline--fa fa-chart-bar fa-w-16 fa-2x\"><path fill=\"currentColor\" d=\"M396.8 352h22.4c6.4 0 12.8-6.4 12.8-12.8V108.8c0-6.4-6.4-12.8-12.8-12.8h-22.4c-6.4 0-12.8 6.4-12.8 12.8v230.4c0 6.4 6.4 12.8 12.8 12.8zm-192 0h22.4c6.4 0 12.8-6.4 12.8-12.8V140.8c0-6.4-6.4-12.8-12.8-12.8h-22.4c-6.4 0-12.8 6.4-12.8 12.8v198.4c0 6.4 6.4 12.8 12.8 12.8zm96 0h22.4c6.4 0 12.8-6.4 12.8-12.8V204.8c0-6.4-6.4-12.8-12.8-12.8h-22.4c-6.4 0-12.8 6.4-12.8 12.8v134.4c0 6.4 6.4 12.8 12.8 12.8zM496 400H48V80c0-8.84-7.16-16-16-16H16C7.16 64 0 71.16 0 80v336c0 17.67 14.33 32 32 32h464c8.84 0 16-7.16 16-16v-16c0-8.84-7.16-16-16-16zm-387.2-48h22.4c6.4 0 12.8-6.4 12.8-12.8v-70.4c0-6.4-6.4-12.8-12.8-12.8h-22.4c-6.4 0-12.8 6.4-12.8 12.8v70.4c0 6.4 6.4 12.8 12.8 12.8z\" class=\"\"><\/path><\/svg><\/i> <img loading=\"lazy\" decoding=\"async\" width=\"16\" height=\"16\" alt=\"Loading\" src=\"https:\/\/temucotelevision.cl\/web\/wp-content\/plugins\/page-views-count\/ajax-loader-2x.gif\" border=0 \/><\/p><div class=\"pvc_clear\"><\/div>\n<p class=\"has-medium-font-size\"><strong>A menos de un mes del inicio de su quinta versi\u00f3n, el Festival de Cine Nacional de \u00d1uble anuncia la selecci\u00f3n oficial para su competencia de largometrajes y cortometrajes. Este evento cinematogr\u00e1fico \u00fanico en la regi\u00f3n, y que desde 2019 viene posicion\u00e1ndose dentro de la zona centro sur, vuelve a reunir una cuidadosa selecci\u00f3n de las producciones cinematogr\u00e1ficas chilenas m\u00e1s destacadas del \u00faltimo a\u00f1o.<\/strong><\/p>\n\n\n\n<p>Tras una exitosa convocatoria y bajo la consiga <strong>\u201clo mejor del a\u00f1o, cada a\u00f1o\u201d<\/strong>, el equipo de programaci\u00f3n del festival ha liderado un largo proceso de selecci\u00f3n entre las m\u00e1s de <strong>120 postulaciones recibidas para elegir a las 14 obras audiovisuales<\/strong> que se enfrentar\u00e1n en la competencia por obtener el premio del p\u00fablico, premio a mejor largometraje y premio a mejor cortometraje.<\/p>\n\n\n\n<p>Son 6 pel\u00edculas las que estar\u00e1n presentes en la competencia de largometrajes de los<strong> 5 a\u00f1os de \u00d1uble Cine<\/strong>. Abarcando todos los g\u00e9neros, formatos y formas de narrar historias, las pel\u00edculas se basan en tem\u00e1ticas que van desde la amistad, el aborto, la desinformaci\u00f3n, la maternidad experimentada por mujeres privadas de libertad, la polarizaci\u00f3n de un pa\u00eds y la justicia chilena. Los largometrajes seleccionados son<strong> \u201cEl que Baila Pasa\u201d del director Carlos Araya D\u00edaz, \u201cIsla Alien\u201d de Crist\u00f3bal Valenzuela, \u201cLas Dem\u00e1s\u201d de Alexandra Hyland, \u201cMalqueridas\u201d de Tana Gilbert, \u201cMuertes y Maravillas\u201d de Diego Soto y \u201cPenal Cordillera\u201d de Felipe Carmona<\/strong>. Los <strong>8 cortometrajes <\/strong>que estar\u00e1n compitiendo por ganar la <strong>\u201cCamar\u00f3grafa de \u00d1uble\u201d,<\/strong> premio tradicional del festival, abordan tem\u00e1ticas desde la inmigraci\u00f3n, <strong>contenido LGBTIQ+,<\/strong> cruces entre la realidad y la ficci\u00f3n, la rebeld\u00eda, pero tambi\u00e9n lo experimental, la b\u00fasqueda de la verdad, el v\u00ednculo ineludible entre el pasado y el presente, y la transformaci\u00f3n de quien repara sus heridas m\u00e1s \u00edntimas, dando cuenta de una variada y diversa programaci\u00f3n para su quinta versi\u00f3n.<\/p>\n\n\n\n<figure class=\"wp-block-image alignleft size-large is-resized\"><img loading=\"lazy\" decoding=\"async\" width=\"663\" height=\"1024\" src=\"https:\/\/temucotelevision.cl\/web\/wp-content\/uploads\/2024\/01\/Afiche_RGB-663x1024.jpg\" alt=\"\" class=\"wp-image-47225\" style=\"width:372px;height:auto\" srcset=\"https:\/\/temucotelevision.cl\/web\/wp-content\/uploads\/2024\/01\/Afiche_RGB-663x1024.jpg 663w, https:\/\/temucotelevision.cl\/web\/wp-content\/uploads\/2024\/01\/Afiche_RGB-768x1187.jpg 768w, https:\/\/temucotelevision.cl\/web\/wp-content\/uploads\/2024\/01\/Afiche_RGB-994x1536.jpg 994w, https:\/\/temucotelevision.cl\/web\/wp-content\/uploads\/2024\/01\/Afiche_RGB-1325x2048.jpg 1325w, https:\/\/temucotelevision.cl\/web\/wp-content\/uploads\/2024\/01\/Afiche_RGB.jpg 1650w\" sizes=\"auto, (max-width: 663px) 100vw, 663px\" \/><\/figure>\n\n\n\n<p>La selecci\u00f3n consiste de <strong>\u201cAlien 0089\u201d de la directora Valeria Hofmann, \u201cCuarto de Hora\u201d de Nemo Arancibia, \u201cEl Personaje\u201d de Samuel Gonz\u00e1lez, \u201cMeditaciones sobre el Silencio\u201d de Sebasti\u00e1n Quiroz, \u201cPr\u00f3logo de un Cuento\u201d de Ashley Salman, \u201cVitanuova\u201d de Niles Atallah, \u201cVoces Apagadas\u201d de Ivana R. Montalva y \u201cYaya\u201d de Leticia Akel Esc\u00e1rate<\/strong>. La exhibici\u00f3n de su competencia anual se realiza en la <strong>Gran Sala del Teatro Municipal de Chill\u00e1n,<\/strong> espacio que se acondiciona cada verano, para recibir a los cientos de espectadores con los m\u00e1s altos est\u00e1ndares cinematogr\u00e1ficos, con un sistema de imagen <strong>DCP y uno de sonido 5.1,<\/strong> convocando a la comunidad a una experiencia envolvente gracias a la t\u00e9cnica y apoyo del <strong>Centro de Promoci\u00f3n Cinematogr\u00e1fica de Valdivia (CPCV).<\/strong>\u00a0<\/p>\n\n\n\n<p>Podr\u00e1s disfrutar de todas estas pel\u00edculas de forma gratuita desde e<strong>l 9 al 14 de enero de 2024 durante la quinta versi\u00f3n del Festival de Cine Nacional de \u00d1uble<\/strong>, en su sede principal y en las comunas aleda\u00f1as. El festival, evento cultural \u00fanico en la regi\u00f3n, se transforma en un puente entre la comunidad de<strong> \u00d1uble <\/strong>y los cineastas, actrices, actores, productoras y productores m\u00e1s destacados de la industria audiovisual chilena, con actividades gratuitas y abiertas al p\u00fablico, aportando a la descentralizaci\u00f3n del cine nacional y acercando a las comunas de<strong> \u00d1uble <\/strong>las mejores pel\u00edculas del a\u00f1o, cada a\u00f1o.<\/p>\n\n\n\n<p><strong>Novedades<\/strong><\/p>\n\n\n\n<p>Como cada a\u00f1o, el festival apunta a seguir creciendo en actividades y p\u00fablico, generando estrategias atractivas y novedosas para captar nuevas audiencias. Dentro las novedades de este a\u00f1o y tras una exitosa convocatoria, vuelve la Universidad del Cine, iniciativa que llega a suplir una gran necesidad en la regi\u00f3n por instancias formativas con est\u00e1ndares profesionales ante la ausencia de una carrera profesional en torno al audiovisual. Se crea Filma en <strong>\u00d1uble,<\/strong> un encuentro de actores estrat\u00e9gicos de la industria audiovisual nacional e internacional, con instituciones p\u00fablicas y privadas que tiene por objetivo concientizar y capacitar al ecosistema local sobre las oportunidades de activaci\u00f3n econ\u00f3mica y tur\u00edstica que puede generar el desarrollo de producciones audiovisuales en el territorio. La invitaci\u00f3n es a formar parte de esta nueva versi\u00f3n que busca celebrar los<strong> 5 a\u00f1os<\/strong> del <strong>Festival de Cine Nacional de \u00d1uble <\/strong>a lo largo de toda la regi\u00f3n.<\/p>\n\n\n\n<p><\/p>\n","protected":false},"excerpt":{"rendered":"<div class=\"pvc_clear\"><\/div>\n<p id=\"pvc_stats_47221\" class=\"pvc_stats total_only  \" data-element-id=\"47221\" style=\"\"><i class=\"pvc-stats-icon large\" aria-hidden=\"true\"><svg aria-hidden=\"true\" focusable=\"false\" data-prefix=\"far\" data-icon=\"chart-bar\" role=\"img\" xmlns=\"http:\/\/www.w3.org\/2000\/svg\" viewBox=\"0 0 512 512\" class=\"svg-inline--fa fa-chart-bar fa-w-16 fa-2x\"><path fill=\"currentColor\" d=\"M396.8 352h22.4c6.4 0 12.8-6.4 12.8-12.8V108.8c0-6.4-6.4-12.8-12.8-12.8h-22.4c-6.4 0-12.8 6.4-12.8 12.8v230.4c0 6.4 6.4 12.8 12.8 12.8zm-192 0h22.4c6.4 0 12.8-6.4 12.8-12.8V140.8c0-6.4-6.4-12.8-12.8-12.8h-22.4c-6.4 0-12.8 6.4-12.8 12.8v198.4c0 6.4 6.4 12.8 12.8 12.8zm96 0h22.4c6.4 0 12.8-6.4 12.8-12.8V204.8c0-6.4-6.4-12.8-12.8-12.8h-22.4c-6.4 0-12.8 6.4-12.8 12.8v134.4c0 6.4 6.4 12.8 12.8 12.8zM496 400H48V80c0-8.84-7.16-16-16-16H16C7.16 64 0 71.16 0 80v336c0 17.67 14.33 32 32 32h464c8.84 0 16-7.16 16-16v-16c0-8.84-7.16-16-16-16zm-387.2-48h22.4c6.4 0 12.8-6.4 12.8-12.8v-70.4c0-6.4-6.4-12.8-12.8-12.8h-22.4c-6.4 0-12.8 6.4-12.8 12.8v70.4c0 6.4 6.4 12.8 12.8 12.8z\" class=\"\"><\/path><\/svg><\/i> <img loading=\"lazy\" decoding=\"async\" width=\"16\" height=\"16\" alt=\"Loading\" src=\"https:\/\/temucotelevision.cl\/web\/wp-content\/plugins\/page-views-count\/ajax-loader-2x.gif\" border=0 \/><\/p>\n<div class=\"pvc_clear\"><\/div>\n<p>A menos de un mes del inicio de su quinta versi\u00f3n, el Festival de Cine Nacional de \u00d1uble anuncia la<\/p>\n","protected":false},"author":143,"featured_media":47222,"comment_status":"open","ping_status":"open","sticky":false,"template":"","format":"standard","meta":{"colormag_page_container_layout":"default_layout","colormag_page_sidebar_layout":"default_layout","footnotes":""},"categories":[18,86],"tags":[],"class_list":["post-47221","post","type-post","status-publish","format-standard","has-post-thumbnail","hentry","category-nacional","category-panoramas"],"a3_pvc":{"activated":true,"total_views":92,"today_views":0},"_links":{"self":[{"href":"https:\/\/temucotelevision.cl\/web\/wp-json\/wp\/v2\/posts\/47221","targetHints":{"allow":["GET"]}}],"collection":[{"href":"https:\/\/temucotelevision.cl\/web\/wp-json\/wp\/v2\/posts"}],"about":[{"href":"https:\/\/temucotelevision.cl\/web\/wp-json\/wp\/v2\/types\/post"}],"author":[{"embeddable":true,"href":"https:\/\/temucotelevision.cl\/web\/wp-json\/wp\/v2\/users\/143"}],"replies":[{"embeddable":true,"href":"https:\/\/temucotelevision.cl\/web\/wp-json\/wp\/v2\/comments?post=47221"}],"version-history":[{"count":3,"href":"https:\/\/temucotelevision.cl\/web\/wp-json\/wp\/v2\/posts\/47221\/revisions"}],"predecessor-version":[{"id":47227,"href":"https:\/\/temucotelevision.cl\/web\/wp-json\/wp\/v2\/posts\/47221\/revisions\/47227"}],"wp:featuredmedia":[{"embeddable":true,"href":"https:\/\/temucotelevision.cl\/web\/wp-json\/wp\/v2\/media\/47222"}],"wp:attachment":[{"href":"https:\/\/temucotelevision.cl\/web\/wp-json\/wp\/v2\/media?parent=47221"}],"wp:term":[{"taxonomy":"category","embeddable":true,"href":"https:\/\/temucotelevision.cl\/web\/wp-json\/wp\/v2\/categories?post=47221"},{"taxonomy":"post_tag","embeddable":true,"href":"https:\/\/temucotelevision.cl\/web\/wp-json\/wp\/v2\/tags?post=47221"}],"curies":[{"name":"wp","href":"https:\/\/api.w.org\/{rel}","templated":true}]}}