{"id":47219,"date":"2024-01-02T12:34:13","date_gmt":"2024-01-02T15:34:13","guid":{"rendered":"https:\/\/temucotelevision.cl\/web\/?p=47219"},"modified":"2024-01-02T12:34:15","modified_gmt":"2024-01-02T15:34:15","slug":"inspectores-municipales-se-preparan-para-desplazar-el-comercio-ambulante-ilegal-de-temuco","status":"publish","type":"post","link":"https:\/\/temucotelevision.cl\/web\/2024\/01\/02\/inspectores-municipales-se-preparan-para-desplazar-el-comercio-ambulante-ilegal-de-temuco\/","title":{"rendered":"Inspectores municipales se preparan para desplazar el comercio ambulante ilegal de Temuco"},"content":{"rendered":"<div class=\"pvc_clear\"><\/div><p id=\"pvc_stats_47219\" class=\"pvc_stats total_only  \" data-element-id=\"47219\" style=\"\"><i class=\"pvc-stats-icon large\" aria-hidden=\"true\"><svg aria-hidden=\"true\" focusable=\"false\" data-prefix=\"far\" data-icon=\"chart-bar\" role=\"img\" xmlns=\"http:\/\/www.w3.org\/2000\/svg\" viewBox=\"0 0 512 512\" class=\"svg-inline--fa fa-chart-bar fa-w-16 fa-2x\"><path fill=\"currentColor\" d=\"M396.8 352h22.4c6.4 0 12.8-6.4 12.8-12.8V108.8c0-6.4-6.4-12.8-12.8-12.8h-22.4c-6.4 0-12.8 6.4-12.8 12.8v230.4c0 6.4 6.4 12.8 12.8 12.8zm-192 0h22.4c6.4 0 12.8-6.4 12.8-12.8V140.8c0-6.4-6.4-12.8-12.8-12.8h-22.4c-6.4 0-12.8 6.4-12.8 12.8v198.4c0 6.4 6.4 12.8 12.8 12.8zm96 0h22.4c6.4 0 12.8-6.4 12.8-12.8V204.8c0-6.4-6.4-12.8-12.8-12.8h-22.4c-6.4 0-12.8 6.4-12.8 12.8v134.4c0 6.4 6.4 12.8 12.8 12.8zM496 400H48V80c0-8.84-7.16-16-16-16H16C7.16 64 0 71.16 0 80v336c0 17.67 14.33 32 32 32h464c8.84 0 16-7.16 16-16v-16c0-8.84-7.16-16-16-16zm-387.2-48h22.4c6.4 0 12.8-6.4 12.8-12.8v-70.4c0-6.4-6.4-12.8-12.8-12.8h-22.4c-6.4 0-12.8 6.4-12.8 12.8v70.4c0 6.4 6.4 12.8 12.8 12.8z\" class=\"\"><\/path><\/svg><\/i> <img loading=\"lazy\" decoding=\"async\" width=\"16\" height=\"16\" alt=\"Loading\" src=\"https:\/\/temucotelevision.cl\/web\/wp-content\/plugins\/page-views-count\/ajax-loader-2x.gif\" border=0 \/><\/p><div class=\"pvc_clear\"><\/div>\n<p>La liberaci\u00f3n de calle Montt del comercio informal no es fortuita, ya que los funcionarios fueron capacitados por expertos en materias como control de masas y recuperaci\u00f3n del espacio p\u00fablico._<\/p>\n\n\n\n<p>El positivo balance que est\u00e1 arrojando la Estrategia Integral de Seguridad contemplada dentro del \u201cM\u00e9todo Neira: seguridad para las personas\u201d en 2023, no s\u00f3lo se evidencia a trav\u00e9s de la prevenci\u00f3n de la comisi\u00f3n de delitos en Temuco ni con los m\u00e1s de 120 detenidos desde el 1 de agosto de este a\u00f1o, sino que tambi\u00e9n se grafica con el desplazamiento de vendedores ilegales que se hab\u00eda apoderado de las veredas del centro de la capital regional.<\/p>\n\n\n\n<p>Sin embargo, los resultados que estan a la vista de todos y todas, no son casualidad y es producto de una planificaci\u00f3n, coordinaci\u00f3n y preparaci\u00f3n de nuestros funcionarios municipales que fueron entrenados durante semanas bajo duras condiciones clim\u00e1ticas, escenarios desafiantes y con profesionales en control del orden en espacios p\u00fablicos que pusieron a prueba su fortaleza psicol\u00f3gica y emocional en contextos de distriburbios.<\/p>\n\n\n\n<p>La preparaci\u00f3n titulada como \u201cCapacitaci\u00f3n t\u00e9cnica y t\u00e1ctica en contexto de multitud\u201d, tuvo como finalidad que los inspectores de la direcci\u00f3n de Seguridad P\u00fablica de la municipalidad de Temuco, fortalecieran sus capacidades y su desempe\u00f1o profesional, incrementando el conocimiento en aspectos legales del orden p\u00fablico, como asimismo, ampliando el dominio en el desarrollo de diferentes formaciones, t\u00e9cnicas y t\u00e1cticas mientras Carabineros resguarda el orden p\u00fablico con un estricto apego a normas internacionales de Derechos Humanos para poder lograr el objetivo de recuperar los espacios p\u00fablicos de la capital regional.<\/p>\n\n\n\n<p>Los fiscalizadores fueron preparados para enfrentar, contener y controlar situaciones complejas, en escenarios donde individuos (muchos de ellos infractores de ley con antecedentes penales por delitos de alta connotaci\u00f3n) escud\u00e1ndose en el comercio ambulante ilegal, se resisten a cumplir las ordenanzas municipales y deciden optar por el camino de la violencia para enfrentar la autoridad, generando desmanes y des\u00f3rdenes p\u00fablicos.<\/p>\n\n\n\n<p>Todos los esfuerzos apuntan a continuar trabajando para tener espacios p\u00fablicos despejados para que los temuquenses puedan caminar con mayor tranquilidad y garant\u00edas de seguridad. Somos cautos: no ser\u00e1 f\u00e1cil ni de la noche a la ma\u00f1ana pero sin duda alguna, en seguridad p\u00fablica, Temuco sigue avanzando.<\/p>\n","protected":false},"excerpt":{"rendered":"<div class=\"pvc_clear\"><\/div>\n<p id=\"pvc_stats_47219\" class=\"pvc_stats total_only  \" data-element-id=\"47219\" style=\"\"><i class=\"pvc-stats-icon large\" aria-hidden=\"true\"><svg aria-hidden=\"true\" focusable=\"false\" data-prefix=\"far\" data-icon=\"chart-bar\" role=\"img\" xmlns=\"http:\/\/www.w3.org\/2000\/svg\" viewBox=\"0 0 512 512\" class=\"svg-inline--fa fa-chart-bar fa-w-16 fa-2x\"><path fill=\"currentColor\" d=\"M396.8 352h22.4c6.4 0 12.8-6.4 12.8-12.8V108.8c0-6.4-6.4-12.8-12.8-12.8h-22.4c-6.4 0-12.8 6.4-12.8 12.8v230.4c0 6.4 6.4 12.8 12.8 12.8zm-192 0h22.4c6.4 0 12.8-6.4 12.8-12.8V140.8c0-6.4-6.4-12.8-12.8-12.8h-22.4c-6.4 0-12.8 6.4-12.8 12.8v198.4c0 6.4 6.4 12.8 12.8 12.8zm96 0h22.4c6.4 0 12.8-6.4 12.8-12.8V204.8c0-6.4-6.4-12.8-12.8-12.8h-22.4c-6.4 0-12.8 6.4-12.8 12.8v134.4c0 6.4 6.4 12.8 12.8 12.8zM496 400H48V80c0-8.84-7.16-16-16-16H16C7.16 64 0 71.16 0 80v336c0 17.67 14.33 32 32 32h464c8.84 0 16-7.16 16-16v-16c0-8.84-7.16-16-16-16zm-387.2-48h22.4c6.4 0 12.8-6.4 12.8-12.8v-70.4c0-6.4-6.4-12.8-12.8-12.8h-22.4c-6.4 0-12.8 6.4-12.8 12.8v70.4c0 6.4 6.4 12.8 12.8 12.8z\" class=\"\"><\/path><\/svg><\/i> <img loading=\"lazy\" decoding=\"async\" width=\"16\" height=\"16\" alt=\"Loading\" src=\"https:\/\/temucotelevision.cl\/web\/wp-content\/plugins\/page-views-count\/ajax-loader-2x.gif\" border=0 \/><\/p>\n<div class=\"pvc_clear\"><\/div>\n<p>La liberaci\u00f3n de calle Montt del comercio informal no es fortuita, ya que los funcionarios fueron capacitados por expertos en<\/p>\n","protected":false},"author":1,"featured_media":47218,"comment_status":"open","ping_status":"open","sticky":false,"template":"","format":"standard","meta":{"colormag_page_container_layout":"default_layout","colormag_page_sidebar_layout":"default_layout","footnotes":""},"categories":[15],"tags":[605],"class_list":["post-47219","post","type-post","status-publish","format-standard","has-post-thumbnail","hentry","category-la-araucania","tag-comercio"],"a3_pvc":{"activated":true,"total_views":6164,"today_views":0},"_links":{"self":[{"href":"https:\/\/temucotelevision.cl\/web\/wp-json\/wp\/v2\/posts\/47219","targetHints":{"allow":["GET"]}}],"collection":[{"href":"https:\/\/temucotelevision.cl\/web\/wp-json\/wp\/v2\/posts"}],"about":[{"href":"https:\/\/temucotelevision.cl\/web\/wp-json\/wp\/v2\/types\/post"}],"author":[{"embeddable":true,"href":"https:\/\/temucotelevision.cl\/web\/wp-json\/wp\/v2\/users\/1"}],"replies":[{"embeddable":true,"href":"https:\/\/temucotelevision.cl\/web\/wp-json\/wp\/v2\/comments?post=47219"}],"version-history":[{"count":1,"href":"https:\/\/temucotelevision.cl\/web\/wp-json\/wp\/v2\/posts\/47219\/revisions"}],"predecessor-version":[{"id":47220,"href":"https:\/\/temucotelevision.cl\/web\/wp-json\/wp\/v2\/posts\/47219\/revisions\/47220"}],"wp:featuredmedia":[{"embeddable":true,"href":"https:\/\/temucotelevision.cl\/web\/wp-json\/wp\/v2\/media\/47218"}],"wp:attachment":[{"href":"https:\/\/temucotelevision.cl\/web\/wp-json\/wp\/v2\/media?parent=47219"}],"wp:term":[{"taxonomy":"category","embeddable":true,"href":"https:\/\/temucotelevision.cl\/web\/wp-json\/wp\/v2\/categories?post=47219"},{"taxonomy":"post_tag","embeddable":true,"href":"https:\/\/temucotelevision.cl\/web\/wp-json\/wp\/v2\/tags?post=47219"}],"curies":[{"name":"wp","href":"https:\/\/api.w.org\/{rel}","templated":true}]}}